{"id":6599,"date":"2024-10-29T19:26:24","date_gmt":"2024-10-29T18:26:24","guid":{"rendered":"https:\/\/www.arth-online.ch\/svp\/?p=6599"},"modified":"2024-10-29T19:26:24","modified_gmt":"2024-10-29T18:26:24","slug":"bundesasylzentren-chance-oder-gefahr-fuer-eine-gemeinde","status":"publish","type":"post","link":"https:\/\/www.arth-online.ch\/svp\/bundesasylzentren-chance-oder-gefahr-fuer-eine-gemeinde\/","title":{"rendered":"Bundesasylzentren: Chance oder Gefahr f\u00fcr eine Gemeinde?"},"content":{"rendered":"<p><strong>Podiumsdiskussion der SVP Arth-Oberarth-Goldau<\/strong><\/p>\n<h3>Freitag, 8. November, Beginn 19 Uhr<br \/>\nT\u00fcr\u00f6ffnung 18.30 Uhr<br \/>\nAula Zwygarten Arth<\/h3>\n<p><strong>G\u00e4ste:<\/strong><br \/>\n&#8211; Staatssekret\u00e4rin Christine Schraner Burgener, Vorsteherin SEM<br \/>\n&#8211; Nationalrat Roman B\u00fcrgi<\/p>\n<p><strong>Moderation:<\/strong><br \/>\nDr. J\u00fcrg Auf der Maur, Chefreporter Politik \u00abBote der Urschweiz\u00bb<\/p>\n<p>Staatssekret\u00e4rin Christine Schraner Burgener debattiert als Vorsteherin des SEM<br \/>\nmit SVP-Nationalrat Roman B\u00fcrgi.<\/p>\n<p>Kommen Sie vorbei und informieren sich aus erster Hand \u00fcber die Chancen und Gefahren eines Bundesasvlzentrums f\u00fcr die betroffene Standort-Gemeinde.<\/p>\n<p><a href=\"http:\/\/www.arth-online.ch\/svp\/wp-content\/uploads\/sites\/2\/2024\/10\/WhatsApp-Image-2024-10-28-at-18.13.23.jpeg\"><img loading=\"lazy\" decoding=\"async\" src=\"http:\/\/www.arth-online.ch\/svp\/wp-content\/uploads\/sites\/2\/2024\/10\/WhatsApp-Image-2024-10-28-at-18.13.23-1024x782.jpeg\" alt=\"\" width=\"840\" height=\"641\" class=\"alignleft size-large wp-image-6600\" srcset=\"https:\/\/www.arth-online.ch\/svp\/wp-content\/uploads\/sites\/2\/2024\/10\/WhatsApp-Image-2024-10-28-at-18.13.23-1024x782.jpeg 1024w, https:\/\/www.arth-online.ch\/svp\/wp-content\/uploads\/sites\/2\/2024\/10\/WhatsApp-Image-2024-10-28-at-18.13.23-300x229.jpeg 300w, https:\/\/www.arth-online.ch\/svp\/wp-content\/uploads\/sites\/2\/2024\/10\/WhatsApp-Image-2024-10-28-at-18.13.23-768x587.jpeg 768w, https:\/\/www.arth-online.ch\/svp\/wp-content\/uploads\/sites\/2\/2024\/10\/WhatsApp-Image-2024-10-28-at-18.13.23-1536x1173.jpeg 1536w, https:\/\/www.arth-online.ch\/svp\/wp-content\/uploads\/sites\/2\/2024\/10\/WhatsApp-Image-2024-10-28-at-18.13.23-1200x916.jpeg 1200w, https:\/\/www.arth-online.ch\/svp\/wp-content\/uploads\/sites\/2\/2024\/10\/WhatsApp-Image-2024-10-28-at-18.13.23.jpeg 2048w\" sizes=\"auto, (max-width: 709px) 85vw, (max-width: 909px) 67vw, (max-width: 1362px) 62vw, 840px\" \/><\/a><\/p>\n","protected":false},"excerpt":{"rendered":"<p>Podiumsdiskussion der SVP Arth-Oberarth-Goldau Freitag, 8. November, Beginn 19 Uhr T\u00fcr\u00f6ffnung 18.30 Uhr Aula Zwygarten Arth G\u00e4ste: &#8211; Staatssekret\u00e4rin Christine Schraner Burgener, Vorsteherin SEM &#8211; Nationalrat Roman B\u00fcrgi Moderation: Dr. &hellip; <a href=\"https:\/\/www.arth-online.ch\/svp\/bundesasylzentren-chance-oder-gefahr-fuer-eine-gemeinde\/\" class=\"more-link\"><span class=\"screen-reader-text\">\u201eBundesasylzentren: Chance oder Gefahr f\u00fcr eine Gemeinde?\u201c <\/span>weiterlesen<\/a><\/p>\n","protected":false},"author":1,"featured_media":0,"comment_status":"open","ping_status":"open","sticky":false,"template":"","format":"standard","meta":{"ngg_post_thumbnail":0,"footnotes":"","_links_to":"","_links_to_target":""},"categories":[1],"tags":[],"class_list":["post-6599","post","type-post","status-publish","format-standard","hentry","category-allgemein"],"distributor_meta":false,"distributor_terms":false,"distributor_media":false,"distributor_original_site_name":"SVP Arth-Oberarth-Goldau","distributor_original_site_url":"https:\/\/www.arth-online.ch\/svp","push-errors":false,"_links":{"self":[{"href":"https:\/\/www.arth-online.ch\/svp\/wp-json\/wp\/v2\/posts\/6599","targetHints":{"allow":["GET"]}}],"collection":[{"href":"https:\/\/www.arth-online.ch\/svp\/wp-json\/wp\/v2\/posts"}],"about":[{"href":"https:\/\/www.arth-online.ch\/svp\/wp-json\/wp\/v2\/types\/post"}],"author":[{"embeddable":true,"href":"https:\/\/www.arth-online.ch\/svp\/wp-json\/wp\/v2\/users\/1"}],"replies":[{"embeddable":true,"href":"https:\/\/www.arth-online.ch\/svp\/wp-json\/wp\/v2\/comments?post=6599"}],"version-history":[{"count":1,"href":"https:\/\/www.arth-online.ch\/svp\/wp-json\/wp\/v2\/posts\/6599\/revisions"}],"predecessor-version":[{"id":6601,"href":"https:\/\/www.arth-online.ch\/svp\/wp-json\/wp\/v2\/posts\/6599\/revisions\/6601"}],"wp:attachment":[{"href":"https:\/\/www.arth-online.ch\/svp\/wp-json\/wp\/v2\/media?parent=6599"}],"wp:term":[{"taxonomy":"category","embeddable":true,"href":"https:\/\/www.arth-online.ch\/svp\/wp-json\/wp\/v2\/categories?post=6599"},{"taxonomy":"post_tag","embeddable":true,"href":"https:\/\/www.arth-online.ch\/svp\/wp-json\/wp\/v2\/tags?post=6599"}],"curies":[{"name":"wp","href":"https:\/\/api.w.org\/{rel}","templated":true}]}}