{"id":6500,"date":"2024-03-18T11:11:55","date_gmt":"2024-03-18T10:11:55","guid":{"rendered":"https:\/\/www.arth-online.ch\/svp\/?p=6500"},"modified":"2024-03-18T11:11:55","modified_gmt":"2024-03-18T10:11:55","slug":"svp-blickt-auf-erfolgreiche-wahlen-zurueck","status":"publish","type":"post","link":"https:\/\/www.arth-online.ch\/svp\/svp-blickt-auf-erfolgreiche-wahlen-zurueck\/","title":{"rendered":"SVP blickt auf erfolgreiche Wahlen zur\u00fcck"},"content":{"rendered":"<p>Medienmitteilung<\/p>\n<p><strong style=\"font-size:125%\">Die Schwyzer SVP blickt an Ihrer Generalversammlung vom 12. M\u00e4rz 2024 auf die \u00e4usserst erfolgreichen Wahlen zur\u00fcck. Neu ist die Schweizerische Volkspartei n\u00e4mlich mit 38 Mitgliedern im Kantonsrat vertreten, dazu konnten die drei Sitze im Regierungsrat erfolgreich verteidigt werden.<\/strong><\/p>\n<figure id=\"attachment_6501\" aria-describedby=\"caption-attachment-6501\" style=\"width: 720px\" class=\"wp-caption alignnone\"><img loading=\"lazy\" decoding=\"async\" src=\"http:\/\/www.arth-online.ch\/svp\/wp-content\/uploads\/sites\/2\/2024\/03\/20240312-neue_mitglieder_fraktion_2024-28.jpg\" alt=\"\" width=\"720\" height=\"405\" class=\"size-full wp-image-6501\" srcset=\"https:\/\/www.arth-online.ch\/svp\/wp-content\/uploads\/sites\/2\/2024\/03\/20240312-neue_mitglieder_fraktion_2024-28.jpg 720w, https:\/\/www.arth-online.ch\/svp\/wp-content\/uploads\/sites\/2\/2024\/03\/20240312-neue_mitglieder_fraktion_2024-28-300x169.jpg 300w\" sizes=\"auto, (max-width: 709px) 85vw, (max-width: 909px) 67vw, (max-width: 984px) 61vw, (max-width: 1362px) 45vw, 600px\" \/><figcaption id=\"caption-attachment-6501\" class=\"wp-caption-text\">Die an der Generalversammlung anwesenden und 2024 neu gew\u00e4hlten Kantonsr\u00e4te der Schwyzer SVP<\/figcaption><\/figure>\n<p>Parteipr\u00e4sident und Nationalrat Roman B\u00fcrgi er\u00f6ffnete die Generalversammlung der SVP Kanton Schwyz mit \u00fcber 100 anwesenden Mitgliedern im Hotel Drei K\u00f6nige in Einsiedeln. In seinem R\u00fcckblick auf das vergangene Jahr w\u00fcrdigte B\u00fcrgi die engagierte Arbeit der SVP-Ortssektionen in einem ereignisreichen Jahr, welches von den eidgen\u00f6ssischen und kantonalen Erneuerungswahlen gepr\u00e4gt war. Die hartn\u00e4ckige Arbeit und der immense Einsatz zugunsten der Bev\u00f6lkerung waren letztendlich auch ausschlaggebend f\u00fcr das grosse Vertrauen, das die Schwyzer W\u00e4hlerschaft der SVP entgegengebracht hat. Mit einem W\u00e4hleranteil von \u00fcber 38 Prozent bei den letzten kantonalen Wahlen konnte die SVP ein historisches Bestresultat erzielen. Zudem gelang es der Partei, ihre drei Sitze im Regierungsrat erfolgreich zu verteidigen.<\/p>\n<p>Nach dem Jahresbericht des Pr\u00e4sidenten Roman B\u00fcrgi erl\u00e4uterte Fraktionspr\u00e4sident Manuel M\u00e4chler die Ereignisse des vergangenen Jahres im Schwyzer Kantonsrat. Erfreulicherweise wurde die Arther Kantonsr\u00e4tin Heimgard Vollenweider seit dem vergangenen Jahr neu als Ersatzstimmenz\u00e4hlerin eingesetzt. Besonders hervorzuheben ist aber auch die bevorstehende Wahl von Kantonsrat Max Helbling zum voraussichtlichen neuen Kantonsratspr\u00e4sidenten im kommenden Sommer. Des Weiteren nehmen verschiedene bedeutende Infrastrukturprojekte endlich Fahrt auf, insbesondere durch das Engagement des \u00e4usserst aktiven SVP-Regierungsrats und Landammanns Andr\u00e9 R\u00fcegsegger, der nun weitere vier Jahre im Baudepartement verantwortungsvoll agieren wird.<\/p>\n<p>Dennoch bleibt das starke Stellenwachstum in der kantonalen Verwaltung ein anhaltendes Anliegen der SVP-Fraktion. Mit bereits \u00fcber 1\u2019700 Mitarbeitern ist die kantonale Verwaltung der bei weitem gr\u00f6sste Arbeitgeber im Kanton. Trotz verschiedener Bem\u00fchungen, die B\u00fcrokratie und das Verwaltungswachstum einzud\u00e4mmen, wird die SVP von den anderen Parteien oft allein gelassen. In die neue Legislatur darf die Partei mit einer starken 38-k\u00f6pfigen Fraktion starten. Die SVP ist dankbar f\u00fcr das grosse Vertrauen der Stimmbev\u00f6lkerung und m\u00f6chte die Chance nutzen, um die SVP-Politik im Kanton Schwyz noch st\u00e4rker voranzutreiben.<\/p>\n<p>Zum Abschluss der Versammlung wurde Max Helbling f\u00fcr seine langj\u00e4hrige Arbeit als scheidender Vizepr\u00e4sident der Kantonalpartei gew\u00fcrdigt. Neu in das Amt des Vizepr\u00e4sidenten gew\u00e4hlt wurde Lukas-Fritz H\u00fcppin aus Wangen. Ebenfalls wurden Wendelin Schelbert als Wahlkampfleiter und Samuel L\u00fctolf, der den Wahlkampf als politischer Sekret\u00e4r sehr aktiv unterst\u00fctzte, f\u00fcr ihre erfolgreiche Arbeit bei den vergangenen eidgen\u00f6ssischen und kantonalen Wahlen verdankt.<\/p>\n","protected":false},"excerpt":{"rendered":"<p>Medienmitteilung Die Schwyzer SVP blickt an Ihrer Generalversammlung vom 12. M\u00e4rz 2024 auf die \u00e4usserst erfolgreichen Wahlen zur\u00fcck. Neu ist die Schweizerische Volkspartei n\u00e4mlich mit 38 Mitgliedern im Kantonsrat vertreten, &hellip; <a href=\"https:\/\/www.arth-online.ch\/svp\/svp-blickt-auf-erfolgreiche-wahlen-zurueck\/\" class=\"more-link\"><span class=\"screen-reader-text\">\u201eSVP blickt auf erfolgreiche Wahlen zur\u00fcck\u201c <\/span>weiterlesen<\/a><\/p>\n","protected":false},"author":1,"featured_media":0,"comment_status":"open","ping_status":"open","sticky":false,"template":"","format":"standard","meta":{"ngg_post_thumbnail":0,"footnotes":"","_links_to":"","_links_to_target":""},"categories":[6],"tags":[],"class_list":["post-6500","post","type-post","status-publish","format-standard","hentry","category-kantonalpartei"],"distributor_meta":false,"distributor_terms":false,"distributor_media":false,"distributor_original_site_name":"SVP Arth-Oberarth-Goldau","distributor_original_site_url":"https:\/\/www.arth-online.ch\/svp","push-errors":false,"_links":{"self":[{"href":"https:\/\/www.arth-online.ch\/svp\/wp-json\/wp\/v2\/posts\/6500","targetHints":{"allow":["GET"]}}],"collection":[{"href":"https:\/\/www.arth-online.ch\/svp\/wp-json\/wp\/v2\/posts"}],"about":[{"href":"https:\/\/www.arth-online.ch\/svp\/wp-json\/wp\/v2\/types\/post"}],"author":[{"embeddable":true,"href":"https:\/\/www.arth-online.ch\/svp\/wp-json\/wp\/v2\/users\/1"}],"replies":[{"embeddable":true,"href":"https:\/\/www.arth-online.ch\/svp\/wp-json\/wp\/v2\/comments?post=6500"}],"version-history":[{"count":1,"href":"https:\/\/www.arth-online.ch\/svp\/wp-json\/wp\/v2\/posts\/6500\/revisions"}],"predecessor-version":[{"id":6502,"href":"https:\/\/www.arth-online.ch\/svp\/wp-json\/wp\/v2\/posts\/6500\/revisions\/6502"}],"wp:attachment":[{"href":"https:\/\/www.arth-online.ch\/svp\/wp-json\/wp\/v2\/media?parent=6500"}],"wp:term":[{"taxonomy":"category","embeddable":true,"href":"https:\/\/www.arth-online.ch\/svp\/wp-json\/wp\/v2\/categories?post=6500"},{"taxonomy":"post_tag","embeddable":true,"href":"https:\/\/www.arth-online.ch\/svp\/wp-json\/wp\/v2\/tags?post=6500"}],"curies":[{"name":"wp","href":"https:\/\/api.w.org\/{rel}","templated":true}]}}