{"id":6426,"date":"2024-02-19T16:47:35","date_gmt":"2024-02-19T15:47:35","guid":{"rendered":"https:\/\/www.arth-online.ch\/svp\/?p=6426"},"modified":"2024-02-19T16:47:35","modified_gmt":"2024-02-19T15:47:35","slug":"standaktion-svp-arth-oberarth-goldau","status":"publish","type":"post","link":"https:\/\/www.arth-online.ch\/svp\/standaktion-svp-arth-oberarth-goldau\/","title":{"rendered":"Standaktion SVP Arth-Oberarth-Goldau"},"content":{"rendered":"<p><strong style=\"font-size:125%\">Ein Samstagmorgen f\u00fcr die Schweizer Neutralit\u00e4t und gegen den Gender-Wahn im Kanton Schwyz<\/strong><\/p>\n<figure id=\"attachment_6427\" aria-describedby=\"caption-attachment-6427\" style=\"width: 840px\" class=\"wp-caption alignnone\"><a href=\"http:\/\/www.arth-online.ch\/svp\/wp-content\/uploads\/sites\/2\/2024\/02\/20240216-standaktion_svp.jpg\"><img loading=\"lazy\" decoding=\"async\" src=\"http:\/\/www.arth-online.ch\/svp\/wp-content\/uploads\/sites\/2\/2024\/02\/20240216-standaktion_svp-1024x928.jpg\" alt=\"\" width=\"840\" height=\"761\" class=\"size-large wp-image-6427\" srcset=\"https:\/\/www.arth-online.ch\/svp\/wp-content\/uploads\/sites\/2\/2024\/02\/20240216-standaktion_svp-1024x928.jpg 1024w, https:\/\/www.arth-online.ch\/svp\/wp-content\/uploads\/sites\/2\/2024\/02\/20240216-standaktion_svp-300x272.jpg 300w, https:\/\/www.arth-online.ch\/svp\/wp-content\/uploads\/sites\/2\/2024\/02\/20240216-standaktion_svp-768x696.jpg 768w, https:\/\/www.arth-online.ch\/svp\/wp-content\/uploads\/sites\/2\/2024\/02\/20240216-standaktion_svp-1536x1392.jpg 1536w, https:\/\/www.arth-online.ch\/svp\/wp-content\/uploads\/sites\/2\/2024\/02\/20240216-standaktion_svp-1200x1088.jpg 1200w, https:\/\/www.arth-online.ch\/svp\/wp-content\/uploads\/sites\/2\/2024\/02\/20240216-standaktion_svp.jpg 1654w\" sizes=\"auto, (max-width: 709px) 85vw, (max-width: 909px) 67vw, (max-width: 1362px) 62vw, 840px\" \/><\/a><figcaption id=\"caption-attachment-6427\" class=\"wp-caption-text\">Die Kantonsratskandidaten der SVP Arth-Oberarth-Goldau im Einsatz, v.l.n.r.: J\u00fcrg H\u00fcbscher, Beatrice Inderbitzin, Christian Inderbitzin, KR Heimgard Vollenweider, Mattia Mettler und Katja Maria Cupa. Auf dem Bild fehlt KR Tony Ulrich.<br \/><\/figcaption><\/figure>\n<p>Am vergangenen Samstag, 16. Februar 2024, f\u00fchrte die SVP Arth-Oberarth-Goldau zwei Standaktionen in Arth und Goldau durch. Dabei konnten gute Gespr\u00e4che mit der Bev\u00f6lkerung gehalten, Unterschriften f\u00fcr die Schweizer Neutralit\u00e4t und gegen den Gender-Wahn im Kanton gesammelt und Feines aus der B\u00e4ckerei verteilt werden. Die Kantonsratskandidaten pr\u00e4sentierten sich dabei auch gleich und konnten so die finale Phase des Wahlkampfs einl\u00e4uten. <\/p>\n<p>Es zeigte sich einmal mehr: Die Einwohner der Gemeinde Arth haben genug von links-gr\u00fcnen Versprechungen, die nicht gehalten werden k\u00f6nnen und w\u00fcnschen sich eine st\u00e4rkere b\u00fcrgerliche Vertretung im Kantonsrat Schwyz. Mit der SVP Liste 4 sowie den drei Regierungsratskandidaten der SVP, Andr\u00e9 R\u00fcegsegger, Herbert Huwiler und Xaver Schuler kann man sich <a href=\"https:\/\/www.arth-online.ch\/svp\/wahlen\/wahlen-2024\/wahlen-3-maerz-2024\/\">am 3. M\u00e4rz f\u00fcr eine sichere Zukunft in Freiheit entscheiden<\/a>! <\/p>\n","protected":false},"excerpt":{"rendered":"<p>Ein Samstagmorgen f\u00fcr die Schweizer Neutralit\u00e4t und gegen den Gender-Wahn im Kanton Schwyz Am vergangenen Samstag, 16. Februar 2024, f\u00fchrte die SVP Arth-Oberarth-Goldau zwei Standaktionen in Arth und Goldau durch. &hellip; <a href=\"https:\/\/www.arth-online.ch\/svp\/standaktion-svp-arth-oberarth-goldau\/\" class=\"more-link\"><span class=\"screen-reader-text\">\u201eStandaktion SVP Arth-Oberarth-Goldau\u201c <\/span>weiterlesen<\/a><\/p>\n","protected":false},"author":1,"featured_media":0,"comment_status":"open","ping_status":"open","sticky":false,"template":"","format":"standard","meta":{"ngg_post_thumbnail":0,"footnotes":"","_links_to":"","_links_to_target":""},"categories":[1],"tags":[],"class_list":["post-6426","post","type-post","status-publish","format-standard","hentry","category-allgemein"],"distributor_meta":false,"distributor_terms":false,"distributor_media":false,"distributor_original_site_name":"SVP Arth-Oberarth-Goldau","distributor_original_site_url":"https:\/\/www.arth-online.ch\/svp","push-errors":false,"_links":{"self":[{"href":"https:\/\/www.arth-online.ch\/svp\/wp-json\/wp\/v2\/posts\/6426","targetHints":{"allow":["GET"]}}],"collection":[{"href":"https:\/\/www.arth-online.ch\/svp\/wp-json\/wp\/v2\/posts"}],"about":[{"href":"https:\/\/www.arth-online.ch\/svp\/wp-json\/wp\/v2\/types\/post"}],"author":[{"embeddable":true,"href":"https:\/\/www.arth-online.ch\/svp\/wp-json\/wp\/v2\/users\/1"}],"replies":[{"embeddable":true,"href":"https:\/\/www.arth-online.ch\/svp\/wp-json\/wp\/v2\/comments?post=6426"}],"version-history":[{"count":1,"href":"https:\/\/www.arth-online.ch\/svp\/wp-json\/wp\/v2\/posts\/6426\/revisions"}],"predecessor-version":[{"id":6428,"href":"https:\/\/www.arth-online.ch\/svp\/wp-json\/wp\/v2\/posts\/6426\/revisions\/6428"}],"wp:attachment":[{"href":"https:\/\/www.arth-online.ch\/svp\/wp-json\/wp\/v2\/media?parent=6426"}],"wp:term":[{"taxonomy":"category","embeddable":true,"href":"https:\/\/www.arth-online.ch\/svp\/wp-json\/wp\/v2\/categories?post=6426"},{"taxonomy":"post_tag","embeddable":true,"href":"https:\/\/www.arth-online.ch\/svp\/wp-json\/wp\/v2\/tags?post=6426"}],"curies":[{"name":"wp","href":"https:\/\/api.w.org\/{rel}","templated":true}]}}