{"id":6424,"date":"2024-02-13T11:59:04","date_gmt":"2024-02-13T10:59:04","guid":{"rendered":"https:\/\/www.arth-online.ch\/svp\/?p=6424"},"modified":"2024-02-13T11:59:04","modified_gmt":"2024-02-13T10:59:04","slug":"svp-kantonsratskandidaten-bi-de-luet-in-arth-goldau","status":"publish","type":"post","link":"https:\/\/www.arth-online.ch\/svp\/svp-kantonsratskandidaten-bi-de-luet-in-arth-goldau\/","title":{"rendered":"SVP-Kantonsratskandidaten bi de L\u00fct in Arth &#038; Goldau"},"content":{"rendered":"<p>Am kommenden <strong>Samstag, den 17. Februar 2024<\/strong>, haben Sie die Gelegenheit, die Kandidaten der SVP f\u00fcr den Kantonsrat pers\u00f6nlich kennenzulernen.<\/p>\n<p>Die zwei bisherigen Kantonsr\u00e4te Heimgard Vollenweider und Tony Ulrich sowie die neu zur Wahl antretenden Kandidaten Christian Inderbitzin, Mattia Mettler, Beatrice Inderbitzin, J\u00fcrg H\u00fcbscher und Katja Maria Cupa freuen sich auf spannende Gespr\u00e4che mit der Bev\u00f6lkerung.<\/p>\n<div class=\"wc-shortcodes-box wc-shortcodes-item wc-shortcodes-content wc-shortcodes-clearfix wc-shortcodes-box-secondary \" style=\"text-align:left;\">\n07.00 &#8211; 09.00 Uhr Rathausplatz Arth<br \/>\n09.15 &#8211; 11.30 Uhr Parkstrasse Goldau\n<\/div>\n<p><img loading=\"lazy\" decoding=\"async\" src=\"http:\/\/www.arth-online.ch\/svp\/wp-content\/uploads\/sites\/2\/2024\/01\/WhatsApp-Image-2024-01-23-at-08.45.25.jpeg\" alt=\"\" width=\"683\" height=\"820\" class=\"alignnone size-full wp-image-6361\" srcset=\"https:\/\/www.arth-online.ch\/svp\/wp-content\/uploads\/sites\/2\/2024\/01\/WhatsApp-Image-2024-01-23-at-08.45.25.jpeg 683w, https:\/\/www.arth-online.ch\/svp\/wp-content\/uploads\/sites\/2\/2024\/01\/WhatsApp-Image-2024-01-23-at-08.45.25-250x300.jpeg 250w\" sizes=\"auto, (max-width: 709px) 85vw, (max-width: 909px) 67vw, (max-width: 984px) 61vw, (max-width: 1362px) 45vw, 600px\" \/><\/p>\n","protected":false},"excerpt":{"rendered":"<p>Am kommenden Samstag, den 17. Februar 2024, haben Sie die Gelegenheit, die Kandidaten der SVP f\u00fcr den Kantonsrat pers\u00f6nlich kennenzulernen. Die zwei bisherigen Kantonsr\u00e4te Heimgard Vollenweider und Tony Ulrich sowie &hellip; <a href=\"https:\/\/www.arth-online.ch\/svp\/svp-kantonsratskandidaten-bi-de-luet-in-arth-goldau\/\" class=\"more-link\"><span class=\"screen-reader-text\">\u201eSVP-Kantonsratskandidaten bi de L\u00fct in Arth &#038; Goldau\u201c <\/span>weiterlesen<\/a><\/p>\n","protected":false},"author":1,"featured_media":0,"comment_status":"open","ping_status":"open","sticky":false,"template":"","format":"standard","meta":{"ngg_post_thumbnail":0,"footnotes":"","_links_to":"","_links_to_target":""},"categories":[1],"tags":[],"class_list":["post-6424","post","type-post","status-publish","format-standard","hentry","category-allgemein"],"distributor_meta":false,"distributor_terms":false,"distributor_media":false,"distributor_original_site_name":"SVP Arth-Oberarth-Goldau","distributor_original_site_url":"https:\/\/www.arth-online.ch\/svp","push-errors":false,"_links":{"self":[{"href":"https:\/\/www.arth-online.ch\/svp\/wp-json\/wp\/v2\/posts\/6424","targetHints":{"allow":["GET"]}}],"collection":[{"href":"https:\/\/www.arth-online.ch\/svp\/wp-json\/wp\/v2\/posts"}],"about":[{"href":"https:\/\/www.arth-online.ch\/svp\/wp-json\/wp\/v2\/types\/post"}],"author":[{"embeddable":true,"href":"https:\/\/www.arth-online.ch\/svp\/wp-json\/wp\/v2\/users\/1"}],"replies":[{"embeddable":true,"href":"https:\/\/www.arth-online.ch\/svp\/wp-json\/wp\/v2\/comments?post=6424"}],"version-history":[{"count":1,"href":"https:\/\/www.arth-online.ch\/svp\/wp-json\/wp\/v2\/posts\/6424\/revisions"}],"predecessor-version":[{"id":6425,"href":"https:\/\/www.arth-online.ch\/svp\/wp-json\/wp\/v2\/posts\/6424\/revisions\/6425"}],"wp:attachment":[{"href":"https:\/\/www.arth-online.ch\/svp\/wp-json\/wp\/v2\/media?parent=6424"}],"wp:term":[{"taxonomy":"category","embeddable":true,"href":"https:\/\/www.arth-online.ch\/svp\/wp-json\/wp\/v2\/categories?post=6424"},{"taxonomy":"post_tag","embeddable":true,"href":"https:\/\/www.arth-online.ch\/svp\/wp-json\/wp\/v2\/tags?post=6424"}],"curies":[{"name":"wp","href":"https:\/\/api.w.org\/{rel}","templated":true}]}}