{"id":6412,"date":"2024-02-07T11:57:54","date_gmt":"2024-02-07T10:57:54","guid":{"rendered":"https:\/\/www.arth-online.ch\/svp\/?p=6412"},"modified":"2024-02-07T11:57:54","modified_gmt":"2024-02-07T10:57:54","slug":"parolen-der-svp-arth-oberarth-goldau-zur-abstimmung-vom-3-maerz-2024","status":"publish","type":"post","link":"https:\/\/www.arth-online.ch\/svp\/parolen-der-svp-arth-oberarth-goldau-zur-abstimmung-vom-3-maerz-2024\/","title":{"rendered":"Parolen der SVP Arth-Oberarth-Goldau zur Abstimmung vom 3. M\u00e4rz 2024"},"content":{"rendered":"<h2>Eidgen\u00f6ssische Vorlagen<\/h2>\n<div class=\"wc-shortcodes-box wc-shortcodes-item wc-shortcodes-content wc-shortcodes-clearfix wc-shortcodes-box-secondary \" style=\"text-align:left;\">\n<strong style=\"background-color: red; color: white;\">NEIN<\/strong> zur Initiative f\u00fcr eine 13. AHV\n<\/div>\n<p>Die Initiative erh\u00f6ht bei einer Annahme die Ausgaben bei der AHV massiv und belastet die angespannte finanzielle Situation der AHV zus\u00e4tzlich. Die Volksinitiative verliert weder ein Wort \u00fcber die Finanzierung der Renten insgesamt noch \u00fcber die Finanzierung der zus\u00e4tzlichen 13. Rente. Die Mehrkosten betragen j\u00e4hrlich zwischen 4-5 Mia. Franken \u2013 wer soll und will das bezahlen? Der Mittelstand und die Jungen werden geschr\u00f6pft durch h\u00f6here Mehrwertsteuern und Lohnabz\u00fcge. Wir sagen NEIN zur unsozialen Verteilung mit der Giesskanne.<\/p>\n<div class=\"wc-shortcodes-box wc-shortcodes-item wc-shortcodes-content wc-shortcodes-clearfix wc-shortcodes-box-secondary \" style=\"text-align:left;\">\n<strong style=\"background-color: green; color: white;\">JA<\/strong> f\u00fcr eine sichere und nachhaltige Altersversorge (\u00abRententinitiative\u00bb)\n<\/div>\n<p>Die Notwendigkeit der Renteninitiative ergibt sich, weil das Verh\u00e4ltnis der erwerbst\u00e4tigen Personen, welche Beitr\u00e4ge bezahlen, zu jenen Personen, welche Renten beziehen, sich seit der Einf\u00fchrung der AHV 1948 erheblich ver\u00e4ndert hat. Kamen bei der Einf\u00fchrung der AHV noch sechs Erwerbst\u00e4tige auf eine pensionierte Person, so sind es heute nur noch gut drei Erwerbst\u00e4tige. Die Annahme der Initiative ist ein weiterer wichtiger Schritt zur Sicherung der Altersvorsorge, auch f\u00fcr die n\u00e4chsten Generationen.<\/p>\n<h2>Vorlagen auf Bezirksebene<\/h2>\n<div class=\"wc-shortcodes-box wc-shortcodes-item wc-shortcodes-content wc-shortcodes-clearfix wc-shortcodes-box-secondary \" style=\"text-align:left;\">\n<strong style=\"background-color: green; color: white;\">JA<\/strong> zum Hochwasserschutz und Geschiebesanierung Teufbach\/Starzlen, Muotathal\n<\/div>\n<p>Die Sicherheit der Dorfbev\u00f6lkerung in Muotathal kann mit dem Hochwasserschutz sowie der Geschiebesanierung erheblich gesteigert werden. Die Unwetter 2010 und 2016 zeigten eindr\u00fccklich, wie wichtig die Sicherheit in der Umgebung Teufbach\/Starzlen f\u00fcr die Bev\u00f6lkerung in Muotathal ist, damit sich solche traurigen Ereignisse nicht mehr wiederholen.<\/p>\n<div class=\"wc-shortcodes-box wc-shortcodes-item wc-shortcodes-content wc-shortcodes-clearfix wc-shortcodes-box-secondary \" style=\"text-align:left;\">\n<strong style=\"background-color: green; color: white;\">JA<\/strong> zur Aufl\u00f6sung der Spezialfinanzierung des Krematoriums Schwyz\n<\/div>\n<p>Das immer h\u00f6her werdende Eigenkapital von zurzeit 3.2 Mio. Franken kann aufgrund der Spezialfinanzierung des Krematoriums nur zweckgebunden verwendet werden. Deshalb ist die Spezialfinanzierung zwingend aufzul\u00f6sen und in das Eigenkapital des Bezirks Schwyz zu \u00fcberf\u00fchren.<\/p>\n<h2>Vorlagen auf kommunaler Ebene<\/h2>\n<div class=\"wc-shortcodes-box wc-shortcodes-item wc-shortcodes-content wc-shortcodes-clearfix wc-shortcodes-box-secondary \" style=\"text-align:left;\">\n<strong style=\"background-color: green; color: white;\">JA<\/strong> zur Teilnutzungsplanung \u00abBreitgasse, Arth\u00bb\n<\/div>\n<p>Die Verbreitung der Breitgasse auf 4.70 Meter ist sinnvoll und gew\u00e4hrleistet die Erschliessung des Bauzonengebiets W3. Gleichzeitig wird das Mischsystem der Kanalisation aufgehoben und eine neue Schmutz- und Meteorwasserleitung gebaut. Die Gemeindewerke Arth erneuern die Leitungsstrasse f\u00fcr die Versorgung mit Frischwasser, Strom und die Strassenbeleuchtung.<\/p>\n<div class=\"wc-shortcodes-box wc-shortcodes-item wc-shortcodes-content wc-shortcodes-clearfix wc-shortcodes-box-secondary \" style=\"text-align:left;\">\nInitiative \u00abSchluss mit dem Parkplatzzwang \u2013 autoarmes Bauen erlauben\u00bb: <strong style=\"background-color: green; color: white;\">JA<\/strong> zum Gegenvorschlag des Gemeinderats\n<\/div>\n<p>Mit dem Gegenvorschlag sollen die erforderlichen Parkpl\u00e4tze im Baubewilligungsverfahren f\u00fcr s\u00e4mtliche Nutzungen angemessen und sinnvoll definiert werden. Die Bau- und Planungskommission wird nach Annahme des Gegenvorschlages die erforderlichen \u00c4nderungen im Baureglement erarbeiten. Danach erfolgt die Mitwirkung, Vorpr\u00fcfung und die \u00f6ffentliche Auflage und wird erneut dem Souver\u00e4n zur Abstimmung vorgelegt.<\/p>\n","protected":false},"excerpt":{"rendered":"<p>Eidgen\u00f6ssische Vorlagen NEIN zur Initiative f\u00fcr eine 13. AHV Die Initiative erh\u00f6ht bei einer Annahme die Ausgaben bei der AHV massiv und belastet die angespannte finanzielle Situation der AHV zus\u00e4tzlich. &hellip; <a href=\"https:\/\/www.arth-online.ch\/svp\/parolen-der-svp-arth-oberarth-goldau-zur-abstimmung-vom-3-maerz-2024\/\" class=\"more-link\"><span class=\"screen-reader-text\">\u201eParolen der SVP Arth-Oberarth-Goldau zur Abstimmung vom 3. M\u00e4rz 2024\u201c <\/span>weiterlesen<\/a><\/p>\n","protected":false},"author":1,"featured_media":0,"comment_status":"open","ping_status":"open","sticky":false,"template":"","format":"standard","meta":{"ngg_post_thumbnail":0,"footnotes":"","_links_to":"","_links_to_target":""},"categories":[1],"tags":[],"class_list":["post-6412","post","type-post","status-publish","format-standard","hentry","category-allgemein"],"distributor_meta":false,"distributor_terms":false,"distributor_media":false,"distributor_original_site_name":"SVP Arth-Oberarth-Goldau","distributor_original_site_url":"https:\/\/www.arth-online.ch\/svp","push-errors":false,"_links":{"self":[{"href":"https:\/\/www.arth-online.ch\/svp\/wp-json\/wp\/v2\/posts\/6412","targetHints":{"allow":["GET"]}}],"collection":[{"href":"https:\/\/www.arth-online.ch\/svp\/wp-json\/wp\/v2\/posts"}],"about":[{"href":"https:\/\/www.arth-online.ch\/svp\/wp-json\/wp\/v2\/types\/post"}],"author":[{"embeddable":true,"href":"https:\/\/www.arth-online.ch\/svp\/wp-json\/wp\/v2\/users\/1"}],"replies":[{"embeddable":true,"href":"https:\/\/www.arth-online.ch\/svp\/wp-json\/wp\/v2\/comments?post=6412"}],"version-history":[{"count":1,"href":"https:\/\/www.arth-online.ch\/svp\/wp-json\/wp\/v2\/posts\/6412\/revisions"}],"predecessor-version":[{"id":6413,"href":"https:\/\/www.arth-online.ch\/svp\/wp-json\/wp\/v2\/posts\/6412\/revisions\/6413"}],"wp:attachment":[{"href":"https:\/\/www.arth-online.ch\/svp\/wp-json\/wp\/v2\/media?parent=6412"}],"wp:term":[{"taxonomy":"category","embeddable":true,"href":"https:\/\/www.arth-online.ch\/svp\/wp-json\/wp\/v2\/categories?post=6412"},{"taxonomy":"post_tag","embeddable":true,"href":"https:\/\/www.arth-online.ch\/svp\/wp-json\/wp\/v2\/tags?post=6412"}],"curies":[{"name":"wp","href":"https:\/\/api.w.org\/{rel}","templated":true}]}}