{"id":6371,"date":"2024-01-23T19:29:30","date_gmt":"2024-01-23T18:29:30","guid":{"rendered":"https:\/\/www.arth-online.ch\/svp\/?p=6371"},"modified":"2024-01-23T19:29:30","modified_gmt":"2024-01-23T18:29:30","slug":"svp-reicht-5070-unterschriften-gegen-das-bundesasylzentrum-in-goldau-ein","status":"publish","type":"post","link":"https:\/\/www.arth-online.ch\/svp\/svp-reicht-5070-unterschriften-gegen-das-bundesasylzentrum-in-goldau-ein\/","title":{"rendered":"SVP reicht 5\u2019070 Unterschriften gegen das Bundesasylzentrum in Goldau ein"},"content":{"rendered":"<p>Medienmitteilung<\/p>\n<p><strong style=\"font-size:125%\">Am 23. Januar 2024 haben die SVP Kanton Schwyz sowie die SVP-Ortspartei Arth-Oberarth-Goldau insgesamt 5\u2019070 Unterschriften gegen das geplante Bundesasylzentrum in Buosingen eingereicht. Die Unterschriften sind nur gerade zwei Wochen zusammengekommen. Ein unbestritten deutliches Zeichen!<\/strong><\/p>\n<figure id=\"attachment_6372\" aria-describedby=\"caption-attachment-6372\" style=\"width: 720px\" class=\"wp-caption alignnone\"><a href=\"http:\/\/www.arth-online.ch\/svp\/wp-content\/uploads\/sites\/2\/2024\/01\/20240123-einreichung-petition.jpg\"><img loading=\"lazy\" decoding=\"async\" src=\"http:\/\/www.arth-online.ch\/svp\/wp-content\/uploads\/sites\/2\/2024\/01\/20240123-einreichung-petition.jpg\" alt=\"\" width=\"720\" height=\"405\" class=\"size-full wp-image-6372\" srcset=\"https:\/\/www.arth-online.ch\/svp\/wp-content\/uploads\/sites\/2\/2024\/01\/20240123-einreichung-petition.jpg 720w, https:\/\/www.arth-online.ch\/svp\/wp-content\/uploads\/sites\/2\/2024\/01\/20240123-einreichung-petition-300x169.jpg 300w\" sizes=\"auto, (max-width: 709px) 85vw, (max-width: 909px) 67vw, (max-width: 984px) 61vw, (max-width: 1362px) 45vw, 600px\" \/><\/a><figcaption id=\"caption-attachment-6372\" class=\"wp-caption-text\">V.l.n.r.: Kantonsrat Samuel L\u00fctolf, Politischer Sekret\u00e4r SVP SZ, Nationalrat Roman B\u00fcrgi, Pr\u00e4sident SVP SZ, Martin Inderbitzin, Pr\u00e4sident SVP Arth-Oberarth-Goldau und Markus Betschart, Gemeindeschreiber-Stellvertreter Gemeinde Arth.<br \/><\/figcaption><\/figure>\n<p>Die Schwyzer SVP fordert den Gemeinderat von Arth mit der Unterst\u00fctzung von \u00fcber 5\u2019000 Personen auf, sich mit aller Vehemenz gegen die Pl\u00e4ne des Bundes f\u00fcr ein Asylzentrum in Buosingen zu wehren. Es ist inakzeptabel, dass unser Kanton die fehlgeleitete Politik des Bundes ausbaden muss. Die Bev\u00f6lkerung will kein dermassen grosses Asylzentrum welches 170 Personen beherbergt, die nur noch auf die Ausschaffung warten. Nun braucht es Gegenwehr von unten, als erstes muss sich der Gemeinderat von Arth gegen die vorgelegten Pl\u00e4ne des Staatssekretariats f\u00fcr Migration wehren und sich damit f\u00fcr die Bev\u00f6lkerung stark machen!<\/p>\n<p>Die SVP ist nach wie vor emp\u00f6rt \u00fcber das Vorhaben f\u00fcr ein Bundesasylzentrum in Goldau und die ungekl\u00e4rten Sicherheitsrisiken, die mit der Ansiedlung von solchen abgelehnten Asylbewerbern verbunden sind. Innert k\u00fcrzester Zeit haben \u00fcber 5\u2019000 Menschen die Forderung der SVP, die Planung f\u00fcr ein solches Zentrum sofort zu stoppen, unterst\u00fctzt. Das ist ein extrem deutliches Zeichen. Die Partei will sich daher weiterhin mit aller Kraft gegen die Pl\u00e4ne des Bundes stark machen!<\/p>\n","protected":false},"excerpt":{"rendered":"<p>Medienmitteilung Am 23. Januar 2024 haben die SVP Kanton Schwyz sowie die SVP-Ortspartei Arth-Oberarth-Goldau insgesamt 5\u2019070 Unterschriften gegen das geplante Bundesasylzentrum in Buosingen eingereicht. Die Unterschriften sind nur gerade zwei &hellip; <a href=\"https:\/\/www.arth-online.ch\/svp\/svp-reicht-5070-unterschriften-gegen-das-bundesasylzentrum-in-goldau-ein\/\" class=\"more-link\"><span class=\"screen-reader-text\">\u201eSVP reicht 5\u2019070 Unterschriften gegen das Bundesasylzentrum in Goldau ein\u201c <\/span>weiterlesen<\/a><\/p>\n","protected":false},"author":1,"featured_media":0,"comment_status":"open","ping_status":"open","sticky":false,"template":"","format":"standard","meta":{"ngg_post_thumbnail":0,"footnotes":"","_links_to":"","_links_to_target":""},"categories":[1],"tags":[],"class_list":["post-6371","post","type-post","status-publish","format-standard","hentry","category-allgemein"],"distributor_meta":false,"distributor_terms":false,"distributor_media":false,"distributor_original_site_name":"SVP Arth-Oberarth-Goldau","distributor_original_site_url":"https:\/\/www.arth-online.ch\/svp","push-errors":false,"_links":{"self":[{"href":"https:\/\/www.arth-online.ch\/svp\/wp-json\/wp\/v2\/posts\/6371","targetHints":{"allow":["GET"]}}],"collection":[{"href":"https:\/\/www.arth-online.ch\/svp\/wp-json\/wp\/v2\/posts"}],"about":[{"href":"https:\/\/www.arth-online.ch\/svp\/wp-json\/wp\/v2\/types\/post"}],"author":[{"embeddable":true,"href":"https:\/\/www.arth-online.ch\/svp\/wp-json\/wp\/v2\/users\/1"}],"replies":[{"embeddable":true,"href":"https:\/\/www.arth-online.ch\/svp\/wp-json\/wp\/v2\/comments?post=6371"}],"version-history":[{"count":1,"href":"https:\/\/www.arth-online.ch\/svp\/wp-json\/wp\/v2\/posts\/6371\/revisions"}],"predecessor-version":[{"id":6373,"href":"https:\/\/www.arth-online.ch\/svp\/wp-json\/wp\/v2\/posts\/6371\/revisions\/6373"}],"wp:attachment":[{"href":"https:\/\/www.arth-online.ch\/svp\/wp-json\/wp\/v2\/media?parent=6371"}],"wp:term":[{"taxonomy":"category","embeddable":true,"href":"https:\/\/www.arth-online.ch\/svp\/wp-json\/wp\/v2\/categories?post=6371"},{"taxonomy":"post_tag","embeddable":true,"href":"https:\/\/www.arth-online.ch\/svp\/wp-json\/wp\/v2\/tags?post=6371"}],"curies":[{"name":"wp","href":"https:\/\/api.w.org\/{rel}","templated":true}]}}