{"id":6181,"date":"2023-11-12T11:10:30","date_gmt":"2023-11-12T10:10:30","guid":{"rendered":"https:\/\/www.arth-online.ch\/svp\/?p=6181"},"modified":"2023-11-12T11:36:06","modified_gmt":"2023-11-12T10:36:06","slug":"einladung-zur-nominationsversammlung-kantonsratswahlen-2024","status":"publish","type":"post","link":"https:\/\/www.arth-online.ch\/svp\/einladung-zur-nominationsversammlung-kantonsratswahlen-2024\/","title":{"rendered":"Einladung zur Nominationsversammlung Kantonsratswahlen 2024"},"content":{"rendered":"<dl>\n<dt>Datum<\/dt>\n<dd>Mittwoch, 29. November 2023<\/dd>\n<dt>Zeit<\/dt>\n<dd>19.00 Uhr<\/dd>\n<dt>Ort<\/dt>\n<dd>Restaurant Sch\u00f6ntal, Brauistube, Oberarth<\/dd>\n<\/dl>\n<p>Gesch\u00e4tzte Mitglieder der SVP Arth &#8211; Oberarth &#8211; Goldau <\/p>\n<p>F\u00fcr die anstehenden <a href=\"https:\/\/www.arth-online.ch\/svp\/wahlen\/wahlen-2024\/wahlen-3-maerz-2024\/\">Kantonsratswahlen vom 3. M\u00e4rz 2024<\/a> laden wir zur Nominationsversammlung ein.<\/p>\n<h2>Traktanden<\/h2>\n<ol>\n<li>Begr\u00fcssung<\/li>\n<li>Wahl der Stimmenz\u00e4hler<\/li>\n<li>Vorstellung der Kantonsratskandidaten<\/li>\n<li>Fragen und Diskussion<\/li>\n<li>Nomination der Kandidaten<\/li>\n<li>Beschluss zur Liste<\/li>\n<li>Verschiedenes<\/li>\n<\/ol>\n<p>Wir freuen uns auf eure zahlreiche Teilnahme! <\/p>\n<p><em>Martin Inderbitzin, Pr\u00e4sident<br \/>\n079 640 59 91<\/em><\/p>\n<p><i class=\"fa fa-file-pdf-o\" aria-hidden=\"true\"><\/i> <a href=\"http:\/\/www.arth-online.ch\/svp\/wp-content\/uploads\/sites\/2\/2023\/11\/Einladung-zur-Nominationsversammlung-KR-Wahlen-2024.pdf\">Einladung<\/a><\/p>\n","protected":false},"excerpt":{"rendered":"<p>Datum Mittwoch, 29. November 2023 Zeit 19.00 Uhr Ort Restaurant Sch\u00f6ntal, Brauistube, Oberarth Gesch\u00e4tzte Mitglieder der SVP Arth &#8211; Oberarth &#8211; Goldau F\u00fcr die anstehenden Kantonsratswahlen vom 3. M\u00e4rz 2024 &hellip; <a href=\"https:\/\/www.arth-online.ch\/svp\/einladung-zur-nominationsversammlung-kantonsratswahlen-2024\/\" class=\"more-link\"><span class=\"screen-reader-text\">\u201eEinladung zur Nominationsversammlung Kantonsratswahlen 2024\u201c <\/span>weiterlesen<\/a><\/p>\n","protected":false},"author":1,"featured_media":0,"comment_status":"open","ping_status":"open","sticky":false,"template":"","format":"standard","meta":{"ngg_post_thumbnail":0,"footnotes":"","_links_to":"","_links_to_target":""},"categories":[1],"tags":[],"class_list":["post-6181","post","type-post","status-publish","format-standard","hentry","category-allgemein"],"distributor_meta":false,"distributor_terms":false,"distributor_media":false,"distributor_original_site_name":"SVP Arth-Oberarth-Goldau","distributor_original_site_url":"https:\/\/www.arth-online.ch\/svp","push-errors":false,"_links":{"self":[{"href":"https:\/\/www.arth-online.ch\/svp\/wp-json\/wp\/v2\/posts\/6181","targetHints":{"allow":["GET"]}}],"collection":[{"href":"https:\/\/www.arth-online.ch\/svp\/wp-json\/wp\/v2\/posts"}],"about":[{"href":"https:\/\/www.arth-online.ch\/svp\/wp-json\/wp\/v2\/types\/post"}],"author":[{"embeddable":true,"href":"https:\/\/www.arth-online.ch\/svp\/wp-json\/wp\/v2\/users\/1"}],"replies":[{"embeddable":true,"href":"https:\/\/www.arth-online.ch\/svp\/wp-json\/wp\/v2\/comments?post=6181"}],"version-history":[{"count":7,"href":"https:\/\/www.arth-online.ch\/svp\/wp-json\/wp\/v2\/posts\/6181\/revisions"}],"predecessor-version":[{"id":6206,"href":"https:\/\/www.arth-online.ch\/svp\/wp-json\/wp\/v2\/posts\/6181\/revisions\/6206"}],"wp:attachment":[{"href":"https:\/\/www.arth-online.ch\/svp\/wp-json\/wp\/v2\/media?parent=6181"}],"wp:term":[{"taxonomy":"category","embeddable":true,"href":"https:\/\/www.arth-online.ch\/svp\/wp-json\/wp\/v2\/categories?post=6181"},{"taxonomy":"post_tag","embeddable":true,"href":"https:\/\/www.arth-online.ch\/svp\/wp-json\/wp\/v2\/tags?post=6181"}],"curies":[{"name":"wp","href":"https:\/\/api.w.org\/{rel}","templated":true}]}}