{"id":5755,"date":"2022-10-03T00:18:17","date_gmt":"2022-10-02T22:18:17","guid":{"rendered":"https:\/\/www.arth-online.ch\/svp\/?p=5755"},"modified":"2022-11-03T00:30:27","modified_gmt":"2022-11-02T23:30:27","slug":"einladung-zur-nominationsversammlung-staenderats-und-nationalratswahlen-2023","status":"publish","type":"post","link":"https:\/\/www.arth-online.ch\/svp\/einladung-zur-nominationsversammlung-staenderats-und-nationalratswahlen-2023\/","title":{"rendered":"Einladung zur Nominationsversammlung St\u00e4nderats- und Nationalratswahlen 2023"},"content":{"rendered":"<h2>Freitag, 4. November 2022, ab 18.30 Uhr<br \/>\nHorseshoe Braui, Gotthardstrasse 5, 6414 Oberarth<\/h2>\n<h3>Programm<\/h3>\n<p>18.30 Uhr<br \/>\n<strong>Ap\u00e9ro und Beginn Service mit volkst\u00fcmlichem Auftakt<\/strong><br \/>\n19.30 Uhr<br \/>\n<strong>Er\u00f6ffnung durch den Kantonalpr\u00e4sidenten Roman B\u00fcrgi, Goldau <\/strong><br \/>\n19.40 Uhr<br \/>\n<strong>Nominationsversammlung St\u00e4nderats- und Nationalratswahlen 2023<\/strong><\/p>\n<ol>\n<li>Begr\u00fcssung durch den Wahlkampfleiter SVP Kanton Schwyz Wendelin Schelbert, Muotathal<\/li>\n<li>Wahl der Stimmenz\u00e4hler<\/li>\n<li>Antr\u00e4ge<\/li>\n<li>Vorstellung der Kandidaten f\u00fcr den St\u00e4nderat<\/li>\n<li>Nomination der St\u00e4nderatskandidaten<\/li>\n<li>Vorstellung der Kandidaten f\u00fcr den Nationalrat<\/li>\n<li>Nomination der Nationalratskandidaten<\/li>\n<li>Wahlstrategie, Wahlkommission und Wahlbudget<\/li>\n<li>Wahlaufruf durch Regierungsrat Herbert Huwiler<\/li>\n<li>Verschiedenes<\/li>\n<\/ol>\n<p><strong>Antr\u00e4ge<\/strong> zu den Traktanden m\u00fcssen <strong>schriftlich, sp\u00e4testens 5 Tage vor der Versammlung<\/strong> (bis am 29. Oktober 2022) bei Roman B\u00fcrgi, Sch\u00f6neggweg 30a, 6410 Goldau (r.buergi@buergi-grill.ch) eingegangen sein.<\/p>\n<p>Die Gesch\u00e4ftsleitung dankt allen Mandats- und Funktionstr\u00e4ger\/innen f\u00fcr die Mitarbeit und aktive Unterst\u00fctzung bei der Umsetzung der SVP-Politik.<\/p>\n<p>Goldau, 3. Oktober 2022 <\/p>\n<p><strong>SCHWEIZERISCHE VOLKSPARTEI KANTON SCHWYZ<\/strong><br \/>\n<em>Der Pr\u00e4sident Roman B\u00fcrgi<br \/>\nDer Sekret\u00e4r Samuel L\u00fctolf<\/em><\/p>\n<p><i class=\"fa fa-file-pdf-o\" aria-hidden=\"true\"><\/i> <a href=\"http:\/\/www.arth-online.ch\/svp\/wp-content\/uploads\/sites\/2\/2022\/11\/einladung_nominationsversammlung_20221104.pdf\">Einladung Nominationsversammlung 4.11.2022<\/a><\/p>\n","protected":false},"excerpt":{"rendered":"<p>Freitag, 4. November 2022, ab 18.30 Uhr Horseshoe Braui, Gotthardstrasse 5, 6414 Oberarth Programm 18.30 Uhr Ap\u00e9ro und Beginn Service mit volkst\u00fcmlichem Auftakt 19.30 Uhr Er\u00f6ffnung durch den Kantonalpr\u00e4sidenten Roman &hellip; <a href=\"https:\/\/www.arth-online.ch\/svp\/einladung-zur-nominationsversammlung-staenderats-und-nationalratswahlen-2023\/\" class=\"more-link\"><span class=\"screen-reader-text\">\u201eEinladung zur Nominationsversammlung St\u00e4nderats- und Nationalratswahlen 2023\u201c <\/span>weiterlesen<\/a><\/p>\n","protected":false},"author":1,"featured_media":0,"comment_status":"open","ping_status":"open","sticky":false,"template":"","format":"standard","meta":{"ngg_post_thumbnail":0,"footnotes":"","_links_to":"","_links_to_target":""},"categories":[6],"tags":[],"class_list":["post-5755","post","type-post","status-publish","format-standard","hentry","category-kantonalpartei"],"distributor_meta":false,"distributor_terms":false,"distributor_media":false,"distributor_original_site_name":"SVP Arth-Oberarth-Goldau","distributor_original_site_url":"https:\/\/www.arth-online.ch\/svp","push-errors":false,"_links":{"self":[{"href":"https:\/\/www.arth-online.ch\/svp\/wp-json\/wp\/v2\/posts\/5755","targetHints":{"allow":["GET"]}}],"collection":[{"href":"https:\/\/www.arth-online.ch\/svp\/wp-json\/wp\/v2\/posts"}],"about":[{"href":"https:\/\/www.arth-online.ch\/svp\/wp-json\/wp\/v2\/types\/post"}],"author":[{"embeddable":true,"href":"https:\/\/www.arth-online.ch\/svp\/wp-json\/wp\/v2\/users\/1"}],"replies":[{"embeddable":true,"href":"https:\/\/www.arth-online.ch\/svp\/wp-json\/wp\/v2\/comments?post=5755"}],"version-history":[{"count":3,"href":"https:\/\/www.arth-online.ch\/svp\/wp-json\/wp\/v2\/posts\/5755\/revisions"}],"predecessor-version":[{"id":5759,"href":"https:\/\/www.arth-online.ch\/svp\/wp-json\/wp\/v2\/posts\/5755\/revisions\/5759"}],"wp:attachment":[{"href":"https:\/\/www.arth-online.ch\/svp\/wp-json\/wp\/v2\/media?parent=5755"}],"wp:term":[{"taxonomy":"category","embeddable":true,"href":"https:\/\/www.arth-online.ch\/svp\/wp-json\/wp\/v2\/categories?post=5755"},{"taxonomy":"post_tag","embeddable":true,"href":"https:\/\/www.arth-online.ch\/svp\/wp-json\/wp\/v2\/tags?post=5755"}],"curies":[{"name":"wp","href":"https:\/\/api.w.org\/{rel}","templated":true}]}}