{"id":5686,"date":"2022-10-06T11:11:22","date_gmt":"2022-10-06T09:11:22","guid":{"rendered":"https:\/\/www.arth-online.ch\/svp\/?p=5686"},"modified":"2022-10-06T11:11:22","modified_gmt":"2022-10-06T09:11:22","slug":"woke-heisst-links","status":"publish","type":"post","link":"https:\/\/www.arth-online.ch\/svp\/woke-heisst-links\/","title":{"rendered":"Woke heisst links"},"content":{"rendered":"<h2>In den S\u00fcmpfen von Bern \u2013 Episode 202<\/h2>\n<p>Auf meine 200. Sendung \u00abIn den S\u00fcmpfen von Bern\u00bb habe ich sehr viele Reaktionen erhalten. Ich habe \u2013 ausnahmsweise in Rastalocken \u2013 erz\u00e4hlt, was die Woke-Bewegung in den USA f\u00fcr verheerende Dinge ausl\u00f6st. Schlimme Auswirkungen erleben wir nicht nur bei den Medien und den staatlichen Institutionen, sondern auch in der Wirtschaft. Viele Konzerne haben die einfache Gleichung nicht begriffen: Woke gleich links. H\u00f6ren Sie hierzu meinen Kommentar.<\/p>\n<p><iframe loading=\"lazy\" title=\"Woke heisst links\" width=\"840\" height=\"473\" src=\"https:\/\/www.youtube.com\/embed\/2Kdm81TvGV4?feature=oembed\" frameborder=\"0\" allow=\"accelerometer; autoplay; clipboard-write; encrypted-media; gyroscope; picture-in-picture\" allowfullscreen><\/iframe><\/p>\n","protected":false},"excerpt":{"rendered":"<p>In den S\u00fcmpfen von Bern \u2013 Episode 202 Auf meine 200. Sendung \u00abIn den S\u00fcmpfen von Bern\u00bb habe ich sehr viele Reaktionen erhalten. Ich habe \u2013 ausnahmsweise in Rastalocken \u2013 &hellip; <a href=\"https:\/\/www.arth-online.ch\/svp\/woke-heisst-links\/\" class=\"more-link\"><span class=\"screen-reader-text\">\u201eWoke heisst links\u201c <\/span>weiterlesen<\/a><\/p>\n","protected":false},"author":1,"featured_media":0,"comment_status":"open","ping_status":"open","sticky":false,"template":"","format":"standard","meta":{"ngg_post_thumbnail":0,"footnotes":"","_links_to":"","_links_to_target":""},"categories":[7],"tags":[],"class_list":["post-5686","post","type-post","status-publish","format-standard","hentry","category-svp-schweiz"],"distributor_meta":false,"distributor_terms":false,"distributor_media":false,"distributor_original_site_name":"SVP Arth-Oberarth-Goldau","distributor_original_site_url":"https:\/\/www.arth-online.ch\/svp","push-errors":false,"_links":{"self":[{"href":"https:\/\/www.arth-online.ch\/svp\/wp-json\/wp\/v2\/posts\/5686","targetHints":{"allow":["GET"]}}],"collection":[{"href":"https:\/\/www.arth-online.ch\/svp\/wp-json\/wp\/v2\/posts"}],"about":[{"href":"https:\/\/www.arth-online.ch\/svp\/wp-json\/wp\/v2\/types\/post"}],"author":[{"embeddable":true,"href":"https:\/\/www.arth-online.ch\/svp\/wp-json\/wp\/v2\/users\/1"}],"replies":[{"embeddable":true,"href":"https:\/\/www.arth-online.ch\/svp\/wp-json\/wp\/v2\/comments?post=5686"}],"version-history":[{"count":1,"href":"https:\/\/www.arth-online.ch\/svp\/wp-json\/wp\/v2\/posts\/5686\/revisions"}],"predecessor-version":[{"id":5687,"href":"https:\/\/www.arth-online.ch\/svp\/wp-json\/wp\/v2\/posts\/5686\/revisions\/5687"}],"wp:attachment":[{"href":"https:\/\/www.arth-online.ch\/svp\/wp-json\/wp\/v2\/media?parent=5686"}],"wp:term":[{"taxonomy":"category","embeddable":true,"href":"https:\/\/www.arth-online.ch\/svp\/wp-json\/wp\/v2\/categories?post=5686"},{"taxonomy":"post_tag","embeddable":true,"href":"https:\/\/www.arth-online.ch\/svp\/wp-json\/wp\/v2\/tags?post=5686"}],"curies":[{"name":"wp","href":"https:\/\/api.w.org\/{rel}","templated":true}]}}