{"id":4956,"date":"2022-06-22T19:27:23","date_gmt":"2022-06-22T17:27:23","guid":{"rendered":"https:\/\/www.arth-online.ch\/svp\/?p=4956"},"modified":"2022-06-22T20:18:53","modified_gmt":"2022-06-22T18:18:53","slug":"fuer-freiheit-und-unabhaengigkeit-in-ungewissen-zeiten","status":"publish","type":"post","link":"https:\/\/www.arth-online.ch\/svp\/fuer-freiheit-und-unabhaengigkeit-in-ungewissen-zeiten\/","title":{"rendered":"F\u00fcr Freiheit und Unabh\u00e4ngigkeit in ungewissen Zeiten"},"content":{"rendered":"<h2>30. ordentliche Generalversammlung der SVP Arth-Oberarth-Goldau<\/h2>\n<p><strong style=\"font-size:110%\">Am Freitag, den 10. Juni 2022, fand im Restaurant Rigi in Arth die 30. ordentliche Generalversammlung der SVP Arth-Oberarth-Goldau statt.<\/strong><\/p>\n<figure id=\"attachment_4958\" aria-describedby=\"caption-attachment-4958\" style=\"width: 960px\" class=\"wp-caption alignnone\"><img loading=\"lazy\" decoding=\"async\" src=\"http:\/\/www.arth-online.ch\/svp\/wp-content\/uploads\/sites\/2\/2022\/06\/20220610-gv_svp_arth.jpg\" alt=\"\" width=\"960\" height=\"720\" class=\"size-full wp-image-4958\" srcset=\"https:\/\/www.arth-online.ch\/svp\/wp-content\/uploads\/sites\/2\/2022\/06\/20220610-gv_svp_arth.jpg 960w, https:\/\/www.arth-online.ch\/svp\/wp-content\/uploads\/sites\/2\/2022\/06\/20220610-gv_svp_arth-300x225.jpg 300w, https:\/\/www.arth-online.ch\/svp\/wp-content\/uploads\/sites\/2\/2022\/06\/20220610-gv_svp_arth-768x576.jpg 768w\" sizes=\"auto, (max-width: 709px) 85vw, (max-width: 909px) 67vw, (max-width: 1362px) 62vw, 840px\" \/><figcaption id=\"caption-attachment-4958\" class=\"wp-caption-text\">30. Generalversammlung der SVP Arth-Oberarth-Goldau im Restaurant Rigi in Arth<\/figcaption><\/figure>\n<p>Kantonal- und Ortsparteipr\u00e4sident Roman B\u00fcrgi er\u00f6ffnete die Sitzung mit seinem packenden Jahresbericht.  <\/p>\n<p>Pr\u00e4gende nationale und kommunale Themen waren der Ukraine-Krieg, die drohende Energieknappheit, das Wirtschaftsprogramm \u00abHopp Schwyz\u00bb, die Maskenpflicht an Schulen, die Verwaltungsreform 2022 und der Entwicklungsschwerpunkt (ESP) Bahnhof S\u00fcd.<\/p>\n<p>Die Erneuerungswahlen der Gemeindebeh\u00f6rden fanden am 15. Mai 2022 statt. Mit Katrin Jost-Hasler, RPK (neu), Heimgard Vollenweider, Gemeinder\u00e4tin (bisher) und Roger Suter, Gemeinderat (neu) wurden unsere Kandidaten erfolgreich gew\u00e4hlt.<\/p>\n<p>Pr\u00e4sident Roman B\u00fcrgi bekr\u00e4ftige in seiner Rede, dass unsere Werte Freiheit und Sicherheit so aktuell sind wie eh und je. Das Vereinsleben wird im n\u00e4chsten Vereinsjahr durch verschiede Anl\u00e4sse gest\u00e4rkt. Dies auch im Hinblick darauf, interessierten Mitb\u00fcrgern, welche die Werte der SVP teilen, eine Parteimitgliedschaft nahe zu legen. Schon im Berichtsjahr 21\/22 fand eine erfreuliche Zunahme an Mitgliedern statt. Der Bericht der Kassiererin und der Rechnungspr\u00fcfungskommission zeigte, dass die Finanzlage gesund und die Parteibuchhaltung ordnungsgem\u00e4ss gef\u00fchrt wurde. <\/p>\n<p>Im Vorstand gab es Neuwahlen und Mutationen. Wie an der letzten GV angek\u00fcndigt, gibt Roman B\u00fcrgi sein Amt als Ortsparteipr\u00e4sident weiter. Sein Nachfolger Martin Inderbitzin ist Unternehmer, hat Familie, ist in der Gemeinde aufgewachsen und verf\u00fcgt bereits \u00fcber grosse politische Erfahrung als ehemaliger Kantons- und Gemeinderat. Mit Martin Inderbitzin, wurde f\u00fcr das Amt des Ortsparteipr\u00e4sidenten eine ideale Besetzung gefunden. S\u00e4mtliche Vorstandsmitglieder wurden durch die Teilnehmer mit Applaus best\u00e4tigt.<\/p>\n<p><strong>Der neue Vorstand setzt sich wie folgt zusammen:<\/strong><br \/>\nPr\u00e4sident: Martin Inderbitzin, Vize-Pr\u00e4sidentin: Heimgard Vollenweider, Kassierin: Manuela J\u00e4ggi, Aktuar neu: Hubert Jauch. Besondere Funktionstr\u00e4ger: Roger Suter, Katrin Jost und Roman B\u00fcrgi. Beisitzer: Beatrice Inderbitzin und Philipp Szymkowiak.<\/p>\n<p><strong>F\u00fcr die Verdienste in der Ortspartei wurden geehrt:<\/strong><br \/>\nMartin Inderbitzin als Gemeinderat, Andreas Jost als RPK \u2013 Mitglied, Louis Pfyl, f\u00fcr die Plakatierdienste, Heimgard Vollenweider als Kantons- und Gemeinder\u00e4tin, sowie Roman B\u00fcrgi als Kantonalpr\u00e4sident, Ortsparteipr\u00e4sident und Kantonsrat, Daniel Annen f\u00fcr die Betreuung von Social-Media-Aufgaben.<\/p>\n<p>Das Jahresprogramm 2022 umfasst folgendes:<\/p>\n<p><strong>Ortsparteiversammlungen und Anl\u00e4sse: <\/strong><br \/>\nSonntag, 31. Juli 2022: Rigiwandern mit Br\u00e4teln<br \/>\nSamstag, 28. August 2022: Sommerfest \/ Grill und Jass<br \/>\nMittwoch, 2. November 2022: Ortsparteiversammlung, Parolenfassung<br \/>\nFreitag, 24. Februar 2023: Generalversammlung <\/p>\n<p><strong>Eidgen\u00f6ssische, kantonale und kommunale Abstimmungen: <\/strong><br \/>\nSonntag, 25. September 2022: Abstimmung \/ Ersatzwahlen Regierungsrat<br \/>\nSonntag, 27. November 2022: Abstimmung \/  allf\u00e4lliger zweiter Wahlgang<\/p>\n<p><strong>Partei- und Generalversammlungen SVP Kanton Schwyz:<\/strong><br \/>\nMontag, 13. Juni 2022: Nominationsversammlung Regierungsratswahlen 2022<br \/>\nDienstag, 30. Aug. 2022: Parteiversammlung, Parolenfassung<br \/>\nSamstag, 01. Okt. 2022: 50 Jahre SVP Kanton Schwyz, Schwyz<br \/>\nDonnerstag, 27. Oktober 2022: Parteiversammlung, Parolenfassung<br \/>\nMontag, 12. Dez. 2022: ao. Generalversammlung \/ Budget 2023<\/p>\n<p>Pr\u00e4sident Roman B\u00fcrgi beendete die 30. Generalversammlung mit den Worten:<\/p>\n<blockquote><p>\u00abSeid stolz und vertretet die Werte f\u00fcr Freiheit und Unabh\u00e4ngigkeit\u00bb<\/p><\/blockquote>\n<p>Die GV wurde um 21.30 Uhr beendet und im Anschluss danach fand bei gem\u00fctlichem Ausklang ein interessanter Austausch unter den Parteimitgliedern statt.<\/p>\n<p><em>SVP Pressedienst<\/em><\/p>\n","protected":false},"excerpt":{"rendered":"<p>30. ordentliche Generalversammlung der SVP Arth-Oberarth-Goldau Am Freitag, den 10. Juni 2022, fand im Restaurant Rigi in Arth die 30. ordentliche Generalversammlung der SVP Arth-Oberarth-Goldau statt. Kantonal- und Ortsparteipr\u00e4sident Roman &hellip; <a href=\"https:\/\/www.arth-online.ch\/svp\/fuer-freiheit-und-unabhaengigkeit-in-ungewissen-zeiten\/\" class=\"more-link\"><span class=\"screen-reader-text\">\u201eF\u00fcr Freiheit und Unabh\u00e4ngigkeit in ungewissen Zeiten\u201c <\/span>weiterlesen<\/a><\/p>\n","protected":false},"author":1,"featured_media":0,"comment_status":"open","ping_status":"open","sticky":false,"template":"","format":"standard","meta":{"ngg_post_thumbnail":0,"footnotes":"","_links_to":"","_links_to_target":""},"categories":[8],"tags":[],"class_list":["post-4956","post","type-post","status-publish","format-standard","hentry","category-gv"],"distributor_meta":false,"distributor_terms":false,"distributor_media":false,"distributor_original_site_name":"SVP Arth-Oberarth-Goldau","distributor_original_site_url":"https:\/\/www.arth-online.ch\/svp","push-errors":false,"_links":{"self":[{"href":"https:\/\/www.arth-online.ch\/svp\/wp-json\/wp\/v2\/posts\/4956","targetHints":{"allow":["GET"]}}],"collection":[{"href":"https:\/\/www.arth-online.ch\/svp\/wp-json\/wp\/v2\/posts"}],"about":[{"href":"https:\/\/www.arth-online.ch\/svp\/wp-json\/wp\/v2\/types\/post"}],"author":[{"embeddable":true,"href":"https:\/\/www.arth-online.ch\/svp\/wp-json\/wp\/v2\/users\/1"}],"replies":[{"embeddable":true,"href":"https:\/\/www.arth-online.ch\/svp\/wp-json\/wp\/v2\/comments?post=4956"}],"version-history":[{"count":10,"href":"https:\/\/www.arth-online.ch\/svp\/wp-json\/wp\/v2\/posts\/4956\/revisions"}],"predecessor-version":[{"id":4967,"href":"https:\/\/www.arth-online.ch\/svp\/wp-json\/wp\/v2\/posts\/4956\/revisions\/4967"}],"wp:attachment":[{"href":"https:\/\/www.arth-online.ch\/svp\/wp-json\/wp\/v2\/media?parent=4956"}],"wp:term":[{"taxonomy":"category","embeddable":true,"href":"https:\/\/www.arth-online.ch\/svp\/wp-json\/wp\/v2\/categories?post=4956"},{"taxonomy":"post_tag","embeddable":true,"href":"https:\/\/www.arth-online.ch\/svp\/wp-json\/wp\/v2\/tags?post=4956"}],"curies":[{"name":"wp","href":"https:\/\/api.w.org\/{rel}","templated":true}]}}