{"id":4486,"date":"2022-04-21T12:48:00","date_gmt":"2022-04-21T10:48:00","guid":{"rendered":"https:\/\/www.arth-online.ch\/svp\/?p=4486"},"modified":"2022-04-21T12:48:00","modified_gmt":"2022-04-21T10:48:00","slug":"die-schweiz-braucht-eine-starke-svp","status":"publish","type":"post","link":"https:\/\/www.arth-online.ch\/svp\/die-schweiz-braucht-eine-starke-svp\/","title":{"rendered":"Die Schweiz braucht eine starke SVP"},"content":{"rendered":"<p><strong style=\"font-size:110%\">Linke Journalisten und Politologen pr\u00fcgeln auf die SVP ein. Sie verkennen: Wir sind die st\u00e4rkste Partei im Land und k\u00e4mpfen als einzige politische Kraft konsequent f\u00fcr Freiheit und Sicherheit. Gemeinsam werden wir die Wahlen 2023 gewinnen.<\/strong><\/p>\n<figure id=\"attachment_4487\" aria-describedby=\"caption-attachment-4487\" style=\"width: 720px\" class=\"wp-caption alignnone\"><img loading=\"lazy\" decoding=\"async\" src=\"http:\/\/www.arth-online.ch\/svp\/wp-content\/uploads\/sites\/2\/2022\/04\/20220421-marco_chiesa.jpg\" alt=\"\" width=\"720\" height=\"405\" class=\"size-full wp-image-4487\" srcset=\"https:\/\/www.arth-online.ch\/svp\/wp-content\/uploads\/sites\/2\/2022\/04\/20220421-marco_chiesa.jpg 720w, https:\/\/www.arth-online.ch\/svp\/wp-content\/uploads\/sites\/2\/2022\/04\/20220421-marco_chiesa-300x169.jpg 300w\" sizes=\"auto, (max-width: 709px) 85vw, (max-width: 909px) 67vw, (max-width: 984px) 61vw, (max-width: 1362px) 45vw, 600px\" \/><figcaption id=\"caption-attachment-4487\" class=\"wp-caption-text\">Marco Chiesa, Pr\u00e4sident SVP Schweiz, Ruvigliana<\/figcaption><\/figure>\n<p>Es ist wieder einmal SVP-Bashing angesagt. Unser Gegner behaupten, die SVP habe Sympathien f\u00fcr Putin, sei in einem Formtief, habe die falschen Themen und keine F\u00fchrung. Das ist offensichtlich falsch: Die SVP ist die st\u00e4rkste politische Kraft in unserem Land! Sprechen wir \u00fcber Fakten. Ich besuche die Kantone und bin im regen Austausch mit den Sektionen \u2013 von Genf bis St. Gallen und von Basel bis Lugano. Dabei f\u00e4llt mir auf: Unsere Themen Sicherheit und Freiheit sind nicht nur richtig \u2013 sie sind so aktuell wie noch nie! Die SVP ist die einzige Partei, die sich konsequent einsetzt f\u00fcr eine St\u00e4rkung der Armee, f\u00fcr mehr heimisch produzierte Lebensmittel und f\u00fcr eine sichere Stromversorgung.<\/p>\n<p>Fakt ist zudem: Seit 2019 konnten wir wichtige Erfolge verbuchen. Wir haben die Abstimmungen zum Burkaverbot, zu den sch\u00e4dlichen Agrarinitiativen und zum extremen CO2-Gesetz gewonnen. Das Nein zum linken CO2-Gesetz zeigt, dass sich unser jahrelanger Kampf f\u00fcr eine vern\u00fcnftige Energiepolitik gelohnt hat. Auch in der Corona-Krise zeigte sich: Nur dank unserem Widerstand hatten wir in der Schweiz eine einigermassen vern\u00fcnftige Massnahmen-Politik. Erfolge gab es bei den Wahlen in den Kantonen Wallis und Freiburg, wo die SVP wieder in der Regierung vertreten ist. Bei den Kantonsratswahlen gab es auch Verluste. Aber bleiben wir auch hier bei den Fakten! Im Vergleich zu SP, FDP und Mitte hat die SVP am wenigsten Mandate verloren.<\/p>\n<p>Doch damit d\u00fcrfen wir uns nicht zufriedengeben. Wir wollen bei den eidgen\u00f6ssischen Wahlen im n\u00e4chsten Jahr zulegen. Daf\u00fcr braucht es das Engagement von uns allen. Ich wiederhole es gerne: Die SVP ist programmatisch auf Kurs. Wir stehen ein f\u00fcr die bewaffnete Neutralit\u00e4t, f\u00fcr einen hohen Selbstversorgungsgrad mit Nahrungsmittel und f\u00fcr eine unabh\u00e4ngige, sichere und kosteng\u00fcnstige Energieversorgung.<\/p>\n<p>Die Schweiz braucht eine starke SVP. Und eine starke SVP braucht motivierte, k\u00e4mpferische Mitglieder. K\u00e4mpfen wir gemeinsam f\u00fcr eine sichere und freie Schweiz! Ich kann Ihnen versichern: Als Pr\u00e4sident gebe ich alles f\u00fcr den Erfolg der SVP. Mit der Unterst\u00fctzung von euch allen werden wir gewinnen. Ich z\u00e4hle auf euch.<\/p>\n<p>&#8212;<br \/>\nQuelle: <a href=\"https:\/\/www.svp.ch\/partei\/publikationen\/parteizeitung\/2022-2\/svp-klartext-april-2022\/die-schweiz-braucht-eine-starke-svp\/\">https:\/\/www.svp.ch\/partei\/publikationen\/parteizeitung\/2022-2\/svp-klartext-april-2022\/die-schweiz-braucht-eine-starke-svp\/<\/a><\/p>\n","protected":false},"excerpt":{"rendered":"<p>Linke Journalisten und Politologen pr\u00fcgeln auf die SVP ein. Sie verkennen: Wir sind die st\u00e4rkste Partei im Land und k\u00e4mpfen als einzige politische Kraft konsequent f\u00fcr Freiheit und Sicherheit. Gemeinsam &hellip; <a href=\"https:\/\/www.arth-online.ch\/svp\/die-schweiz-braucht-eine-starke-svp\/\" class=\"more-link\"><span class=\"screen-reader-text\">\u201eDie Schweiz braucht eine starke SVP\u201c <\/span>weiterlesen<\/a><\/p>\n","protected":false},"author":1,"featured_media":0,"comment_status":"open","ping_status":"open","sticky":false,"template":"","format":"standard","meta":{"ngg_post_thumbnail":0,"footnotes":"","_links_to":"","_links_to_target":""},"categories":[1],"tags":[],"class_list":["post-4486","post","type-post","status-publish","format-standard","hentry","category-allgemein"],"distributor_meta":false,"distributor_terms":false,"distributor_media":false,"distributor_original_site_name":"SVP Arth-Oberarth-Goldau","distributor_original_site_url":"https:\/\/www.arth-online.ch\/svp","push-errors":false,"_links":{"self":[{"href":"https:\/\/www.arth-online.ch\/svp\/wp-json\/wp\/v2\/posts\/4486","targetHints":{"allow":["GET"]}}],"collection":[{"href":"https:\/\/www.arth-online.ch\/svp\/wp-json\/wp\/v2\/posts"}],"about":[{"href":"https:\/\/www.arth-online.ch\/svp\/wp-json\/wp\/v2\/types\/post"}],"author":[{"embeddable":true,"href":"https:\/\/www.arth-online.ch\/svp\/wp-json\/wp\/v2\/users\/1"}],"replies":[{"embeddable":true,"href":"https:\/\/www.arth-online.ch\/svp\/wp-json\/wp\/v2\/comments?post=4486"}],"version-history":[{"count":1,"href":"https:\/\/www.arth-online.ch\/svp\/wp-json\/wp\/v2\/posts\/4486\/revisions"}],"predecessor-version":[{"id":4488,"href":"https:\/\/www.arth-online.ch\/svp\/wp-json\/wp\/v2\/posts\/4486\/revisions\/4488"}],"wp:attachment":[{"href":"https:\/\/www.arth-online.ch\/svp\/wp-json\/wp\/v2\/media?parent=4486"}],"wp:term":[{"taxonomy":"category","embeddable":true,"href":"https:\/\/www.arth-online.ch\/svp\/wp-json\/wp\/v2\/categories?post=4486"},{"taxonomy":"post_tag","embeddable":true,"href":"https:\/\/www.arth-online.ch\/svp\/wp-json\/wp\/v2\/tags?post=4486"}],"curies":[{"name":"wp","href":"https:\/\/api.w.org\/{rel}","templated":true}]}}