{"id":4168,"date":"2021-11-04T18:19:06","date_gmt":"2021-11-04T17:19:06","guid":{"rendered":"https:\/\/www.arth-online.ch\/svp\/?p=4168"},"modified":"2021-11-09T18:21:34","modified_gmt":"2021-11-09T17:21:34","slug":"die-svp-sagt-3x-nein-am-28-november-2021","status":"publish","type":"post","link":"https:\/\/www.arth-online.ch\/svp\/die-svp-sagt-3x-nein-am-28-november-2021\/","title":{"rendered":"Die SVP sagt 3x Nein am 28. November 2021"},"content":{"rendered":"<h2>Medienmitteilung<\/h2>\n<p><strong style=\"font-size:110%\">Am 2. November 2021 hat die SVP Kanton Schwyz im Restaurant Pension Betschart in Ibach die Parteiversammlung abgehalten. Die Versammlung musste in einem gedeckten Aussenbereich und entsprechenden Schutzkonzept stattfinden damit auch Mitglieder ohne Zertifikat teilnehmen konnten. Die SVP lehnt die diskriminierende und willk\u00fcrliche Zertifikatsplicht ab und stellt sich klar gegen diese Spaltung der Bev\u00f6lkerung. F\u00fcr den bevorstehenden eidgen\u00f6ssischen Abstimmungssonntag empfiehlt die SVP Kantonalpartei 3x Nein.<\/strong><\/p>\n<p><img loading=\"lazy\" decoding=\"async\" src=\"http:\/\/www.arth-online.ch\/svp\/wp-content\/uploads\/sites\/2\/2021\/11\/pv-20211102-marcel_dettling_720x405.jpg\" alt=\"\" width=\"720\" height=\"405\" class=\"alignnone size-full wp-image-4169\" srcset=\"https:\/\/www.arth-online.ch\/svp\/wp-content\/uploads\/sites\/2\/2021\/11\/pv-20211102-marcel_dettling_720x405.jpg 720w, https:\/\/www.arth-online.ch\/svp\/wp-content\/uploads\/sites\/2\/2021\/11\/pv-20211102-marcel_dettling_720x405-300x169.jpg 300w\" sizes=\"auto, (max-width: 709px) 85vw, (max-width: 909px) 67vw, (max-width: 984px) 61vw, (max-width: 1362px) 45vw, 600px\" \/><\/p>\n<p>Die Pflegeinitiative wird von der SVP-Basis klar abgelehnt. Anerkannt wird, dass in Bezug auf die schwierigen Arbeitsbedingungen ganz klar ein Handlungsbedarf besteht. Mit der vorliegenden Gewerkschaftsinitiative will man die Pflege aber akademisieren, dies wird nicht die gew\u00fcnschten Verbesserungen bringen. Der Contra-Referent und Aargauer Nationalrat Andreas Glarner sagte dazu: \u00abWer wirklich etwas f\u00fcr die Pflegenden tun will, lehnt die Initiative ab. Damit tritt der indirekte Gegenvorschlag automatisch per 1. Januar 2021 in Kraft. Dieser nimmt die wichtigsten Anliegen auf und setzt diese vor allem schnell um.\u00bb<\/p>\n<p>Zur Justiz-Initiative fasst die Parteiversammlung deutlich die NEIN-Parole. Der Pf\u00e4ffiker SVPKantonsrat Dr. Alexander Lacher traf es mit seiner Aussage auf den Punkt: \u00abDie Initiative gibt vor ein Problem zu l\u00f6sen, das so eigentlich gar nicht existiert.\u00bb. Die Initiative behauptet n\u00e4mlich, die Justiz in der Schweiz sei nicht mehr unabh\u00e4ngig. Dass die Wahl der Bundesrichter im Losverfahren die besseren Resultate bringt, als die Wahl durch die gew\u00e4hlten Volksvertreter in National- und St\u00e4nderat, darf stark bezweifelt werden.<\/p>\n<p>Als letzte Vorlage wurden die \u00c4nderungen des Covid-19-Gesetzes beraten. Nationalrat Marcel Dettling setzte sich als Referent f\u00fcr ein Nein ein. Dettling sagt dazu: \u00abAnfang September hat der Bundesrat ohne epidemiologische Notwendigkeit mit der Ausweitung der Zertifikatpflicht im Inland einen faktischen Impfzwang eingef\u00fchrt und unsere Gesellschaft gespalten. Das d\u00fcrfen wir so nicht akzeptieren!\u00bb<\/p>\n<p>Die Versammlung best\u00e4tigte dies und empfiehlt der Bev\u00f6lkerung ganz klar ein NEIN zur \u00c4nderung des Covid-19-Gesetzes am 28. November. Im Vordergrund steht, dass die aktuell geltende und diskriminierende Zertifikatspflicht unbedingt wieder r\u00fcckg\u00e4ngig gemacht werden muss. Es darf nicht sein, dass ein Teil der Bev\u00f6lkerung vom \u00f6ffentlichen Leben faktisch ausgeschlossen wird. Wir lassen uns nicht gegeneinander ausspielen und aufhetzen! Diese Spaltung der Bev\u00f6lkerung lehnt die SVP klar und deutlich ab.<\/p>\n<p>Die Schwyzer SVP ist der Meinung, dass Freie B\u00fcrgerinnen und B\u00fcrger keine Bevormundung durch den Staat brauchen. Sie brauchen kein Zertifikat f\u00fcrs Leben. Deshalb empfiehlt die SVP klar NEIN zum Covid-Gesetz und fordert die Freiheit zur\u00fcck!<\/p>\n","protected":false},"excerpt":{"rendered":"<p>Medienmitteilung Am 2. November 2021 hat die SVP Kanton Schwyz im Restaurant Pension Betschart in Ibach die Parteiversammlung abgehalten. Die Versammlung musste in einem gedeckten Aussenbereich und entsprechenden Schutzkonzept stattfinden &hellip; <a href=\"https:\/\/www.arth-online.ch\/svp\/die-svp-sagt-3x-nein-am-28-november-2021\/\" class=\"more-link\"><span class=\"screen-reader-text\">\u201eDie SVP sagt 3x Nein am 28. November 2021\u201c <\/span>weiterlesen<\/a><\/p>\n","protected":false},"author":1,"featured_media":0,"comment_status":"open","ping_status":"open","sticky":false,"template":"","format":"standard","meta":{"ngg_post_thumbnail":0,"footnotes":"","_links_to":"","_links_to_target":""},"categories":[6],"tags":[],"class_list":["post-4168","post","type-post","status-publish","format-standard","hentry","category-kantonalpartei"],"distributor_meta":false,"distributor_terms":false,"distributor_media":false,"distributor_original_site_name":"SVP Arth-Oberarth-Goldau","distributor_original_site_url":"https:\/\/www.arth-online.ch\/svp","push-errors":false,"_links":{"self":[{"href":"https:\/\/www.arth-online.ch\/svp\/wp-json\/wp\/v2\/posts\/4168","targetHints":{"allow":["GET"]}}],"collection":[{"href":"https:\/\/www.arth-online.ch\/svp\/wp-json\/wp\/v2\/posts"}],"about":[{"href":"https:\/\/www.arth-online.ch\/svp\/wp-json\/wp\/v2\/types\/post"}],"author":[{"embeddable":true,"href":"https:\/\/www.arth-online.ch\/svp\/wp-json\/wp\/v2\/users\/1"}],"replies":[{"embeddable":true,"href":"https:\/\/www.arth-online.ch\/svp\/wp-json\/wp\/v2\/comments?post=4168"}],"version-history":[{"count":3,"href":"https:\/\/www.arth-online.ch\/svp\/wp-json\/wp\/v2\/posts\/4168\/revisions"}],"predecessor-version":[{"id":4172,"href":"https:\/\/www.arth-online.ch\/svp\/wp-json\/wp\/v2\/posts\/4168\/revisions\/4172"}],"wp:attachment":[{"href":"https:\/\/www.arth-online.ch\/svp\/wp-json\/wp\/v2\/media?parent=4168"}],"wp:term":[{"taxonomy":"category","embeddable":true,"href":"https:\/\/www.arth-online.ch\/svp\/wp-json\/wp\/v2\/categories?post=4168"},{"taxonomy":"post_tag","embeddable":true,"href":"https:\/\/www.arth-online.ch\/svp\/wp-json\/wp\/v2\/tags?post=4168"}],"curies":[{"name":"wp","href":"https:\/\/api.w.org\/{rel}","templated":true}]}}