{"id":4121,"date":"2021-11-01T12:21:34","date_gmt":"2021-11-01T11:21:34","guid":{"rendered":"https:\/\/www.arth-online.ch\/svp\/?p=4121"},"modified":"2021-11-01T12:21:34","modified_gmt":"2021-11-01T11:21:34","slug":"nein-zum-covid-19-gesetz","status":"publish","type":"post","link":"https:\/\/www.arth-online.ch\/svp\/nein-zum-covid-19-gesetz\/","title":{"rendered":"Nein zum Covid-19-Gesetz"},"content":{"rendered":"<h2>Leserbrief<\/h2>\n<p>Mit der neuerlichen Abstimmung vom 28. November 2021 \u00fcber die anhaltenden, unverh\u00e4ltnism\u00e4ssigen und bisweilen rechtswidrigen Corona-Schutz- und Hygienemassnahmen erhalten wir eine zweite Chance Nein zu sagen. Genau wie einst die alten Eidgenossen zu Willhelm- Tells-Zeiten liegt es auch an uns (dem Volk und Souver\u00e4n) die Herrschenden wieder zur Besinnung zu bringen. Im Gegensatz zu damals herrschen V\u00f6gte und Tyrannen nicht mehr von Schl\u00f6ssern und Burgen herab aufs \u201egemeine Volk\u201c, sondern sitzen an den Schalthebeln in Bern, den jeweiligen Kantonsregierungen und in den von uns Steuerzahlern bequem eingerichteten B\u00fcror\u00e4umlichkeiten der ausufernden Verwaltung.<\/p>\n<p>W\u00e4hrend nun mehr \u00fcber 18 Monaten herrscht hierzulande ein unw\u00fcrdiges Treiben. Direktdemokratische Grundrechte (u.a. die Versammlungs-, Rede und Gewerbefreiheit) werden durch polizeiliche Massnahmen unterbunden bzw. stark eingeschr\u00e4nkt. Wer sagt, was er zum Thema denkt, wird als Querulant, Verschw\u00f6rungstheoretiker \u2013 ja gar am Tode von den angeblich abertausenden an oder mit Corona-Verstorbenen mitverantwortlich gemacht. Fakt ist, dass bei den angeblich \u00fcber 11`000 an oder mit Corona-Verstorbenen weniger als 100 Personen (!) unter 50 Jahre alt waren. Tyrannisiert durch all die getroffenen Massnahmen wird aber die gesamte Bev\u00f6lkerung! Selbst als Kantonsparlamentarier erh\u00e4lt man auf entsprechende Fragen keine konkreten Antworten, wird mit pauschalen Floskeln zugedeckt \u2013 Kritik unerw\u00fcnscht! Die Grundlage f\u00fcr derartige Einschr\u00e4nkungen unserer Grundrechte mit all den absurden Massnahmen fehlt somit bis heute. Es gab und gibt keine Evidenz f\u00fcr all das Verbrechen, was uns als bisweilen freie B\u00fcrger in einem freien Land angetan wurde. Gegipfelt im indirekten Impfzwang, verbunden mit der totalit\u00e4ren Zertifikatsplicht. Soll sich doch jeder und jede reinspritzen was er oder sie m\u00f6chte aber bitte lasst alle in Ruhe, welche bewusst darauf verzichten. Komisch auch, dass hier das Wort Diskriminierung von offizieller Seite nie ins Feld gef\u00fchrt wird. W\u00e4hrend man an unseren Schulen im Sportunterricht nicht einmal mehr das Spiel: \u201eWer hat Angst vom schwarzen Mann?&#8230;.\u201c durchf\u00fchren darf &#8211; demgegen\u00fcber aber in Zeiten des Gender-Wahnsinns alle Minderheitsformen und Arten an unseren Schulen hochlebt und in die K\u00f6pfe der Jugendlichen implementiert! \u2013 k\u00f6nnen wir als Ungeimpfte kurzerhand aus Teilen und Bereichen des \u00f6ffentlichen Lebens auf diskriminierende Art und Weise ausgeschlossen werden. Sp\u00e4testens bei den n\u00e4chsten Wahlen sind Politikerinnen und Politiker, welche sich gegen unsere Freiheit und unsere verfassungsm\u00e4ssigen Grundrechte aussprachen und sich weiterhin als moderne Tyrannen und V\u00f6gte aufspielen, aus Amt und W\u00fcrden zu entfernen. Konsequent und Querbeet \u00fcber alle Parteien hinweg!<\/p>\n<p>So schworen sich einst die alten Eidgenossen auf dem R\u00fctli: \u201eWir wollen sein ein einzig Volk von Br\u00fcdern, in keiner Not uns trennen und Gefahr. Wir wollen frei sein, wie die V\u00e4ter waren, eher den Tod, als in der Knechtschaft leben. Wir wollen trauen auf den h\u00f6chsten Gott und uns nicht f\u00fcrchten vor der Macht der Menschen.\u201c Es reicht! Lassen wir den Freiheitsgedanken von damals wieder hochleben. Es wird Zeit, dass wir unsere Freiheit und verfassungsm\u00e4ssigen Grundrechte endlich wieder erlangen. Stimmen wir am 28. November 2021 \u00fcberzeugt und voller Inbrunst Nein zum gef\u00e4hrlichen Covid-19-Gesetz.<\/p>\n<p><img loading=\"lazy\" decoding=\"async\" src=\"http:\/\/www.arth-online.ch\/svp\/wp-content\/uploads\/sites\/2\/2020\/11\/diethelm_bernhard_600x600.jpg\" alt=\"\" width=\"150\" height=\"150\" class=\"alignnone size-full wp-image-3700\" srcset=\"https:\/\/www.arth-online.ch\/svp\/wp-content\/uploads\/sites\/2\/2020\/11\/diethelm_bernhard_600x600.jpg 600w, https:\/\/www.arth-online.ch\/svp\/wp-content\/uploads\/sites\/2\/2020\/11\/diethelm_bernhard_600x600-300x300.jpg 300w, https:\/\/www.arth-online.ch\/svp\/wp-content\/uploads\/sites\/2\/2020\/11\/diethelm_bernhard_600x600-150x150.jpg 150w, https:\/\/www.arth-online.ch\/svp\/wp-content\/uploads\/sites\/2\/2020\/11\/diethelm_bernhard_600x600-250x250.jpg 250w, https:\/\/www.arth-online.ch\/svp\/wp-content\/uploads\/sites\/2\/2020\/11\/diethelm_bernhard_600x600-400x400.jpg 400w, https:\/\/www.arth-online.ch\/svp\/wp-content\/uploads\/sites\/2\/2020\/11\/diethelm_bernhard_600x600-100x100.jpg 100w\" sizes=\"auto, (max-width: 150px) 85vw, 150px\" \/><br \/>\n<em><strong>Bernhard Diethelm<\/strong>, Vorderthal SZ<br \/>\nSVP-Kantonsrat \/ nicht geimpft<\/em><\/p>\n","protected":false},"excerpt":{"rendered":"<p>Leserbrief Mit der neuerlichen Abstimmung vom 28. November 2021 \u00fcber die anhaltenden, unverh\u00e4ltnism\u00e4ssigen und bisweilen rechtswidrigen Corona-Schutz- und Hygienemassnahmen erhalten wir eine zweite Chance Nein zu sagen. Genau wie einst &hellip; <a href=\"https:\/\/www.arth-online.ch\/svp\/nein-zum-covid-19-gesetz\/\" class=\"more-link\"><span class=\"screen-reader-text\">\u201eNein zum Covid-19-Gesetz\u201c <\/span>weiterlesen<\/a><\/p>\n","protected":false},"author":1,"featured_media":0,"comment_status":"open","ping_status":"open","sticky":false,"template":"","format":"standard","meta":{"ngg_post_thumbnail":0,"footnotes":"","_links_to":"","_links_to_target":""},"categories":[9],"tags":[],"class_list":["post-4121","post","type-post","status-publish","format-standard","hentry","category-leserbrief"],"distributor_meta":false,"distributor_terms":false,"distributor_media":false,"distributor_original_site_name":"SVP Arth-Oberarth-Goldau","distributor_original_site_url":"https:\/\/www.arth-online.ch\/svp","push-errors":false,"_links":{"self":[{"href":"https:\/\/www.arth-online.ch\/svp\/wp-json\/wp\/v2\/posts\/4121","targetHints":{"allow":["GET"]}}],"collection":[{"href":"https:\/\/www.arth-online.ch\/svp\/wp-json\/wp\/v2\/posts"}],"about":[{"href":"https:\/\/www.arth-online.ch\/svp\/wp-json\/wp\/v2\/types\/post"}],"author":[{"embeddable":true,"href":"https:\/\/www.arth-online.ch\/svp\/wp-json\/wp\/v2\/users\/1"}],"replies":[{"embeddable":true,"href":"https:\/\/www.arth-online.ch\/svp\/wp-json\/wp\/v2\/comments?post=4121"}],"version-history":[{"count":1,"href":"https:\/\/www.arth-online.ch\/svp\/wp-json\/wp\/v2\/posts\/4121\/revisions"}],"predecessor-version":[{"id":4122,"href":"https:\/\/www.arth-online.ch\/svp\/wp-json\/wp\/v2\/posts\/4121\/revisions\/4122"}],"wp:attachment":[{"href":"https:\/\/www.arth-online.ch\/svp\/wp-json\/wp\/v2\/media?parent=4121"}],"wp:term":[{"taxonomy":"category","embeddable":true,"href":"https:\/\/www.arth-online.ch\/svp\/wp-json\/wp\/v2\/categories?post=4121"},{"taxonomy":"post_tag","embeddable":true,"href":"https:\/\/www.arth-online.ch\/svp\/wp-json\/wp\/v2\/tags?post=4121"}],"curies":[{"name":"wp","href":"https:\/\/api.w.org\/{rel}","templated":true}]}}