{"id":3804,"date":"2021-07-02T10:26:00","date_gmt":"2021-07-02T08:26:00","guid":{"rendered":"https:\/\/www.arth-online.ch\/svp\/?p=3804"},"modified":"2021-07-02T10:26:00","modified_gmt":"2021-07-02T08:26:00","slug":"ad-interim-praesident-roman-buergi-offiziell-bestaetigt","status":"publish","type":"post","link":"https:\/\/www.arth-online.ch\/svp\/ad-interim-praesident-roman-buergi-offiziell-bestaetigt\/","title":{"rendered":"Ad Interim Pr\u00e4sident Roman B\u00fcrgi offiziell best\u00e4tigt"},"content":{"rendered":"<h2>Medienmitteilung<\/h2>\n<p><strong>Am 1. Juli 2021 hat die SVP Kanton Schwyz ihre Generalversammlung abgehalten. Ad Interim Kantonalpr\u00e4sident Roman B\u00fcrgi er\u00f6ffnete die Generalversammlung im MythenForum. In den jeweiligen Jahresberichten haben Fraktionspr\u00e4sident Thomas Haas und Kantonalpr\u00e4sident Roman B\u00fcrgi die H\u00f6hepunkte des vergangenen Jahres gew\u00fcrdigt.<\/strong><\/p>\n<figure id=\"attachment_3805\" aria-describedby=\"caption-attachment-3805\" style=\"width: 720px\" class=\"wp-caption alignnone\"><img loading=\"lazy\" decoding=\"async\" src=\"http:\/\/www.arth-online.ch\/svp\/wp-content\/uploads\/sites\/2\/2021\/07\/gv-2021-720x405-1.jpg\" alt=\"\" width=\"720\" height=\"405\" class=\"size-full wp-image-3805\" srcset=\"https:\/\/www.arth-online.ch\/svp\/wp-content\/uploads\/sites\/2\/2021\/07\/gv-2021-720x405-1.jpg 720w, https:\/\/www.arth-online.ch\/svp\/wp-content\/uploads\/sites\/2\/2021\/07\/gv-2021-720x405-1-300x169.jpg 300w\" sizes=\"auto, (max-width: 709px) 85vw, (max-width: 909px) 67vw, (max-width: 984px) 61vw, (max-width: 1362px) 45vw, 600px\" \/><figcaption id=\"caption-attachment-3805\" class=\"wp-caption-text\">v.l.n.r. Dieter G\u00f6ldi, Kassier, Xaver Schuler, Vizepr\u00e4sident, Roman B\u00fcrgi, Pr\u00e4sident, Samuel L\u00fctolf, politischer Sekret\u00e4r<\/figcaption><\/figure>\n<p>Im Rahmen der Generalversammlung wurde ad interim Pr\u00e4sident und Kantonsrat Roman B\u00fcrgi offiziell gew\u00e4hlt. Ebenfalls offiziell gew\u00e4hlt wurde der K\u00fcssnachter Kantonsrat Samuel L\u00fctolf als politischer Sekret\u00e4r. Im Rahmen der Neubesetzung der Gesch\u00e4ftsleitung wurde Xaver Schuler, Gemeindepr\u00e4sident von Schwyz als neuer Vizepr\u00e4sident gew\u00e4hlt. Als Kassier neu gew\u00e4hlt wurde Dieter G\u00f6ldi, Gemeinderat aus Feusisberg. Damit ist die Gesch\u00e4ftsleitung der SVP Kanton Schwyz wieder komplett besetzt und bereit f\u00fcr die anstehenden Herausforderungen.<\/p>\n<p>Zum Schluss der Versammlung wurde der ehemalige Politische Sekret\u00e4r Ren\u00e9 Zwahlen verabschiedet. Ebenfalls verabschiedet wurde der ehemalige Pr\u00e4sident und alt Kantonsrat Walter Duss. Die Kantonalpartei dankt Walter Duss herzlich f\u00fcr das jahrelange Engagement f\u00fcr die SVP zu Gunsten von \u00abLand und L\u00fct\u00bb.<\/p>\n","protected":false},"excerpt":{"rendered":"<p>Medienmitteilung Am 1. Juli 2021 hat die SVP Kanton Schwyz ihre Generalversammlung abgehalten. Ad Interim Kantonalpr\u00e4sident Roman B\u00fcrgi er\u00f6ffnete die Generalversammlung im MythenForum. In den jeweiligen Jahresberichten haben Fraktionspr\u00e4sident Thomas &hellip; <a href=\"https:\/\/www.arth-online.ch\/svp\/ad-interim-praesident-roman-buergi-offiziell-bestaetigt\/\" class=\"more-link\"><span class=\"screen-reader-text\">\u201eAd Interim Pr\u00e4sident Roman B\u00fcrgi offiziell best\u00e4tigt\u201c <\/span>weiterlesen<\/a><\/p>\n","protected":false},"author":1,"featured_media":0,"comment_status":"open","ping_status":"open","sticky":false,"template":"","format":"standard","meta":{"ngg_post_thumbnail":0,"footnotes":"","_links_to":"","_links_to_target":""},"categories":[6],"tags":[],"class_list":["post-3804","post","type-post","status-publish","format-standard","hentry","category-kantonalpartei"],"distributor_meta":false,"distributor_terms":false,"distributor_media":false,"distributor_original_site_name":"SVP Arth-Oberarth-Goldau","distributor_original_site_url":"https:\/\/www.arth-online.ch\/svp","push-errors":false,"_links":{"self":[{"href":"https:\/\/www.arth-online.ch\/svp\/wp-json\/wp\/v2\/posts\/3804","targetHints":{"allow":["GET"]}}],"collection":[{"href":"https:\/\/www.arth-online.ch\/svp\/wp-json\/wp\/v2\/posts"}],"about":[{"href":"https:\/\/www.arth-online.ch\/svp\/wp-json\/wp\/v2\/types\/post"}],"author":[{"embeddable":true,"href":"https:\/\/www.arth-online.ch\/svp\/wp-json\/wp\/v2\/users\/1"}],"replies":[{"embeddable":true,"href":"https:\/\/www.arth-online.ch\/svp\/wp-json\/wp\/v2\/comments?post=3804"}],"version-history":[{"count":1,"href":"https:\/\/www.arth-online.ch\/svp\/wp-json\/wp\/v2\/posts\/3804\/revisions"}],"predecessor-version":[{"id":3806,"href":"https:\/\/www.arth-online.ch\/svp\/wp-json\/wp\/v2\/posts\/3804\/revisions\/3806"}],"wp:attachment":[{"href":"https:\/\/www.arth-online.ch\/svp\/wp-json\/wp\/v2\/media?parent=3804"}],"wp:term":[{"taxonomy":"category","embeddable":true,"href":"https:\/\/www.arth-online.ch\/svp\/wp-json\/wp\/v2\/categories?post=3804"},{"taxonomy":"post_tag","embeddable":true,"href":"https:\/\/www.arth-online.ch\/svp\/wp-json\/wp\/v2\/tags?post=3804"}],"curies":[{"name":"wp","href":"https:\/\/api.w.org\/{rel}","templated":true}]}}