{"id":3709,"date":"2020-12-03T18:15:12","date_gmt":"2020-12-03T17:15:12","guid":{"rendered":"http:\/\/www.arth-online.ch\/svp\/?p=3709"},"modified":"2020-12-10T18:26:52","modified_gmt":"2020-12-10T17:26:52","slug":"fahrplanwechsel-ohne-buslinie-arth-walchwil","status":"publish","type":"post","link":"https:\/\/www.arth-online.ch\/svp\/fahrplanwechsel-ohne-buslinie-arth-walchwil\/","title":{"rendered":"Fahrplanwechsel ohne Buslinie Arth-Walchwil"},"content":{"rendered":"<p>\u00dcber 600 Leute haben im Fr\u00fchling f\u00fcr eine Petition zur Aufrechterhaltung der Buslinie Arth-Walchwil unterschrieben. Trotz der grossen Anzahl von Bef\u00fcrwortern hat die Kantonsregierung in ihrer Medienmitteilung vom 19. Mai 2020 folgendes geschrieben:<\/p>\n<p><em>\u00abPetition kann nicht erf\u00fcllt werden \u2013 lm M\u00e4rz 2O2O wurde eine Petition eingereicht, welche die Aufrechterhaltung der Buslinie Arth-Walchwil verlangt. Auch der Gemeinderat Arth unterst\u00fctzt dieses Anliegen. Der Regierungsrat kann das Anliegen der Petition nicht erf\u00fcllen, weil damit das Funktionieren des gesamten Fahrplankonzepts verunm\u00f6glicht w\u00fcrde. Aus fahrplantechnischen Gr\u00fcnden m\u00fcssen die Busse zwingend in Arth wenden und k\u00f6nnen nicht bis nach Walchwil weitergef\u00fchrt werden.\u00bb<\/em><\/p>\n<p>Unseres Erachtens hat sich die Regierung vor der Erstellung des Fahrplankonzepts zu wenig \u00fcber die aktuelle Situation informiert, denn sonst h\u00e4tte sie herausgefunden, dass die seit Jahren bestehende Verbindung von Goldau \u00fcber Arth nach Walchwil und Zug rege genutzt wird und einem wirklichen Bed\u00fcrfnis entspricht.<\/p>\n<p>Auch endet f\u00fcr den Regierungsrat offensichtlich der Kanton Schwyz in Arth beim Badiparkplatz, denn in unmittelbarer N\u00e4he und direkt am Zugersee ist eine teure Buswendeschlaufe in Planung, welche g\u00e4nzlich im Gew\u00e4sserabstand gebaut werden soll.<\/p>\n<p>Zudem verkennt die Regierung, dass Bewohner zwischen Tafelstatt bis zur Zuger Kantonsgrenze \/ Rufibach vom \u00f6ffentlichen Verkehr v\u00f6llig ausgeschlossen werden: Ihnen bleibt nur der Fussweg auf der vielbefahrenen, schlecht beleuchteten Kantonsstrasse, ohne Trottoir und Veloweg und zum gr\u00f6ssten Teil mit Tempo 80 \u00fcbrig.<\/p>\n<p><strong>Das letzte Wort ist noch nicht gesprochen<\/strong><\/p>\n<p>Mit der Erarbeitung des n\u00e4chsten Fahrplanwechsel 2024 startet der Kanton bereits im n\u00e4chsten Jahr. Die SVP Arth-Oberarth-Goldau wird sich mit Nachdruck f\u00fcr eine Neuauflage der Busverbindung Arth-Walchwil einsetzen.<\/p>\n<p><em>SVP Arth-Oberarth-Goldau<\/em><\/p>\n","protected":false},"excerpt":{"rendered":"<p>\u00dcber 600 Leute haben im Fr\u00fchling f\u00fcr eine Petition zur Aufrechterhaltung der Buslinie Arth-Walchwil unterschrieben. Trotz der grossen Anzahl von Bef\u00fcrwortern hat die Kantonsregierung in ihrer Medienmitteilung vom 19. Mai &hellip; <a href=\"https:\/\/www.arth-online.ch\/svp\/fahrplanwechsel-ohne-buslinie-arth-walchwil\/\" class=\"more-link\"><span class=\"screen-reader-text\">\u201eFahrplanwechsel ohne Buslinie Arth-Walchwil\u201c <\/span>weiterlesen<\/a><\/p>\n","protected":false},"author":1,"featured_media":0,"comment_status":"open","ping_status":"open","sticky":false,"template":"","format":"standard","meta":{"ngg_post_thumbnail":0,"footnotes":"","_links_to":"","_links_to_target":""},"categories":[1],"tags":[],"class_list":["post-3709","post","type-post","status-publish","format-standard","hentry","category-allgemein"],"distributor_meta":false,"distributor_terms":false,"distributor_media":false,"distributor_original_site_name":"SVP Arth-Oberarth-Goldau","distributor_original_site_url":"https:\/\/www.arth-online.ch\/svp","push-errors":false,"_links":{"self":[{"href":"https:\/\/www.arth-online.ch\/svp\/wp-json\/wp\/v2\/posts\/3709","targetHints":{"allow":["GET"]}}],"collection":[{"href":"https:\/\/www.arth-online.ch\/svp\/wp-json\/wp\/v2\/posts"}],"about":[{"href":"https:\/\/www.arth-online.ch\/svp\/wp-json\/wp\/v2\/types\/post"}],"author":[{"embeddable":true,"href":"https:\/\/www.arth-online.ch\/svp\/wp-json\/wp\/v2\/users\/1"}],"replies":[{"embeddable":true,"href":"https:\/\/www.arth-online.ch\/svp\/wp-json\/wp\/v2\/comments?post=3709"}],"version-history":[{"count":1,"href":"https:\/\/www.arth-online.ch\/svp\/wp-json\/wp\/v2\/posts\/3709\/revisions"}],"predecessor-version":[{"id":3710,"href":"https:\/\/www.arth-online.ch\/svp\/wp-json\/wp\/v2\/posts\/3709\/revisions\/3710"}],"wp:attachment":[{"href":"https:\/\/www.arth-online.ch\/svp\/wp-json\/wp\/v2\/media?parent=3709"}],"wp:term":[{"taxonomy":"category","embeddable":true,"href":"https:\/\/www.arth-online.ch\/svp\/wp-json\/wp\/v2\/categories?post=3709"},{"taxonomy":"post_tag","embeddable":true,"href":"https:\/\/www.arth-online.ch\/svp\/wp-json\/wp\/v2\/tags?post=3709"}],"curies":[{"name":"wp","href":"https:\/\/api.w.org\/{rel}","templated":true}]}}