{"id":3707,"date":"2020-12-10T18:10:22","date_gmt":"2020-12-10T17:10:22","guid":{"rendered":"http:\/\/www.arth-online.ch\/svp\/?p=3707"},"modified":"2020-12-10T18:11:01","modified_gmt":"2020-12-10T17:11:01","slug":"bitte-hopp-schwyz-leben","status":"publish","type":"post","link":"https:\/\/www.arth-online.ch\/svp\/bitte-hopp-schwyz-leben\/","title":{"rendered":"Bitte \u00abHopp Schwyz\u00bb leben"},"content":{"rendered":"<h2>Zur Corona-Krise<\/h2>\n<p>Der Mittwochsausgabe unserer Tageszeitung war auch die mehrseitige Winter-Ausgabe des Schwyzer Wirtschafts-Impulsprogramms \u00abHopp Schwyz\u00bb beigelegt. Der Kanton Schwyz und sein Gewerbe werden da ins beste Licht ger\u00fcckt.<\/p>\n<p>Mit Schlagw\u00f6rtern wie \u00abHopp Schwyz war keine Eintagsfliege \u2013 jetzt erst recht\u00bb \u2013 \u00abwir schaffen das\u00bb und vielen anderen wird f\u00fcr die Schwyzer Wirtschaft geworben. Auf der neunten Seite der Beilage wird geschrieben: \u00abGewerbe: Ob Coiffeur, B\u00e4ckerei oder Drogerie \u2013 das lokale Gewerbe belebt unseren Kanton und erfreut die Kunden mit Qualit\u00e4t und pers\u00f6nlichem Service. Umso wichtiger ist es, die Gewerbler in diesem speziellen Jahr ganz besonders zu unterst\u00fctzen.\u00bb<\/p>\n<p>Das klingt alles sch\u00f6n und gut. Die Realit\u00e4t sieht aber leider ganz anders aus. Besonders die \u00f6ffentliche Hand versteckt sich bei Arbeitsvergaben immer wieder hinter dem sogenannten Submissionsverfahren. Der g\u00fcnstigste Anbieter bekommt den Auftrag, auch wenn die Differenz zum n\u00e4chsten Mitbewerber nur minim ist. Wenn die \u00f6ffentliche Hand das Bewusstsein f\u00fcr unser Gewerbe nicht lebt, wer soll es dann tun? Mit gutem Beispiel vorangehen! Schwyzer Gewerbe hat Qualit\u00e4t und bietet besten Service (meist schneller und ohne hohe Anfahrtskosten, weil man n\u00e4her ist!). Je weniger Auftr\u00e4ge, Arbeit und Eink\u00e4ufe im eigenen Kanton, desto weniger Steuereinnahmen.<\/p>\n<p>Ich vertraue darauf, dass die Schwyzer Bev\u00f6lkerung den Gedanken \u00abHopp Schwyz\u00bb ehrlich lebt und das lokale Gewerbe gerade in dieser Krisenzeit unterst\u00fctzt. Lokal kaufen ist ehrlich, sinn- und wertvoll f\u00fcr beide Seiten.<\/p>\n<p><img loading=\"lazy\" decoding=\"async\" src=\"http:\/\/www.arth-online.ch\/svp\/wp-content\/uploads\/sites\/2\/2020\/09\/buergi_roman_600x600-150x150.jpg\" alt=\"\" width=\"150\" height=\"150\" class=\"alignnone size-thumbnail wp-image-3419\" srcset=\"https:\/\/www.arth-online.ch\/svp\/wp-content\/uploads\/sites\/2\/2020\/09\/buergi_roman_600x600-150x150.jpg 150w, https:\/\/www.arth-online.ch\/svp\/wp-content\/uploads\/sites\/2\/2020\/09\/buergi_roman_600x600-300x300.jpg 300w, https:\/\/www.arth-online.ch\/svp\/wp-content\/uploads\/sites\/2\/2020\/09\/buergi_roman_600x600.jpg 600w\" sizes=\"auto, (max-width: 150px) 85vw, 150px\" \/><br \/>\n<em>Roman B\u00fcrgi, Kantonsrat, Unternehmer, Goldau<\/em><\/p>\n","protected":false},"excerpt":{"rendered":"<p>Zur Corona-Krise Der Mittwochsausgabe unserer Tageszeitung war auch die mehrseitige Winter-Ausgabe des Schwyzer Wirtschafts-Impulsprogramms \u00abHopp Schwyz\u00bb beigelegt. Der Kanton Schwyz und sein Gewerbe werden da ins beste Licht ger\u00fcckt. Mit &hellip; <a href=\"https:\/\/www.arth-online.ch\/svp\/bitte-hopp-schwyz-leben\/\" class=\"more-link\"><span class=\"screen-reader-text\">\u201eBitte \u00abHopp Schwyz\u00bb leben\u201c <\/span>weiterlesen<\/a><\/p>\n","protected":false},"author":1,"featured_media":0,"comment_status":"open","ping_status":"open","sticky":false,"template":"","format":"standard","meta":{"ngg_post_thumbnail":0,"footnotes":"","_links_to":"","_links_to_target":""},"categories":[9],"tags":[],"class_list":["post-3707","post","type-post","status-publish","format-standard","hentry","category-leserbrief"],"distributor_meta":false,"distributor_terms":false,"distributor_media":false,"distributor_original_site_name":"SVP Arth-Oberarth-Goldau","distributor_original_site_url":"https:\/\/www.arth-online.ch\/svp","push-errors":false,"_links":{"self":[{"href":"https:\/\/www.arth-online.ch\/svp\/wp-json\/wp\/v2\/posts\/3707","targetHints":{"allow":["GET"]}}],"collection":[{"href":"https:\/\/www.arth-online.ch\/svp\/wp-json\/wp\/v2\/posts"}],"about":[{"href":"https:\/\/www.arth-online.ch\/svp\/wp-json\/wp\/v2\/types\/post"}],"author":[{"embeddable":true,"href":"https:\/\/www.arth-online.ch\/svp\/wp-json\/wp\/v2\/users\/1"}],"replies":[{"embeddable":true,"href":"https:\/\/www.arth-online.ch\/svp\/wp-json\/wp\/v2\/comments?post=3707"}],"version-history":[{"count":1,"href":"https:\/\/www.arth-online.ch\/svp\/wp-json\/wp\/v2\/posts\/3707\/revisions"}],"predecessor-version":[{"id":3708,"href":"https:\/\/www.arth-online.ch\/svp\/wp-json\/wp\/v2\/posts\/3707\/revisions\/3708"}],"wp:attachment":[{"href":"https:\/\/www.arth-online.ch\/svp\/wp-json\/wp\/v2\/media?parent=3707"}],"wp:term":[{"taxonomy":"category","embeddable":true,"href":"https:\/\/www.arth-online.ch\/svp\/wp-json\/wp\/v2\/categories?post=3707"},{"taxonomy":"post_tag","embeddable":true,"href":"https:\/\/www.arth-online.ch\/svp\/wp-json\/wp\/v2\/tags?post=3707"}],"curies":[{"name":"wp","href":"https:\/\/api.w.org\/{rel}","templated":true}]}}