{"id":3702,"date":"2020-11-25T10:55:48","date_gmt":"2020-11-25T09:55:48","guid":{"rendered":"http:\/\/www.arth-online.ch\/svp\/?p=3702"},"modified":"2020-11-25T10:55:48","modified_gmt":"2020-11-25T09:55:48","slug":"in-den-suempfen-von-bern-episode-125","status":"publish","type":"post","link":"https:\/\/www.arth-online.ch\/svp\/in-den-suempfen-von-bern-episode-125\/","title":{"rendered":"In den S\u00fcmpfen von Bern &#8211; Episode 125"},"content":{"rendered":"<h2>Europa macht sich kaputt<\/h2>\n<p>W\u00e4hrend in Asien innerhalb von wenigen Tagen per Video-Konferenz eine neue Freihandelszone mit 2,2 Milliarden Menschen gegr\u00fcndet wurde, macht sich Europa mit Wahnsinns-Regulierungen wirtschaftlich selber kaputt. H\u00f6ren Sie hierzu meinen Kommentar in der heutigen Ausgabe. Wie stehen Sie zu diesem Thema? Erz\u00e4hlen Sie es mir in der Kommentarspalte!<\/p>\n<p><iframe loading=\"lazy\" title=\"Europa macht sich kaputt\" width=\"840\" height=\"473\" src=\"https:\/\/www.youtube.com\/embed\/EU20gjKVH7Q?feature=oembed\" frameborder=\"0\" allow=\"accelerometer; autoplay; clipboard-write; encrypted-media; gyroscope; picture-in-picture\" allowfullscreen><\/iframe><\/p>\n","protected":false},"excerpt":{"rendered":"<p>Europa macht sich kaputt W\u00e4hrend in Asien innerhalb von wenigen Tagen per Video-Konferenz eine neue Freihandelszone mit 2,2 Milliarden Menschen gegr\u00fcndet wurde, macht sich Europa mit Wahnsinns-Regulierungen wirtschaftlich selber kaputt. &hellip; <a href=\"https:\/\/www.arth-online.ch\/svp\/in-den-suempfen-von-bern-episode-125\/\" class=\"more-link\"><span class=\"screen-reader-text\">\u201eIn den S\u00fcmpfen von Bern &#8211; Episode 125\u201c <\/span>weiterlesen<\/a><\/p>\n","protected":false},"author":1,"featured_media":0,"comment_status":"open","ping_status":"open","sticky":false,"template":"","format":"standard","meta":{"ngg_post_thumbnail":0,"footnotes":"","_links_to":"","_links_to_target":""},"categories":[7],"tags":[],"class_list":["post-3702","post","type-post","status-publish","format-standard","hentry","category-svp-schweiz"],"distributor_meta":false,"distributor_terms":false,"distributor_media":false,"distributor_original_site_name":"SVP Arth-Oberarth-Goldau","distributor_original_site_url":"https:\/\/www.arth-online.ch\/svp","push-errors":false,"_links":{"self":[{"href":"https:\/\/www.arth-online.ch\/svp\/wp-json\/wp\/v2\/posts\/3702","targetHints":{"allow":["GET"]}}],"collection":[{"href":"https:\/\/www.arth-online.ch\/svp\/wp-json\/wp\/v2\/posts"}],"about":[{"href":"https:\/\/www.arth-online.ch\/svp\/wp-json\/wp\/v2\/types\/post"}],"author":[{"embeddable":true,"href":"https:\/\/www.arth-online.ch\/svp\/wp-json\/wp\/v2\/users\/1"}],"replies":[{"embeddable":true,"href":"https:\/\/www.arth-online.ch\/svp\/wp-json\/wp\/v2\/comments?post=3702"}],"version-history":[{"count":1,"href":"https:\/\/www.arth-online.ch\/svp\/wp-json\/wp\/v2\/posts\/3702\/revisions"}],"predecessor-version":[{"id":3703,"href":"https:\/\/www.arth-online.ch\/svp\/wp-json\/wp\/v2\/posts\/3702\/revisions\/3703"}],"wp:attachment":[{"href":"https:\/\/www.arth-online.ch\/svp\/wp-json\/wp\/v2\/media?parent=3702"}],"wp:term":[{"taxonomy":"category","embeddable":true,"href":"https:\/\/www.arth-online.ch\/svp\/wp-json\/wp\/v2\/categories?post=3702"},{"taxonomy":"post_tag","embeddable":true,"href":"https:\/\/www.arth-online.ch\/svp\/wp-json\/wp\/v2\/tags?post=3702"}],"curies":[{"name":"wp","href":"https:\/\/api.w.org\/{rel}","templated":true}]}}