{"id":3503,"date":"2020-10-09T15:55:49","date_gmt":"2020-10-09T13:55:49","guid":{"rendered":"http:\/\/www.arth-online.ch\/svp\/?p=3503"},"modified":"2020-10-09T15:56:23","modified_gmt":"2020-10-09T13:56:23","slug":"steigende-soziallasten-in-den-gemeinden","status":"publish","type":"post","link":"https:\/\/www.arth-online.ch\/svp\/steigende-soziallasten-in-den-gemeinden\/","title":{"rendered":"Steigende Soziallasten in den Gemeinden"},"content":{"rendered":"<p><strong>Die SVP anerkennt die steigenden Soziallasten in den Gemeinden und will das \u00dcbel an der Wurzel packen. Des Weiteren soll der Mittelstand entlastet werden.<\/strong><\/p>\n<p>Die wichtigsten Grundlagen des Berichts \u00abFinanzen 2020\u00bb sind die Einsch\u00e4tzungen der Verantwortlichen, was auf den Kanton bis 2035 Finanz- und Aufgabenplan bezogen zukommen wird. Zus\u00e4tzlich sind die bekannten Megatrends eingeflochten worden. In diesem Sinne beurteilt die SVP den Bericht als eine ausgezeichnete Diskussionsgrundlage mit sehr vielen interessanten Informationen. Kurzfristig beherrschen insbesondere zwei Themen den finanzpolitischen Diskurs: die steigenden Sozialausgaben der Gemeinden und die Entlastung der unteren und mittleren Einkommen.<\/p>\n<h2>Das \u00dcbel muss an der Wurzel gepackt werden<\/h2>\n<p>Das Problem der steigenden Sozialausgaben der Gemeinden ist erkannt. Vor allem die Zusch\u00fcsse an die Erg\u00e4nzungsleistungen AHV\/IV, die Finanzierung von ungedeckten Pflegekosten in den Heimen sowie die Pr\u00e4mienverbilligungen sind in den letzten Jahren stark gestiegen. Dazu kommen steigende Kosten im Fl\u00fcchtlingswesen, da der Bund seine Beitr\u00e4ge nach 5 bzw. 7 Jahren einstellt. Von verschiedenen Seiten wird deshalb eine Kostenverlagerung hin zum Kanton propagiert.<\/p>\n<p>&#8222;Das \u00dcbel muss an der Wurzel gepackt werden&#8220;, gibt Fraktionspr\u00e4sident Thomas Haas zu bedenken. Als Beispiel nennt Haas die Kosten im Fl\u00fcchtlingswesen. &#8222;Die Ursache des Kostenwachstum in diesem Bereich ist die verfehlte Migrationspolitik des Bundes. Hier gilt es, die Einwanderung von Wirtschaftsfl\u00fcchtlingen in unsere Sozialwerke konsequent zu unterbinden&#8220;.<\/p>\n<p>Als weitere L\u00f6sung unterst\u00fctzt die SVP die von der Regierung vorgeschlagene Massnahme im Rahmen des Innerkantonalen Finanzausgleichs (IFA), den Lastenausgleich neu auf strukturellen Indikatoren wie z.B. Altersquotient oder Sozialhilfequote zu basieren und die Soziallasten besser abzudecken. Zudem wird der Kanton zus\u00e4tzliche Finanzmittel von 3.5 Mio. Franken bereitstellen.<\/p>\n<p>Die SVP wird auch in Bezug auf die IFA Gesamtreform einen geplanten Vorstoss der Stawiko unterst\u00fctzen. Der Vorstoss hat das Ziel, ein anreizbasiertes, faires und zeitgem\u00e4sses Finanzausgleichssystem zu implementieren. Das Finanzausgleichssystem soll auf wissenschaftlichen Grundlagen fundieren und die bisherigen Schw\u00e4chen und Fehlanreize korrigieren, die aktuellen gesellschaftlichen Entwicklungen bei den Gemeinden im Bereich der Sozial- und Zentrumslasten ber\u00fccksichtigen, die aus vergangener Regional- und Strukturpolitik resultierende \u00dcberdotierung gewisser Gemeinden reduzieren und die schw\u00e4cheren mittleren Gemeinden nicht mehr vom innerkantonalen Finanzausgleich entkoppeln.<\/p>\n<p>Die SVP h\u00e4lt aber fest, dass der IFA bisher gut funktioniert hat. Die Steuerf\u00fcsse haben in beinahe allen Gemeinden gesenkt werden k\u00f6nnen. Die durchschnittliche Steuerdisparidit\u00e4t hat sich seit 2001 sogar halbiert.<\/p>\n<h2>Entlastung des Mittelstandes<\/h2>\n<p>Ein weiteres Thema ist die steuerliche Entlastung von Mittelstandsfamilien und der unteren und mittleren Einkommen. Dazu hat die SVP letzten Sommer ihre Mittelstandsinitiative eingereicht.<\/p>\n<p>Der Regierungsrat schl\u00e4gt als Gegenvorschlag eine Entlastung der unteren und mittleren Einkommen mit der Einf\u00fchrung eines degressiven Entlastungsabzugs vor. Im Grundsatz ist das f\u00fcr die SVP ein gangbarer Weg. Die SVP ist aber klar der Meinung, dass die steuerliche Entlastung nicht nur in den untersten Einkommen, sondern auch bis in die h\u00f6heren Mittelstandseinkommen wirken muss (mindestens bis CHF 80&#8217;000 \u2013 90&#8217;000 pro Jahr), insbesondere bei Familien mit Kindern. Es kann nicht sein, dass am Schluss wieder nur jene profitieren, die sowieso schon fast keine Steuern bezahlen und der Arbeiter mit Familie im Mittelstand geht wieder einmal leer aus.<\/p>\n<p>Die SVP wird sich im Rahmen der Kommissionsberatung einbringen und entsprechende Antr\u00e4ge stellen.<\/p>\n<p><img loading=\"lazy\" decoding=\"async\" src=\"http:\/\/www.arth-online.ch\/svp\/wp-content\/uploads\/sites\/2\/2020\/05\/svp-fraktionschef_haas_thomas-150x150.jpg\" alt=\"\" width=\"150\" height=\"150\" class=\"alignnone size-thumbnail wp-image-3116\" \/><br \/>\n<em>Thomas Haas<br \/>\nKantonsrat, Lachen<\/em><\/p>\n","protected":false},"excerpt":{"rendered":"<p>Die SVP anerkennt die steigenden Soziallasten in den Gemeinden und will das \u00dcbel an der Wurzel packen. Des Weiteren soll der Mittelstand entlastet werden. Die wichtigsten Grundlagen des Berichts \u00abFinanzen &hellip; <a href=\"https:\/\/www.arth-online.ch\/svp\/steigende-soziallasten-in-den-gemeinden\/\" class=\"more-link\"><span class=\"screen-reader-text\">\u201eSteigende Soziallasten in den Gemeinden\u201c <\/span>weiterlesen<\/a><\/p>\n","protected":false},"author":1,"featured_media":0,"comment_status":"open","ping_status":"open","sticky":false,"template":"","format":"standard","meta":{"ngg_post_thumbnail":0,"footnotes":"","_links_to":"","_links_to_target":""},"categories":[6],"tags":[],"class_list":["post-3503","post","type-post","status-publish","format-standard","hentry","category-kantonalpartei"],"distributor_meta":false,"distributor_terms":false,"distributor_media":false,"distributor_original_site_name":"SVP Arth-Oberarth-Goldau","distributor_original_site_url":"https:\/\/www.arth-online.ch\/svp","push-errors":false,"_links":{"self":[{"href":"https:\/\/www.arth-online.ch\/svp\/wp-json\/wp\/v2\/posts\/3503","targetHints":{"allow":["GET"]}}],"collection":[{"href":"https:\/\/www.arth-online.ch\/svp\/wp-json\/wp\/v2\/posts"}],"about":[{"href":"https:\/\/www.arth-online.ch\/svp\/wp-json\/wp\/v2\/types\/post"}],"author":[{"embeddable":true,"href":"https:\/\/www.arth-online.ch\/svp\/wp-json\/wp\/v2\/users\/1"}],"replies":[{"embeddable":true,"href":"https:\/\/www.arth-online.ch\/svp\/wp-json\/wp\/v2\/comments?post=3503"}],"version-history":[{"count":2,"href":"https:\/\/www.arth-online.ch\/svp\/wp-json\/wp\/v2\/posts\/3503\/revisions"}],"predecessor-version":[{"id":3505,"href":"https:\/\/www.arth-online.ch\/svp\/wp-json\/wp\/v2\/posts\/3503\/revisions\/3505"}],"wp:attachment":[{"href":"https:\/\/www.arth-online.ch\/svp\/wp-json\/wp\/v2\/media?parent=3503"}],"wp:term":[{"taxonomy":"category","embeddable":true,"href":"https:\/\/www.arth-online.ch\/svp\/wp-json\/wp\/v2\/categories?post=3503"},{"taxonomy":"post_tag","embeddable":true,"href":"https:\/\/www.arth-online.ch\/svp\/wp-json\/wp\/v2\/tags?post=3503"}],"curies":[{"name":"wp","href":"https:\/\/api.w.org\/{rel}","templated":true}]}}