{"id":3395,"date":"2020-09-06T17:34:43","date_gmt":"2020-09-06T15:34:43","guid":{"rendered":"http:\/\/www.arth-online.ch\/svp\/?p=3395"},"modified":"2020-09-06T17:34:43","modified_gmt":"2020-09-06T15:34:43","slug":"svp-bi-de-luet-mit-esther-friedli-und-marcel-dettling","status":"publish","type":"post","link":"https:\/\/www.arth-online.ch\/svp\/svp-bi-de-luet-mit-esther-friedli-und-marcel-dettling\/","title":{"rendered":"SVP bi de L\u00fct mit Esther Friedli und Marcel Dettling"},"content":{"rendered":"<p>Die SVP isch bi de L\u00fct mit Esther Friedli und Marcel Dettling. Unsere Kampagnenverantwortlichen dazu, wie wir die Begrenzungsinitiative f\u00fcr die Schweiz gewinnen k\u00f6nnen. Fragen k\u00f6nnen direkt in den Kommentaren gestellt werden, sie werden von Esther Friedli und Marcel Dettling live beantwortet.<\/p>\n<p><iframe loading=\"lazy\" title=\"SVP bi de L\u00fct mit Esther Friedli und Marcel Dettling\" width=\"840\" height=\"473\" src=\"https:\/\/www.youtube.com\/embed\/xhJaNe5PFUQ?feature=oembed\" frameborder=\"0\" allow=\"accelerometer; autoplay; encrypted-media; gyroscope; picture-in-picture\" allowfullscreen><\/iframe><\/p>\n","protected":false},"excerpt":{"rendered":"<p>Die SVP isch bi de L\u00fct mit Esther Friedli und Marcel Dettling. Unsere Kampagnenverantwortlichen dazu, wie wir die Begrenzungsinitiative f\u00fcr die Schweiz gewinnen k\u00f6nnen. Fragen k\u00f6nnen direkt in den Kommentaren &hellip; <a href=\"https:\/\/www.arth-online.ch\/svp\/svp-bi-de-luet-mit-esther-friedli-und-marcel-dettling\/\" class=\"more-link\"><span class=\"screen-reader-text\">\u201eSVP bi de L\u00fct mit Esther Friedli und Marcel Dettling\u201c <\/span>weiterlesen<\/a><\/p>\n","protected":false},"author":1,"featured_media":0,"comment_status":"open","ping_status":"open","sticky":false,"template":"","format":"standard","meta":{"ngg_post_thumbnail":0,"footnotes":"","_links_to":"","_links_to_target":""},"categories":[7],"tags":[],"class_list":["post-3395","post","type-post","status-publish","format-standard","hentry","category-svp-schweiz"],"distributor_meta":false,"distributor_terms":false,"distributor_media":false,"distributor_original_site_name":"SVP Arth-Oberarth-Goldau","distributor_original_site_url":"https:\/\/www.arth-online.ch\/svp","push-errors":false,"_links":{"self":[{"href":"https:\/\/www.arth-online.ch\/svp\/wp-json\/wp\/v2\/posts\/3395","targetHints":{"allow":["GET"]}}],"collection":[{"href":"https:\/\/www.arth-online.ch\/svp\/wp-json\/wp\/v2\/posts"}],"about":[{"href":"https:\/\/www.arth-online.ch\/svp\/wp-json\/wp\/v2\/types\/post"}],"author":[{"embeddable":true,"href":"https:\/\/www.arth-online.ch\/svp\/wp-json\/wp\/v2\/users\/1"}],"replies":[{"embeddable":true,"href":"https:\/\/www.arth-online.ch\/svp\/wp-json\/wp\/v2\/comments?post=3395"}],"version-history":[{"count":1,"href":"https:\/\/www.arth-online.ch\/svp\/wp-json\/wp\/v2\/posts\/3395\/revisions"}],"predecessor-version":[{"id":3396,"href":"https:\/\/www.arth-online.ch\/svp\/wp-json\/wp\/v2\/posts\/3395\/revisions\/3396"}],"wp:attachment":[{"href":"https:\/\/www.arth-online.ch\/svp\/wp-json\/wp\/v2\/media?parent=3395"}],"wp:term":[{"taxonomy":"category","embeddable":true,"href":"https:\/\/www.arth-online.ch\/svp\/wp-json\/wp\/v2\/categories?post=3395"},{"taxonomy":"post_tag","embeddable":true,"href":"https:\/\/www.arth-online.ch\/svp\/wp-json\/wp\/v2\/tags?post=3395"}],"curies":[{"name":"wp","href":"https:\/\/api.w.org\/{rel}","templated":true}]}}