{"id":3264,"date":"2020-08-16T19:02:36","date_gmt":"2020-08-16T17:02:36","guid":{"rendered":"http:\/\/www.arth-online.ch\/svp\/?p=3264"},"modified":"2020-08-16T19:02:36","modified_gmt":"2020-08-16T17:02:36","slug":"svp-bi-de-luet-mit-thomas-matter","status":"publish","type":"post","link":"https:\/\/www.arth-online.ch\/svp\/svp-bi-de-luet-mit-thomas-matter\/","title":{"rendered":"SVP bi de L\u00fct mit Thomas Matter"},"content":{"rendered":"<p>Eine neue Studie zeigt: Die Personenfreiz\u00fcgigkeit hat die Schweizerinnen und Schweizer \u00e4rmer gemacht &#8211; die Masseneinwanderung kostet jeden B\u00fcrger 3&#8217;500 Franken pro Jahr!<\/p>\n<p>Wir sprechen mit Nationalrat Thomas Matter \u00fcber die Resultate der Studie.<\/p>\n<p><iframe loading=\"lazy\" title=\"SVP bi de L\u00fct mit Thomas Matter\" width=\"840\" height=\"473\" src=\"https:\/\/www.youtube.com\/embed\/_ZjufglxarY?feature=oembed\" frameborder=\"0\" allow=\"accelerometer; autoplay; encrypted-media; gyroscope; picture-in-picture\" allowfullscreen><\/iframe><\/p>\n","protected":false},"excerpt":{"rendered":"<p>Eine neue Studie zeigt: Die Personenfreiz\u00fcgigkeit hat die Schweizerinnen und Schweizer \u00e4rmer gemacht &#8211; die Masseneinwanderung kostet jeden B\u00fcrger 3&#8217;500 Franken pro Jahr! Wir sprechen mit Nationalrat Thomas Matter \u00fcber &hellip; <a href=\"https:\/\/www.arth-online.ch\/svp\/svp-bi-de-luet-mit-thomas-matter\/\" class=\"more-link\"><span class=\"screen-reader-text\">\u201eSVP bi de L\u00fct mit Thomas Matter\u201c <\/span>weiterlesen<\/a><\/p>\n","protected":false},"author":1,"featured_media":0,"comment_status":"open","ping_status":"open","sticky":false,"template":"","format":"standard","meta":{"ngg_post_thumbnail":0,"footnotes":"","_links_to":"","_links_to_target":""},"categories":[7],"tags":[],"class_list":["post-3264","post","type-post","status-publish","format-standard","hentry","category-svp-schweiz"],"distributor_meta":false,"distributor_terms":false,"distributor_media":false,"distributor_original_site_name":"SVP Arth-Oberarth-Goldau","distributor_original_site_url":"https:\/\/www.arth-online.ch\/svp","push-errors":false,"_links":{"self":[{"href":"https:\/\/www.arth-online.ch\/svp\/wp-json\/wp\/v2\/posts\/3264","targetHints":{"allow":["GET"]}}],"collection":[{"href":"https:\/\/www.arth-online.ch\/svp\/wp-json\/wp\/v2\/posts"}],"about":[{"href":"https:\/\/www.arth-online.ch\/svp\/wp-json\/wp\/v2\/types\/post"}],"author":[{"embeddable":true,"href":"https:\/\/www.arth-online.ch\/svp\/wp-json\/wp\/v2\/users\/1"}],"replies":[{"embeddable":true,"href":"https:\/\/www.arth-online.ch\/svp\/wp-json\/wp\/v2\/comments?post=3264"}],"version-history":[{"count":1,"href":"https:\/\/www.arth-online.ch\/svp\/wp-json\/wp\/v2\/posts\/3264\/revisions"}],"predecessor-version":[{"id":3265,"href":"https:\/\/www.arth-online.ch\/svp\/wp-json\/wp\/v2\/posts\/3264\/revisions\/3265"}],"wp:attachment":[{"href":"https:\/\/www.arth-online.ch\/svp\/wp-json\/wp\/v2\/media?parent=3264"}],"wp:term":[{"taxonomy":"category","embeddable":true,"href":"https:\/\/www.arth-online.ch\/svp\/wp-json\/wp\/v2\/categories?post=3264"},{"taxonomy":"post_tag","embeddable":true,"href":"https:\/\/www.arth-online.ch\/svp\/wp-json\/wp\/v2\/tags?post=3264"}],"curies":[{"name":"wp","href":"https:\/\/api.w.org\/{rel}","templated":true}]}}