{"id":3262,"date":"2020-08-14T23:34:31","date_gmt":"2020-08-14T21:34:31","guid":{"rendered":"http:\/\/www.arth-online.ch\/svp\/?p=3262"},"modified":"2020-08-14T23:34:31","modified_gmt":"2020-08-14T21:34:31","slug":"zur-begrenzungsinitiative-von-den-gegnern-gerne-als-kuendigungsinitiative-bezeichnet","status":"publish","type":"post","link":"https:\/\/www.arth-online.ch\/svp\/zur-begrenzungsinitiative-von-den-gegnern-gerne-als-kuendigungsinitiative-bezeichnet\/","title":{"rendered":"Zur Begrenzungsinitiative, von den Gegnern gerne als K\u00fcndigungsinitiative bezeichnet"},"content":{"rendered":"<h2>Leserbrief<\/h2>\n<p>Aus individueller Sicht t\u00f6nt die Personenfreiz\u00fcgigkeit nat\u00fcrlich toll. Wer m\u00f6chte sich nicht frei in der EU bewegen und \u00fcberall niederlassen k\u00f6nnen? Nur: wir haben in Europa nach wie vor Nationalstaaten mit unterschiedlich ausgebauten Sozialleistungen. Wie schon Milton Friedman vor Jahrzehnten anmerkte, kann man entweder offene Grenzen haben oder einen Sozialstaat, beides geht nicht. <\/p>\n<p>Deshalb sollten wir die Einwanderung wieder selber in die Hand nehmen. Trotz der Angst, die medial gesch\u00fcrt wird, w\u00e4re nach nicht erfolgreichen Neuverhandlungen mit der EU eine allf\u00e4llige K\u00fcndigung der Bilateralen I, zu der die Personenfreiz\u00fcgigkeit geh\u00f6rt, alles andere als eine Katastrophe. Die Bilateralen I umfassen 7 Vertr\u00e4ge von weit \u00fcber 100 Vertr\u00e4gen, die wir mit der EU haben.<\/p>\n<p>Der bef\u00fcrchtete Wegfall des Freihandels ist durch viel \u00e4ltere Vertr\u00e4ge gesichert.<\/p>\n<p>Die Personenfreiz\u00fcgigkeit war auch ein wesentlicher Grund, warum sich die Briten f\u00fcr den Brexit entschieden haben.<\/p>\n<p>Lassen wir uns nicht beirren und nehmen wir das Zepter wieder selbst in die Hand. Stimmen wir JA am 27. September zur Begrenzungsinitiative! Nur so k\u00f6nnen wir wieder zur Selbstbestimmung zur\u00fcck, auf die die Schweiz immer so stolz war.<\/p>\n<p><em>Daniel Annen, Oberarth<\/em><\/p>\n","protected":false},"excerpt":{"rendered":"<p>Leserbrief Aus individueller Sicht t\u00f6nt die Personenfreiz\u00fcgigkeit nat\u00fcrlich toll. Wer m\u00f6chte sich nicht frei in der EU bewegen und \u00fcberall niederlassen k\u00f6nnen? Nur: wir haben in Europa nach wie vor &hellip; <a href=\"https:\/\/www.arth-online.ch\/svp\/zur-begrenzungsinitiative-von-den-gegnern-gerne-als-kuendigungsinitiative-bezeichnet\/\" class=\"more-link\"><span class=\"screen-reader-text\">\u201eZur Begrenzungsinitiative, von den Gegnern gerne als K\u00fcndigungsinitiative bezeichnet\u201c <\/span>weiterlesen<\/a><\/p>\n","protected":false},"author":1,"featured_media":0,"comment_status":"open","ping_status":"open","sticky":false,"template":"","format":"standard","meta":{"ngg_post_thumbnail":0,"footnotes":"","_links_to":"","_links_to_target":""},"categories":[1],"tags":[],"class_list":["post-3262","post","type-post","status-publish","format-standard","hentry","category-allgemein"],"distributor_meta":false,"distributor_terms":false,"distributor_media":false,"distributor_original_site_name":"SVP Arth-Oberarth-Goldau","distributor_original_site_url":"https:\/\/www.arth-online.ch\/svp","push-errors":false,"_links":{"self":[{"href":"https:\/\/www.arth-online.ch\/svp\/wp-json\/wp\/v2\/posts\/3262","targetHints":{"allow":["GET"]}}],"collection":[{"href":"https:\/\/www.arth-online.ch\/svp\/wp-json\/wp\/v2\/posts"}],"about":[{"href":"https:\/\/www.arth-online.ch\/svp\/wp-json\/wp\/v2\/types\/post"}],"author":[{"embeddable":true,"href":"https:\/\/www.arth-online.ch\/svp\/wp-json\/wp\/v2\/users\/1"}],"replies":[{"embeddable":true,"href":"https:\/\/www.arth-online.ch\/svp\/wp-json\/wp\/v2\/comments?post=3262"}],"version-history":[{"count":1,"href":"https:\/\/www.arth-online.ch\/svp\/wp-json\/wp\/v2\/posts\/3262\/revisions"}],"predecessor-version":[{"id":3263,"href":"https:\/\/www.arth-online.ch\/svp\/wp-json\/wp\/v2\/posts\/3262\/revisions\/3263"}],"wp:attachment":[{"href":"https:\/\/www.arth-online.ch\/svp\/wp-json\/wp\/v2\/media?parent=3262"}],"wp:term":[{"taxonomy":"category","embeddable":true,"href":"https:\/\/www.arth-online.ch\/svp\/wp-json\/wp\/v2\/categories?post=3262"},{"taxonomy":"post_tag","embeddable":true,"href":"https:\/\/www.arth-online.ch\/svp\/wp-json\/wp\/v2\/tags?post=3262"}],"curies":[{"name":"wp","href":"https:\/\/api.w.org\/{rel}","templated":true}]}}