{"id":3206,"date":"2020-08-03T20:36:30","date_gmt":"2020-08-03T18:36:30","guid":{"rendered":"http:\/\/www.arth-online.ch\/svp\/?p=3206"},"modified":"2020-08-03T20:39:08","modified_gmt":"2020-08-03T18:39:08","slug":"darum-ein-klares-ja-zur-begrenzungsinitiative","status":"publish","type":"post","link":"https:\/\/www.arth-online.ch\/svp\/darum-ein-klares-ja-zur-begrenzungsinitiative\/","title":{"rendered":"Darum ein klares Ja zur Begrenzungsinitiative"},"content":{"rendered":"<p>In den letzten 13 Jahren sind \u00fcber eine Million Menschen in die Schweiz eingewandert. Das heisst, dass jedes Jahr im Schnitt mehr als 75&#8217;000 Personen in die Schweiz einwandern und jedes Jahr eine Stadt St. Gallen in die Schweiz gepflastert werden muss. <\/p>\n<p>Kann ein derart kleines Land eine derart grosse Zuwanderung \u00fcberhaupt verkraften? Ist eine Integration all dieser Menschen \u00fcberhaupt noch m\u00f6glich, wenn in immer mehr Schulklassen keine \u00abEinheimischen\u00bb mehr vertreten sind? Wollen sie die Schweiz zupflastern und unsere L\u00f6hne und Arbeitsstellen durch die billigen Arbeitskr\u00e4fte aus dem Ausland gef\u00e4hrden? Die Bev\u00f6lkerung hat mit der Annahme der Ausschaffungsinitiative und der Annahme der Masseneinwanderungsinitiative der Politik schon zwei Mal den Auftrag gegeben, die unkontrollierte Zuwanderung und die negativen Auswirkungen der unkontrollierten Zuwanderung zu korrigieren. Vergeblich. Eine Mehrheit der Mitte-links-Politikerinnen und -Politiker in Bern weigert sich, den Volkswillen umzusetzen. <\/p>\n<p>Es braucht deshalb im September ein klares Ja zur kontrollierten Zuwanderung, ein Ja zur Begrenzungsinitiative. <\/p>\n<p><a href=\"http:\/\/www.arth-online.ch\/svp\/wp-content\/uploads\/sites\/2\/2020\/08\/schelbert_wendelin.jpg\"><img loading=\"lazy\" decoding=\"async\" src=\"http:\/\/www.arth-online.ch\/svp\/wp-content\/uploads\/sites\/2\/2020\/08\/schelbert_wendelin-150x150.jpg\" alt=\"\" width=\"150\" height=\"150\" class=\"alignnone size-thumbnail wp-image-3208\" \/><\/a><br \/>\n<em>Wendelin Schelbert, Kantonsrat<\/em><\/p>\n","protected":false},"excerpt":{"rendered":"<p>In den letzten 13 Jahren sind \u00fcber eine Million Menschen in die Schweiz eingewandert. Das heisst, dass jedes Jahr im Schnitt mehr als 75&#8217;000 Personen in die Schweiz einwandern und &hellip; <a href=\"https:\/\/www.arth-online.ch\/svp\/darum-ein-klares-ja-zur-begrenzungsinitiative\/\" class=\"more-link\"><span class=\"screen-reader-text\">\u201eDarum ein klares Ja zur Begrenzungsinitiative\u201c <\/span>weiterlesen<\/a><\/p>\n","protected":false},"author":1,"featured_media":0,"comment_status":"open","ping_status":"open","sticky":false,"template":"","format":"standard","meta":{"ngg_post_thumbnail":0,"footnotes":"","_links_to":"","_links_to_target":""},"categories":[1],"tags":[],"class_list":["post-3206","post","type-post","status-publish","format-standard","hentry","category-allgemein"],"distributor_meta":false,"distributor_terms":false,"distributor_media":false,"distributor_original_site_name":"SVP Arth-Oberarth-Goldau","distributor_original_site_url":"https:\/\/www.arth-online.ch\/svp","push-errors":false,"_links":{"self":[{"href":"https:\/\/www.arth-online.ch\/svp\/wp-json\/wp\/v2\/posts\/3206","targetHints":{"allow":["GET"]}}],"collection":[{"href":"https:\/\/www.arth-online.ch\/svp\/wp-json\/wp\/v2\/posts"}],"about":[{"href":"https:\/\/www.arth-online.ch\/svp\/wp-json\/wp\/v2\/types\/post"}],"author":[{"embeddable":true,"href":"https:\/\/www.arth-online.ch\/svp\/wp-json\/wp\/v2\/users\/1"}],"replies":[{"embeddable":true,"href":"https:\/\/www.arth-online.ch\/svp\/wp-json\/wp\/v2\/comments?post=3206"}],"version-history":[{"count":2,"href":"https:\/\/www.arth-online.ch\/svp\/wp-json\/wp\/v2\/posts\/3206\/revisions"}],"predecessor-version":[{"id":3209,"href":"https:\/\/www.arth-online.ch\/svp\/wp-json\/wp\/v2\/posts\/3206\/revisions\/3209"}],"wp:attachment":[{"href":"https:\/\/www.arth-online.ch\/svp\/wp-json\/wp\/v2\/media?parent=3206"}],"wp:term":[{"taxonomy":"category","embeddable":true,"href":"https:\/\/www.arth-online.ch\/svp\/wp-json\/wp\/v2\/categories?post=3206"},{"taxonomy":"post_tag","embeddable":true,"href":"https:\/\/www.arth-online.ch\/svp\/wp-json\/wp\/v2\/tags?post=3206"}],"curies":[{"name":"wp","href":"https:\/\/api.w.org\/{rel}","templated":true}]}}