{"id":3201,"date":"2020-08-02T23:30:47","date_gmt":"2020-08-02T21:30:47","guid":{"rendered":"http:\/\/www.arth-online.ch\/svp\/?p=3201"},"modified":"2020-08-02T23:30:47","modified_gmt":"2020-08-02T21:30:47","slug":"zum-1-august-2020","status":"publish","type":"post","link":"https:\/\/www.arth-online.ch\/svp\/zum-1-august-2020\/","title":{"rendered":"Zum 1. August 2020"},"content":{"rendered":"<p>Eigenst\u00e4ndig und frei. Wir Schweizerinnen und Schweizer wollen selbst entscheiden, wie es weitergeht mit unserem Land. Daf\u00fcr setzt sich die SVP Schweiz, daf\u00fcr setzen wir uns, unerm\u00fcdlich ein. Mit diesem Video w\u00fcnschen wir Euch allen einen sch\u00f6nen 1. August!<\/p>\n<p><iframe loading=\"lazy\" title=\"1. August 2020\" width=\"840\" height=\"473\" src=\"https:\/\/www.youtube.com\/embed\/KkPn-fGUoDY?feature=oembed\" frameborder=\"0\" allow=\"accelerometer; autoplay; encrypted-media; gyroscope; picture-in-picture\" allowfullscreen><\/iframe><\/p>\n","protected":false},"excerpt":{"rendered":"<p>Eigenst\u00e4ndig und frei. Wir Schweizerinnen und Schweizer wollen selbst entscheiden, wie es weitergeht mit unserem Land. Daf\u00fcr setzt sich die SVP Schweiz, daf\u00fcr setzen wir uns, unerm\u00fcdlich ein. Mit diesem &hellip; <a href=\"https:\/\/www.arth-online.ch\/svp\/zum-1-august-2020\/\" class=\"more-link\"><span class=\"screen-reader-text\">\u201eZum 1. August 2020\u201c <\/span>weiterlesen<\/a><\/p>\n","protected":false},"author":1,"featured_media":0,"comment_status":"open","ping_status":"open","sticky":false,"template":"","format":"standard","meta":{"ngg_post_thumbnail":0,"footnotes":"","_links_to":"","_links_to_target":""},"categories":[7],"tags":[],"class_list":["post-3201","post","type-post","status-publish","format-standard","hentry","category-svp-schweiz"],"distributor_meta":false,"distributor_terms":false,"distributor_media":false,"distributor_original_site_name":"SVP Arth-Oberarth-Goldau","distributor_original_site_url":"https:\/\/www.arth-online.ch\/svp","push-errors":false,"_links":{"self":[{"href":"https:\/\/www.arth-online.ch\/svp\/wp-json\/wp\/v2\/posts\/3201","targetHints":{"allow":["GET"]}}],"collection":[{"href":"https:\/\/www.arth-online.ch\/svp\/wp-json\/wp\/v2\/posts"}],"about":[{"href":"https:\/\/www.arth-online.ch\/svp\/wp-json\/wp\/v2\/types\/post"}],"author":[{"embeddable":true,"href":"https:\/\/www.arth-online.ch\/svp\/wp-json\/wp\/v2\/users\/1"}],"replies":[{"embeddable":true,"href":"https:\/\/www.arth-online.ch\/svp\/wp-json\/wp\/v2\/comments?post=3201"}],"version-history":[{"count":1,"href":"https:\/\/www.arth-online.ch\/svp\/wp-json\/wp\/v2\/posts\/3201\/revisions"}],"predecessor-version":[{"id":3202,"href":"https:\/\/www.arth-online.ch\/svp\/wp-json\/wp\/v2\/posts\/3201\/revisions\/3202"}],"wp:attachment":[{"href":"https:\/\/www.arth-online.ch\/svp\/wp-json\/wp\/v2\/media?parent=3201"}],"wp:term":[{"taxonomy":"category","embeddable":true,"href":"https:\/\/www.arth-online.ch\/svp\/wp-json\/wp\/v2\/categories?post=3201"},{"taxonomy":"post_tag","embeddable":true,"href":"https:\/\/www.arth-online.ch\/svp\/wp-json\/wp\/v2\/tags?post=3201"}],"curies":[{"name":"wp","href":"https:\/\/api.w.org\/{rel}","templated":true}]}}