{"id":3192,"date":"2020-07-31T11:35:50","date_gmt":"2020-07-31T09:35:50","guid":{"rendered":"http:\/\/www.arth-online.ch\/svp\/?p=3192"},"modified":"2020-07-31T12:03:58","modified_gmt":"2020-07-31T10:03:58","slug":"marco-chiesa-als-neuer-svp-parteipraesident-vorgeschlagen","status":"publish","type":"post","link":"https:\/\/www.arth-online.ch\/svp\/marco-chiesa-als-neuer-svp-parteipraesident-vorgeschlagen\/","title":{"rendered":"Marco Chiesa als neuer SVP-Parteipr\u00e4sident vorgeschlagen"},"content":{"rendered":"<h2>Medienmitteilung SVP Schweiz<\/h2>\n<p>30. Juli 2020, Marco Chiesa, Parteileitung, Lugano (Ruvigliana)<\/p>\n<p><strong>Die Findungskommission schl\u00e4gt dem Parteileitungsausschuss vor, an der kommenden Delegiertenversammlung vom 22. August 2020 in Brugg den Tessiner St\u00e4nderat und SVP-Vizepr\u00e4sidenten Marco Chiesa als neuen Parteipr\u00e4sidenten zu w\u00e4hlen.<\/strong><\/p>\n<p><img loading=\"lazy\" decoding=\"async\" src=\"http:\/\/www.arth-online.ch\/svp\/wp-content\/uploads\/sites\/2\/2020\/07\/chiesa_marco_20180802.jpg\" alt=\"\" width=\"720\" height=\"405\" class=\"alignnone size-full wp-image-3193\" srcset=\"https:\/\/www.arth-online.ch\/svp\/wp-content\/uploads\/sites\/2\/2020\/07\/chiesa_marco_20180802.jpg 720w, https:\/\/www.arth-online.ch\/svp\/wp-content\/uploads\/sites\/2\/2020\/07\/chiesa_marco_20180802-300x169.jpg 300w\" sizes=\"auto, (max-width: 709px) 85vw, (max-width: 909px) 67vw, (max-width: 984px) 61vw, (max-width: 1362px) 45vw, 600px\" \/><\/p>\n<p>Marco Chiesa war in der Findungskommission von Anfang an einer der Wunschkandidaten. Er musste aber Ende Februar aus beruflichen Gr\u00fcnden absagen, da seine damalige Stelle als Leiter eines Alterszentrums mit \u00fcber 80 Mitarbeitern ein zus\u00e4tzliches Engagement als SVP-Pr\u00e4sident ausschloss. Unterdessen hat er seine heutige Stelle nach 15 Jahren gek\u00fcndigt, um sich beruflich neu zu orientieren. Damit ist f\u00fcr ihn die \u00dcbernahme des Parteipr\u00e4sidiums m\u00f6glich geworden. Und er hat die Kandidatur angenommen.<\/p>\n<p>Marco Chiesa geh\u00f6rt zu den j\u00fcngeren Vertretern im St\u00e4nderat und \u00fcberzeugt durch seine klare politische Auffassung, die das Wohl der Schweiz in den Mittelpunkt stellt.<\/p>\n<p>Marco Chiesa leistete im Tessin solide Aufbauarbeit f\u00fcr die SVP, zuerst im Gemeinderat der kleinen Gemeinde Villa Luganese, nach deren Fusion mit der Stadt Lugano im Gemeinderat von Lugano und zuletzt im Tessiner Grossrat. Von 2015 \u2013 2019 war er Mitglied des Nationalrats und vor 10 Monaten wurde er von der Bev\u00f6lkerung seines Heimatkantons zum St\u00e4nderat gew\u00e4hlt. Er ist gleichzeitig auch einer der drei Vizepr\u00e4sidenten der SVP Schweiz.<\/p>\n<p>Die Findungskommission erachtet es als Gl\u00fccksfall und grossen Vorteil, dass der k\u00fcnftige Parteipr\u00e4sident aus der lateinischen Schweiz kommt, geht es doch in der kommenden Amtsperiode vor allem auch darum, die SVP in der Romandie zu st\u00e4rken.<\/p>\n<p>Als Bewohner des Grenzkantons Tessin setzt sich Marco Chiesa seit Jahren gegen die unkontrollierte Zuwanderung, die Staus auf den Strassen, die steigenden Immobilienpreise, gegen die unfaire Konkurrenz auf dem Arbeitsmarkt, den Druck auf die L\u00f6hne und den Druck auf die \u00e4lteren inl\u00e4ndischen Arbeitnehmenden und gegen die zunehmenden Kriminalit\u00e4t ein \u2013 alles negative Folgen der Personenfreiz\u00fcgigkeit. Auch wehrt sich Marco Chiesa aus tiefster \u00dcberzeugung gegen die institutionelle Anbindung der Schweiz an die EU mit einem Rahmenabkommen. Er ist damit ein Garant daf\u00fcr, dass diese zentralen Themen auch in der laufenden Legislatur bestimmend bleiben f\u00fcr die Politik der SVP Schweiz. Marco Chiesa ist verheiratet und Vater von zwei Kindern. Er hat sein Studium in Betriebswirtschaft an der Universit\u00e4t in Freiburg abgeschlossen. Er spricht fliessend italienisch, franz\u00f6sisch sowie gut deutsch.<\/p>\n<p>Mit Marco Chiesa ist die SVP Schweiz bestens ger\u00fcstet f\u00fcr die Zukunft!<\/p>\n<p><strong>Lebenslauf von Marco Chiesa (Kurzform):<\/strong><\/p>\n<ul>\n<li>Geboren 10.10.1974, wohnhaft in Ruvigliana, Lugano<\/li>\n<li>Verheiratet, zwei Kinder (10 und 12 Jahre alt)<\/li>\n<\/ul>\n<p><strong>Ausbildung:<\/strong><\/p>\n<ul>\n<li>2018 Master in Human Capital Management<br \/>\nSUSPI \u2013 Scuola universitaria professionale delle Svizzera italiana, 6928 Manno<\/li>\n<li>2006 Executive Master in Health Economics and Management<br \/>\nUSI \u2013 Universit\u00e0 della Svizzera italiana, 6900 Lugano<\/li>\n<li>1999 Abschluss des Studiums in Betriebswirtschaft mit Lizentiat<br \/>\nUniversit\u00e4t 1700 Fribourg\/Freiburg<\/li>\n<\/ul>\n<p><strong>Beruf:<\/strong><\/p>\n<ul>\n<li>2005 \u2013 2020 Direktor des Alterszentrums \u00abCentro Sociosanitario Opera Mater Christi\u00bb in 6537 Grono GR<\/li>\n<li>2003 &#8211; 2005 Direktionsassistent im Kantonsspital San Giovanni, 6500 Bellinzona<\/li>\n<li>2001 \u2013 2003 Berater bei der PwC SA, 1001 Lausanne und bei der UBS AG, Chiasso und Milano<\/li>\n<\/ul>\n<p><strong>Politik:<\/strong><\/p>\n<ul>\n<li>seit 02.12.2019 St\u00e4nderat und Mitglied der Aussenpolitischen Kommission, der Gesch\u00e4ftspr\u00fcfungs-kommission, der Staatpolitischen Kommission sowie der Redaktionskommission<\/li>\n<li>30.11.2015 \u2013 01.12.2019 Nationalrat<\/li>\n<li>2007 \u2013 2015 Grossrat des Kantons Tessin<\/li>\n<li>2004 \u2013 2013 Gemeinderat von Lugano (Legislative)<\/li>\n<li>2001 \u2013 2004 Gemeinderat von Villa Luganese (Legislative)<\/li>\n<\/ul>\n<p><strong>Interessenbindungen:<\/strong><\/p>\n<ul>\n<li>vgl. Interessenbindungsregister des St\u00e4nderates (<a href=\"https:\/\/www.parlament.ch\/centers\/documents\/de\/interessen-sr.pdf\">Link zu PDF<\/a>)<\/li>\n<\/ul>\n<p><strong>Milit\u00e4rdienst:<\/strong><\/p>\n<ul>\n<li>Wachtmeister der Infanterie<\/li>\n<\/ul>\n<p><strong>Hobbies:<\/strong><\/p>\n<ul>\n<li>Wandern, Exkursionen, Mountain-Bike, Skifahren<\/li>\n<\/ul>\n<p>&#8212;<br \/>\n<em>Siehe auch:<\/em><br \/>\n<strong>SVP bi de L\u00fct mit St\u00e4nderat Marco Chiesa<\/strong> (5.7.2020)<br \/>\n<iframe loading=\"lazy\" title=\"SVP bi de L\u00fct mit St\u00e4nderat Marco Chiesa\" width=\"840\" height=\"473\" src=\"https:\/\/www.youtube.com\/embed\/Mdikf-UErO8?feature=oembed\" frameborder=\"0\" allow=\"accelerometer; autoplay; encrypted-media; gyroscope; picture-in-picture\" allowfullscreen><\/iframe><\/p>\n","protected":false},"excerpt":{"rendered":"<p>Medienmitteilung SVP Schweiz 30. Juli 2020, Marco Chiesa, Parteileitung, Lugano (Ruvigliana) Die Findungskommission schl\u00e4gt dem Parteileitungsausschuss vor, an der kommenden Delegiertenversammlung vom 22. August 2020 in Brugg den Tessiner St\u00e4nderat &hellip; <a href=\"https:\/\/www.arth-online.ch\/svp\/marco-chiesa-als-neuer-svp-parteipraesident-vorgeschlagen\/\" class=\"more-link\"><span class=\"screen-reader-text\">\u201eMarco Chiesa als neuer SVP-Parteipr\u00e4sident vorgeschlagen\u201c <\/span>weiterlesen<\/a><\/p>\n","protected":false},"author":1,"featured_media":0,"comment_status":"open","ping_status":"open","sticky":false,"template":"","format":"standard","meta":{"ngg_post_thumbnail":0,"footnotes":"","_links_to":"","_links_to_target":""},"categories":[7],"tags":[],"class_list":["post-3192","post","type-post","status-publish","format-standard","hentry","category-svp-schweiz"],"distributor_meta":false,"distributor_terms":false,"distributor_media":false,"distributor_original_site_name":"SVP Arth-Oberarth-Goldau","distributor_original_site_url":"https:\/\/www.arth-online.ch\/svp","push-errors":false,"_links":{"self":[{"href":"https:\/\/www.arth-online.ch\/svp\/wp-json\/wp\/v2\/posts\/3192","targetHints":{"allow":["GET"]}}],"collection":[{"href":"https:\/\/www.arth-online.ch\/svp\/wp-json\/wp\/v2\/posts"}],"about":[{"href":"https:\/\/www.arth-online.ch\/svp\/wp-json\/wp\/v2\/types\/post"}],"author":[{"embeddable":true,"href":"https:\/\/www.arth-online.ch\/svp\/wp-json\/wp\/v2\/users\/1"}],"replies":[{"embeddable":true,"href":"https:\/\/www.arth-online.ch\/svp\/wp-json\/wp\/v2\/comments?post=3192"}],"version-history":[{"count":7,"href":"https:\/\/www.arth-online.ch\/svp\/wp-json\/wp\/v2\/posts\/3192\/revisions"}],"predecessor-version":[{"id":3200,"href":"https:\/\/www.arth-online.ch\/svp\/wp-json\/wp\/v2\/posts\/3192\/revisions\/3200"}],"wp:attachment":[{"href":"https:\/\/www.arth-online.ch\/svp\/wp-json\/wp\/v2\/media?parent=3192"}],"wp:term":[{"taxonomy":"category","embeddable":true,"href":"https:\/\/www.arth-online.ch\/svp\/wp-json\/wp\/v2\/categories?post=3192"},{"taxonomy":"post_tag","embeddable":true,"href":"https:\/\/www.arth-online.ch\/svp\/wp-json\/wp\/v2\/tags?post=3192"}],"curies":[{"name":"wp","href":"https:\/\/api.w.org\/{rel}","templated":true}]}}