{"id":2917,"date":"2020-03-22T22:43:47","date_gmt":"2020-03-22T21:43:47","guid":{"rendered":"http:\/\/www.arth-online.ch\/svp\/?p=2917"},"modified":"2020-03-22T22:44:27","modified_gmt":"2020-03-22T21:44:27","slug":"besten-dank","status":"publish","type":"post","link":"https:\/\/www.arth-online.ch\/svp\/besten-dank\/","title":{"rendered":"Besten Dank!"},"content":{"rendered":"<p>Gesch\u00e4tzte Mitglieder<\/p>\n<p>Heute durften wir einen sch\u00f6nen Erfolg verbuchen. Wir konnten unsere drei Regierungsratssitze souver\u00e4n verteidigen. Dasselbe gilt f\u00fcr die Parlamentswahlen, wo wir auf hohem Niveau konsolidieren konnten.<\/p>\n<p>Allen, die zu diesen Erfolgen beigetragen haben, sei herzlichst gedankt!<\/p>\n<p>Die Gesch\u00e4ftsleitung dankt auch allen Kandidierenden und gratuliert den Gew\u00e4hlten herzlich!<\/p>\n<p>Sie h\u00f6ren n\u00e4chste Woche wieder von uns. Ich w\u00fcnsche allen einen sch\u00f6nen Abend und freue mich f\u00fcr alle Gew\u00e4hlten.<\/p>\n<p><img loading=\"lazy\" decoding=\"async\" class=\"alignnone size-thumbnail wp-image-2648\" src=\"http:\/\/www.arth-online.ch\/svp\/wp-content\/uploads\/sites\/2\/2019\/12\/lutz_roland-150x150.jpg\" alt=\"\" width=\"150\" height=\"150\" srcset=\"https:\/\/www.arth-online.ch\/svp\/wp-content\/uploads\/sites\/2\/2019\/12\/lutz_roland-150x150.jpg 150w, https:\/\/www.arth-online.ch\/svp\/wp-content\/uploads\/sites\/2\/2019\/12\/lutz_roland-300x300.jpg 300w, https:\/\/www.arth-online.ch\/svp\/wp-content\/uploads\/sites\/2\/2019\/12\/lutz_roland.jpg 720w\" sizes=\"auto, (max-width: 150px) 85vw, 150px\" \/><br \/>\n<em>Roland Lutz<br \/>\nPr\u00e4sident SVP Kanton Schwyz<\/em><\/p>\n","protected":false},"excerpt":{"rendered":"<p>Gesch\u00e4tzte Mitglieder Heute durften wir einen sch\u00f6nen Erfolg verbuchen. Wir konnten unsere drei Regierungsratssitze souver\u00e4n verteidigen. Dasselbe gilt f\u00fcr die Parlamentswahlen, wo wir auf hohem Niveau konsolidieren konnten. Allen, die &hellip; <a href=\"https:\/\/www.arth-online.ch\/svp\/besten-dank\/\" class=\"more-link\"><span class=\"screen-reader-text\">\u201eBesten Dank!\u201c <\/span>weiterlesen<\/a><\/p>\n","protected":false},"author":1,"featured_media":0,"comment_status":"open","ping_status":"open","sticky":false,"template":"","format":"standard","meta":{"ngg_post_thumbnail":0,"footnotes":"","_links_to":"","_links_to_target":""},"categories":[1],"tags":[],"class_list":["post-2917","post","type-post","status-publish","format-standard","hentry","category-allgemein"],"distributor_meta":false,"distributor_terms":false,"distributor_media":false,"distributor_original_site_name":"SVP Arth-Oberarth-Goldau","distributor_original_site_url":"https:\/\/www.arth-online.ch\/svp","push-errors":false,"_links":{"self":[{"href":"https:\/\/www.arth-online.ch\/svp\/wp-json\/wp\/v2\/posts\/2917","targetHints":{"allow":["GET"]}}],"collection":[{"href":"https:\/\/www.arth-online.ch\/svp\/wp-json\/wp\/v2\/posts"}],"about":[{"href":"https:\/\/www.arth-online.ch\/svp\/wp-json\/wp\/v2\/types\/post"}],"author":[{"embeddable":true,"href":"https:\/\/www.arth-online.ch\/svp\/wp-json\/wp\/v2\/users\/1"}],"replies":[{"embeddable":true,"href":"https:\/\/www.arth-online.ch\/svp\/wp-json\/wp\/v2\/comments?post=2917"}],"version-history":[{"count":2,"href":"https:\/\/www.arth-online.ch\/svp\/wp-json\/wp\/v2\/posts\/2917\/revisions"}],"predecessor-version":[{"id":2919,"href":"https:\/\/www.arth-online.ch\/svp\/wp-json\/wp\/v2\/posts\/2917\/revisions\/2919"}],"wp:attachment":[{"href":"https:\/\/www.arth-online.ch\/svp\/wp-json\/wp\/v2\/media?parent=2917"}],"wp:term":[{"taxonomy":"category","embeddable":true,"href":"https:\/\/www.arth-online.ch\/svp\/wp-json\/wp\/v2\/categories?post=2917"},{"taxonomy":"post_tag","embeddable":true,"href":"https:\/\/www.arth-online.ch\/svp\/wp-json\/wp\/v2\/tags?post=2917"}],"curies":[{"name":"wp","href":"https:\/\/api.w.org\/{rel}","templated":true}]}}