{"id":2888,"date":"2020-03-14T12:36:36","date_gmt":"2020-03-14T11:36:36","guid":{"rendered":"http:\/\/www.arth-online.ch\/svp\/?p=2888"},"modified":"2020-03-14T12:38:33","modified_gmt":"2020-03-14T11:38:33","slug":"absage-der-generalversammlung-svp-kanton-schwyz-vom-25-maerz-2020","status":"publish","type":"post","link":"https:\/\/www.arth-online.ch\/svp\/absage-der-generalversammlung-svp-kanton-schwyz-vom-25-maerz-2020\/","title":{"rendered":"Absage der Generalversammlung SVP Kanton Schwyz vom 25. M\u00e4rz 2020"},"content":{"rendered":"<p>Sehr geehrte Mitglieder der gesamten SVP-Familie<\/p>\n<p>Aufgrund neuster Entwicklung hat der Bundesrat heute Nachmittag die Corona-Massnahmen versch\u00e4rft.<\/p>\n<p>Somit m\u00fcssen wir unsere Generalversammlung vom Mittwoch, 25. M\u00e4rz 2020 ABSAGEN.<\/p>\n<p>Die Versammlung findet zu einem sp\u00e4teren Zeitpunkt statt, jedoch kann aus jetziger Sicht nichts konkretes gesagt werden. Wir werden weiterhin informieren, sobald es Neuigkeiten gibt.<\/p>\n<p>Besten Dank f\u00fcr eurer Verst\u00e4ndnis.<\/p>\n<p>Freundliche Gr\u00fcsse<\/p>\n<p><img loading=\"lazy\" decoding=\"async\" src=\"http:\/\/www.arth-online.ch\/svp\/wp-content\/uploads\/sites\/2\/2020\/03\/logo_svp-sz.png\" alt=\"\" width=\"219\" height=\"65\" class=\"alignnone size-full wp-image-2890\" \/><br \/>\n<em>Sekretariat SVP Kanton Schwyz<br \/>\nPia Gisler<br \/>\nSonnmatt 3<br \/>\n6422 Steinen<br \/>\n041 838 19 10<br \/>\nsekretariat@svp-sz.ch<\/em><\/p>\n","protected":false},"excerpt":{"rendered":"<p>Sehr geehrte Mitglieder der gesamten SVP-Familie Aufgrund neuster Entwicklung hat der Bundesrat heute Nachmittag die Corona-Massnahmen versch\u00e4rft. Somit m\u00fcssen wir unsere Generalversammlung vom Mittwoch, 25. M\u00e4rz 2020 ABSAGEN. Die Versammlung &hellip; <a href=\"https:\/\/www.arth-online.ch\/svp\/absage-der-generalversammlung-svp-kanton-schwyz-vom-25-maerz-2020\/\" class=\"more-link\"><span class=\"screen-reader-text\">\u201eAbsage der Generalversammlung SVP Kanton Schwyz vom 25. M\u00e4rz 2020\u201c <\/span>weiterlesen<\/a><\/p>\n","protected":false},"author":1,"featured_media":0,"comment_status":"open","ping_status":"open","sticky":false,"template":"","format":"standard","meta":{"ngg_post_thumbnail":0,"footnotes":"","_links_to":"","_links_to_target":""},"categories":[1],"tags":[],"class_list":["post-2888","post","type-post","status-publish","format-standard","hentry","category-allgemein"],"distributor_meta":false,"distributor_terms":false,"distributor_media":false,"distributor_original_site_name":"SVP Arth-Oberarth-Goldau","distributor_original_site_url":"https:\/\/www.arth-online.ch\/svp","push-errors":false,"_links":{"self":[{"href":"https:\/\/www.arth-online.ch\/svp\/wp-json\/wp\/v2\/posts\/2888","targetHints":{"allow":["GET"]}}],"collection":[{"href":"https:\/\/www.arth-online.ch\/svp\/wp-json\/wp\/v2\/posts"}],"about":[{"href":"https:\/\/www.arth-online.ch\/svp\/wp-json\/wp\/v2\/types\/post"}],"author":[{"embeddable":true,"href":"https:\/\/www.arth-online.ch\/svp\/wp-json\/wp\/v2\/users\/1"}],"replies":[{"embeddable":true,"href":"https:\/\/www.arth-online.ch\/svp\/wp-json\/wp\/v2\/comments?post=2888"}],"version-history":[{"count":2,"href":"https:\/\/www.arth-online.ch\/svp\/wp-json\/wp\/v2\/posts\/2888\/revisions"}],"predecessor-version":[{"id":2891,"href":"https:\/\/www.arth-online.ch\/svp\/wp-json\/wp\/v2\/posts\/2888\/revisions\/2891"}],"wp:attachment":[{"href":"https:\/\/www.arth-online.ch\/svp\/wp-json\/wp\/v2\/media?parent=2888"}],"wp:term":[{"taxonomy":"category","embeddable":true,"href":"https:\/\/www.arth-online.ch\/svp\/wp-json\/wp\/v2\/categories?post=2888"},{"taxonomy":"post_tag","embeddable":true,"href":"https:\/\/www.arth-online.ch\/svp\/wp-json\/wp\/v2\/tags?post=2888"}],"curies":[{"name":"wp","href":"https:\/\/api.w.org\/{rel}","templated":true}]}}