{"id":2840,"date":"2020-02-20T00:18:27","date_gmt":"2020-02-19T23:18:27","guid":{"rendered":"http:\/\/www.arth-online.ch\/svp\/?p=2840"},"modified":"2020-03-06T17:08:37","modified_gmt":"2020-03-06T16:08:37","slug":"petition-aufrechterhaltung-buslinie-arth-walchwil","status":"publish","type":"post","link":"https:\/\/www.arth-online.ch\/svp\/petition-aufrechterhaltung-buslinie-arth-walchwil\/","title":{"rendered":"Petition \u00abAufrechterhaltung Buslinie Arth-Walchwil\u00bb"},"content":{"rendered":"<h2>SVP Arth-Oberarth-Goldau startet Unterschriftensammlung f\u00fcr die Petition \u00abAufrechterhaltung Buslinie Arth-Walchwil\u00bb<\/h2>\n<p>Wir fordern mit dieser Petition den Regierungsrat des Kantons Schwyz auf, ab Fahrplanwechsel Dezember 2020, die Buslinie zwischen Arth und Walchwil weiterhin bestehen zu lassen. <\/p>\n<p>Mit der Schliessung der Haltestellen Tafelstatt, R\u00f6tlen und Rufibach wird das Gemeindegebiet zwischen Tafelstatt bis zur Zuger Kantonsgrenze \/ Rufibach vom \u00f6ffentlichen Verkehr ausgeschlossen. Den Einwohnern bleibt nur der Fussweg auf der vielbefahrenen Kantonsstrasse, ohne Trottoir und Veloweg und zum gr\u00f6ssten Teil mit Tempo 80!<\/p>\n<p>F\u00fcr die Dorfschaft Arth ist die Busverbindung aus folgenden Gr\u00fcnden wichtig:<\/p>\n<p>Lokale Gewerbebetriebe sind angewiesen auf die wichtige Walchwiler Kundschaft. Ebenso benutzen viele Arbeitspendler bereits am fr\u00fchen Morgen den direkten Bus nach Zug.  <\/p>\n<p>Die Nachbargemeinden Arth und Walchwil pflegen schon immer einen engen Kontakt, dies auch im Vereinsleben und Brauchtum. <\/p>\n<p>Die Busverbindung ist f\u00fcr nicht motorisierte Einwohner die einzige M\u00f6glichkeit, um sicher und direkt ins Dorf Arth zu gelangen. Die Kantonstrasse verf\u00fcgt zwischen dem \u201eZig\u00fcnerpl\u00e4tzli\u201c und der Kantonsgrenze in Walchwil weder \u00fcber Trottoir, Strassenbeleuchtung noch Veloweg.<\/p>\n<p>Wir sammeln am Samstag, 29. Februar 2020 vor dem Restaurant Gotthard in Goldau und am Samstag, 7. M\u00e4rz 2020 auf dem Rathausplatz in Arth jeweils von 09.00 Uhr bis 11.30 Uhr m\u00f6glichst viele Unterschriften f\u00fcr unsere Petition.<\/p>\n<p>Wir freuen uns auf Ihren Besuch!<\/p>\n<p>Bitte ausdrucken, unterschreiben und zur\u00fcck senden:<br \/>\n<i class=\"fas fa-file-pdf\"><\/i> <a href=\"http:\/\/www.arth-online.ch\/svp\/wp-content\/uploads\/sites\/2\/2020\/02\/petition_buslinie_arth-walchwil.pdf\">Petition Buslinie Arth-Walchwil<\/a><\/p>\n<p><em>SVP Arth-Oberarth-Goldau<\/em><\/p>\n<p>&#8212;<br \/>\n<em>Siehe auch:<\/em> <a href=\"https:\/\/www.svp-zug.ch\/artikel\/petition-aufrechterhaltung-buslinie-5-hauptbahnhof-zug-bis-zum-bahnhof-walchwil-und-zurueck-via-st-adrian-keine-einstellung-der-linie-21\/\">Petition Aufrechterhaltung Buslinie 5 Hauptbahnhof Zug bis zum Bahnhof Walchwil und zur\u00fcck via St. Adrian; keine Einstellung der Linie 21<\/a><\/p>\n","protected":false},"excerpt":{"rendered":"<p>SVP Arth-Oberarth-Goldau startet Unterschriftensammlung f\u00fcr die Petition \u00abAufrechterhaltung Buslinie Arth-Walchwil\u00bb Wir fordern mit dieser Petition den Regierungsrat des Kantons Schwyz auf, ab Fahrplanwechsel Dezember 2020, die Buslinie zwischen Arth und &hellip; <a href=\"https:\/\/www.arth-online.ch\/svp\/petition-aufrechterhaltung-buslinie-arth-walchwil\/\" class=\"more-link\"><span class=\"screen-reader-text\">\u201ePetition \u00abAufrechterhaltung Buslinie Arth-Walchwil\u00bb\u201c <\/span>weiterlesen<\/a><\/p>\n","protected":false},"author":1,"featured_media":0,"comment_status":"open","ping_status":"open","sticky":false,"template":"","format":"standard","meta":{"ngg_post_thumbnail":0,"footnotes":"","_links_to":"","_links_to_target":""},"categories":[1],"tags":[],"class_list":["post-2840","post","type-post","status-publish","format-standard","hentry","category-allgemein"],"distributor_meta":false,"distributor_terms":false,"distributor_media":false,"distributor_original_site_name":"SVP Arth-Oberarth-Goldau","distributor_original_site_url":"https:\/\/www.arth-online.ch\/svp","push-errors":false,"_links":{"self":[{"href":"https:\/\/www.arth-online.ch\/svp\/wp-json\/wp\/v2\/posts\/2840","targetHints":{"allow":["GET"]}}],"collection":[{"href":"https:\/\/www.arth-online.ch\/svp\/wp-json\/wp\/v2\/posts"}],"about":[{"href":"https:\/\/www.arth-online.ch\/svp\/wp-json\/wp\/v2\/types\/post"}],"author":[{"embeddable":true,"href":"https:\/\/www.arth-online.ch\/svp\/wp-json\/wp\/v2\/users\/1"}],"replies":[{"embeddable":true,"href":"https:\/\/www.arth-online.ch\/svp\/wp-json\/wp\/v2\/comments?post=2840"}],"version-history":[{"count":5,"href":"https:\/\/www.arth-online.ch\/svp\/wp-json\/wp\/v2\/posts\/2840\/revisions"}],"predecessor-version":[{"id":2860,"href":"https:\/\/www.arth-online.ch\/svp\/wp-json\/wp\/v2\/posts\/2840\/revisions\/2860"}],"wp:attachment":[{"href":"https:\/\/www.arth-online.ch\/svp\/wp-json\/wp\/v2\/media?parent=2840"}],"wp:term":[{"taxonomy":"category","embeddable":true,"href":"https:\/\/www.arth-online.ch\/svp\/wp-json\/wp\/v2\/categories?post=2840"},{"taxonomy":"post_tag","embeddable":true,"href":"https:\/\/www.arth-online.ch\/svp\/wp-json\/wp\/v2\/tags?post=2840"}],"curies":[{"name":"wp","href":"https:\/\/api.w.org\/{rel}","templated":true}]}}