{"id":2644,"date":"2019-12-14T13:27:01","date_gmt":"2019-12-14T12:27:01","guid":{"rendered":"http:\/\/www.arth-online.ch\/svp\/?p=2644"},"modified":"2019-12-14T16:21:56","modified_gmt":"2019-12-14T15:21:56","slug":"geschaetzte-mitstreiterinnen-und-mitstreiter","status":"publish","type":"post","link":"https:\/\/www.arth-online.ch\/svp\/geschaetzte-mitstreiterinnen-und-mitstreiter\/","title":{"rendered":"Gesch\u00e4tzte Mitstreiterinnen und Mitstreiter"},"content":{"rendered":"<p>Ein ereignisreiches Jahr geht zu Ende. So d\u00fcrfen wir die kommende Legislatur nach intensiven eidg. Wahlk\u00e4mpfen zwei Nationalr\u00e4te und einen St\u00e4nderat \u2013 50% der Schwyzer-Berner Equipe \u2013 stellen. Das macht uns stolz und auferlegt uns Verantwortung.<\/p>\n<p>Nun stehen die Gesamterneuerungswahlen f\u00fcr das kantonale Parlament und die Regierung an. Wir steigen hoffungsvoll mit einer attraktiven Liste ins Rennen und wollen vorsichtig optimistisch sein. Auf keinen Fall d\u00fcrfen wir die Mitbewerber untersch\u00e4tzen! Als staatstragende Regierungspartei wollen wir uns auch in der kommenden Legislatur f\u00fcr Land und Leute in deren Sinn einsetzen und Eigeninteressen hintenanstellen.<\/p>\n<p>Leider gab es auch unappetitliche Vorf\u00e4lle, die sich ereigneten. Ich m\u00f6chte an dieser Stelle allen, die an der ao GV nicht teilnehmen konnten auf diesem Wege versichern, dass wir braunes Gedankengut nicht dulden und nicht haben wollen. Ich verweise f\u00fcr detaillierter Ausf\u00fchrungen auf den Auszug aus meiner an der GV gehaltenen Rede am Ende dieses Schreibens.<\/p>\n<p>Viele fragen sich, was man machen kann \/ muss, um den Schaden zu minimieren und zu verhindern, dass Solches wieder vorkommt. Ich habe folgenden Aktionsplan zurechtgelegt und werde diesen zeitnah ausf\u00fchren, Teile davon der Gesch\u00e4ftsleitung unterbreiten:<\/p>\n<ul>\n<li>Eine g\u00fctliche Einigung mit der SVP W\u00e4gital wird so schnell wie m\u00f6glich angestrebt, die Gespr\u00e4che sind in Greifweite. In einem Punkt werde ich aber hart bleiben: Es hat keinen Platz f\u00fcr Nazisympathisanten in unseren Reihen!<\/li>\n<li>Wir werden unser Kader anl\u00e4sslich der n\u00e4chsten Kantonalvorstandssitzung informieren und schulen, besonders wie man pr\u00e4ventiv und im schlechteren \u2013 nicht erhofften &#8211; Fall reaktiv damit umgeht.<\/li>\n<li>Wir lassen nicht zu, dass sich die rechtschaffenden 99,8% unserer Basis wegen ein paar Fehlbaren dauernd rechtfertigen oder sch\u00e4men m\u00fcssen.<\/li>\n<\/ul>\n<p>In diesem Sinne w\u00fcnsche ich allen eine sch\u00f6ne Weihnachtszeit, einen guten Rutsch ins 2020 und verleihe der Hoffnung Ausdruck, dass wir im Januar zusammen und geeint in die kantonalen Wahlen steigen werden und nat\u00fcrlich, dass wir unsere Ziele erreichen werden.<\/p>\n<p><img loading=\"lazy\" decoding=\"async\" class=\"alignnone size-thumbnail wp-image-2648\" src=\"http:\/\/www.arth-online.ch\/svp\/wp-content\/uploads\/sites\/2\/2019\/12\/lutz_roland-150x150.jpg\" alt=\"\" width=\"150\" height=\"150\" srcset=\"https:\/\/www.arth-online.ch\/svp\/wp-content\/uploads\/sites\/2\/2019\/12\/lutz_roland-150x150.jpg 150w, https:\/\/www.arth-online.ch\/svp\/wp-content\/uploads\/sites\/2\/2019\/12\/lutz_roland-300x300.jpg 300w, https:\/\/www.arth-online.ch\/svp\/wp-content\/uploads\/sites\/2\/2019\/12\/lutz_roland.jpg 720w\" sizes=\"auto, (max-width: 150px) 85vw, 150px\" \/><br \/>\n<em>Euer Pr\u00e4sident und Wahlkampfleiter<br \/>\nRoland Lutz, Einsiedeln<\/em><\/p>\n<div class=\"wc-shortcodes-box wc-shortcodes-item wc-shortcodes-content wc-shortcodes-clearfix wc-shortcodes-box-secondary \" style=\"text-align:left;\">\n<h2>Auszug aus der Ansprache an der ao. GV vom 11.12.2019<\/h2>\n<p>\u00abIch durfte in den letzten Wochen zahlreiche Medienanfragen beantworten, die sich um Verfehlungen Einzelner aus unseren Reihen drehten. \u00d6ffentlichkeit und Presse nehmen solche F\u00e4lle auf und stellen kritische Fragen, ob wir mit Neonazis oder sonstigem braunen Gedankengut zu tun haben.<\/p>\n<p>Nat\u00fcrlich haben wir das nicht! Einzelne jedoch, die unbedachte \u00c4usserungen machen oder sich nicht zu benehmen wissen, nehmen uns jedoch leider in Sippenhaft. Dann kam noch diese unselige Geschichte mit dem Treffen von Neonazis in Galgenen, die uns Einzelne auch gleich noch andichten wollen. Unsere Lokalmedien hingegen waren jedoch fair und ausgewogen.<\/p>\n<p>Die Nazis waren Sozialisten, gleichzeitig interessanterweise auch Antibolschewisten, sie waren Faschisten, Kriegstreiber, Massenm\u00f6rder und Antidemokraten, ja Tyrannen. Uns zu unterstellen, dass wir nur einen dieser Werte teilen sollen, schockiert mich. Ein Hitler, der Millionen f\u00fcr seine literarisch angek\u00fcndigten Kr\u00e4mpfe verrecken liess, ein Himmler, der Millionen vergasen, verhungern und erschiessen liess, ein Speer, der Millionen versklavte oder ein von Schirach, der die Jugend verf\u00fchrte und indoktrinierte. Wer kann solche Verbrecher, ihre Taten oder ihre Ideologien gutheissen?<\/p>\n<p>Und noch ein Hinweis an unsere sozialdemokratischen Freunde, die teilweise nicht m\u00fcde werden uns eine N\u00e4he zu Solchem zu unterstellen: Sowohl der Kommunist Mao wie auch der Kommunist Stalin haben es doch tats\u00e4chlich fertiggebracht noch mehr Menschen verhungern oder verrecken zu lassen oder zu ermorden.<\/p>\n<p><strong>Ich rufe jeden aus unseren Reihen, der dieses braune Gedankengut teilt, dazu auf, unsere SVP zu verlassen. Wir wollen Euch nicht!<\/strong>\u00bb<\/p>\n<\/div>\n","protected":false},"excerpt":{"rendered":"<p>Ein ereignisreiches Jahr geht zu Ende. So d\u00fcrfen wir die kommende Legislatur nach intensiven eidg. Wahlk\u00e4mpfen zwei Nationalr\u00e4te und einen St\u00e4nderat \u2013 50% der Schwyzer-Berner Equipe \u2013 stellen. Das macht &hellip; <a href=\"https:\/\/www.arth-online.ch\/svp\/geschaetzte-mitstreiterinnen-und-mitstreiter\/\" class=\"more-link\"><span class=\"screen-reader-text\">\u201eGesch\u00e4tzte Mitstreiterinnen und Mitstreiter\u201c <\/span>weiterlesen<\/a><\/p>\n","protected":false},"author":1,"featured_media":0,"comment_status":"open","ping_status":"open","sticky":false,"template":"","format":"standard","meta":{"ngg_post_thumbnail":0,"footnotes":"","_links_to":"","_links_to_target":""},"categories":[1],"tags":[],"class_list":["post-2644","post","type-post","status-publish","format-standard","hentry","category-allgemein"],"distributor_meta":false,"distributor_terms":false,"distributor_media":false,"distributor_original_site_name":"SVP Arth-Oberarth-Goldau","distributor_original_site_url":"https:\/\/www.arth-online.ch\/svp","push-errors":false,"_links":{"self":[{"href":"https:\/\/www.arth-online.ch\/svp\/wp-json\/wp\/v2\/posts\/2644","targetHints":{"allow":["GET"]}}],"collection":[{"href":"https:\/\/www.arth-online.ch\/svp\/wp-json\/wp\/v2\/posts"}],"about":[{"href":"https:\/\/www.arth-online.ch\/svp\/wp-json\/wp\/v2\/types\/post"}],"author":[{"embeddable":true,"href":"https:\/\/www.arth-online.ch\/svp\/wp-json\/wp\/v2\/users\/1"}],"replies":[{"embeddable":true,"href":"https:\/\/www.arth-online.ch\/svp\/wp-json\/wp\/v2\/comments?post=2644"}],"version-history":[{"count":8,"href":"https:\/\/www.arth-online.ch\/svp\/wp-json\/wp\/v2\/posts\/2644\/revisions"}],"predecessor-version":[{"id":2653,"href":"https:\/\/www.arth-online.ch\/svp\/wp-json\/wp\/v2\/posts\/2644\/revisions\/2653"}],"wp:attachment":[{"href":"https:\/\/www.arth-online.ch\/svp\/wp-json\/wp\/v2\/media?parent=2644"}],"wp:term":[{"taxonomy":"category","embeddable":true,"href":"https:\/\/www.arth-online.ch\/svp\/wp-json\/wp\/v2\/categories?post=2644"},{"taxonomy":"post_tag","embeddable":true,"href":"https:\/\/www.arth-online.ch\/svp\/wp-json\/wp\/v2\/tags?post=2644"}],"curies":[{"name":"wp","href":"https:\/\/api.w.org\/{rel}","templated":true}]}}