{"id":2409,"date":"2008-02-29T05:04:31","date_gmt":"2008-02-29T04:04:31","guid":{"rendered":"http:\/\/www.arth-online.ch\/svp\/?p=2409"},"modified":"2020-08-05T12:55:32","modified_gmt":"2020-08-05T10:55:32","slug":"gv-der-schweizerischen-volkspartei-arth-oberarth-goldau","status":"publish","type":"post","link":"https:\/\/www.arth-online.ch\/svp\/gv-der-schweizerischen-volkspartei-arth-oberarth-goldau\/","title":{"rendered":"GV der Schweizerischen Volkspartei Arth-Oberarth-Goldau"},"content":{"rendered":"<p><strong>\u00dcber 20 Prozent mehr neue Parteimitglieder und \u00fcber 40 Personen nahmen an der GV teil Am letzten Freitag, 22. Februar 2008, fand im Restaurant Hirschen in Goldau die j\u00e4hrliche Generalversammlung der SVP Arth-Oberarth-Goldau statt. Vier neue Vorstandsmitglieder wurden gew\u00e4hlt, \u00fcber kurz oder lang muss sich die Parteileitung nach einem neuen Pr\u00e4sidenten umsehen.<\/strong><\/p>\n<p><em>von Werner Geiger<\/em><\/p>\n<p><figure id=\"attachment_2411\" aria-describedby=\"caption-attachment-2411\" style=\"width: 300px\" class=\"wp-caption alignright\"><a href=\"http:\/\/www.arth-online.ch\/svp\/wp-content\/uploads\/sites\/2\/2019\/11\/svp_gv2008.jpg\"><img loading=\"lazy\" decoding=\"async\" src=\"http:\/\/www.arth-online.ch\/svp\/wp-content\/uploads\/sites\/2\/2019\/11\/svp_gv2008-300x225.jpg\" alt=\"\" width=\"300\" height=\"225\" class=\"size-medium wp-image-2411\" srcset=\"https:\/\/www.arth-online.ch\/svp\/wp-content\/uploads\/sites\/2\/2019\/11\/svp_gv2008-300x225.jpg 300w, https:\/\/www.arth-online.ch\/svp\/wp-content\/uploads\/sites\/2\/2019\/11\/svp_gv2008-768x576.jpg 768w, https:\/\/www.arth-online.ch\/svp\/wp-content\/uploads\/sites\/2\/2019\/11\/svp_gv2008.jpg 800w\" sizes=\"auto, (max-width: 300px) 85vw, 300px\" \/><\/a><figcaption id=\"caption-attachment-2411\" class=\"wp-caption-text\">Pr\u00e4sident Markus Birrer f\u00fchrte z\u00fcgig durch die GV<\/figcaption><\/figure>Am Freitag, 22. Februar 2008, er\u00f6ffnete Pr\u00e4sident Markus Birrer um 20.15 Uhr die Generalversammlung der Schweizerischen Volkspartei Arth-Oberarth-Goldau im Restaurant Hirschen in Goldau. Unter den \u00fcber 40 teilnehmenden Parteimitgliedern konnte er auch die Kantonsr\u00e4te Paul Fischlin und Roland Urech sowie Bezirksrat Ruedi Imlig und alt Kantonsrat Zeno Kenel begr\u00fcssen.<\/p>\n<p><strong>Traktandengesch\u00e4fte<\/strong><\/p>\n<p>Gem\u00e4ss Traktandenliste wurden Roland Urech und Inderbitzin Paul als Stimmenz\u00e4hler gew\u00e4hlt. Das von Urs Kappeler abgefasste und vorgetragene Protokoll wurde mit Applaus genehmigt und verdankt. Im Jahresbericht des Pr\u00e4sidenten wurde man nochmals an die vielen verschiedenen T\u00e4tigkeiten der Partei w\u00e4hrend des verflossenen Jahres erinnert. Mit dem Dank an seine Vorstandskollegen und alle Sympathisanten der SVP bedankte sich der Pr\u00e4sident f\u00fcr das abgelaufene Jahr. Kassier Toni Reichlin pr\u00e4sentierte die Rechnung 2007, welche mit einer bescheidenen Verm\u00f6genszunahme abschloss. Die beiden Revisoren Kari Steiner und Leo Kenel empfahlen die Rechung zur Annahme, was einstimmig gemacht wurde. Aufgrund der Regierungsrats-, Kantonsrats- und Gemeinderatswahlen in diesem Jahr wird die Rechnung 2008 gem\u00e4ss dem vorgeschlagenen Budget mit einem Mehraufwand abschliessen. Trotzdem wurde das Budget einstimmig angenommen und auch die Beitr\u00e4ge 40 Franken f\u00fcr Einzelmitglieder und 60 Franken f\u00fcr Familien werden beibehalten und wurden einstimmig genehmigt.<\/p>\n<p><strong>Wahlen<\/strong><\/p>\n<p><a href=\"http:\/\/www.arth-online.ch\/svp\/wp-content\/uploads\/sites\/2\/2019\/11\/svp_gv2008b.jpg\"><img loading=\"lazy\" decoding=\"async\" src=\"http:\/\/www.arth-online.ch\/svp\/wp-content\/uploads\/sites\/2\/2019\/11\/svp_gv2008b-300x200.jpg\" alt=\"\" width=\"300\" height=\"200\" class=\"alignright size-medium wp-image-2410\" srcset=\"https:\/\/www.arth-online.ch\/svp\/wp-content\/uploads\/sites\/2\/2019\/11\/svp_gv2008b-300x200.jpg 300w, https:\/\/www.arth-online.ch\/svp\/wp-content\/uploads\/sites\/2\/2019\/11\/svp_gv2008b-768x512.jpg 768w, https:\/\/www.arth-online.ch\/svp\/wp-content\/uploads\/sites\/2\/2019\/11\/svp_gv2008b.jpg 800w\" sizes=\"auto, (max-width: 300px) 85vw, 300px\" \/><\/a>F\u00fcr den abtretenden Urs Kappeler wurde Heimgard Vollenweider neu als Aktuarin einstimmig in den Vorstand gew\u00e4hlt. Als Verst\u00e4rkung und Erneuerung wurden als Beisitzer neu in den Vorstand gew\u00e4hlt: Daniel Annen, Arth; Martin Inderbitzin, Arth und Toni Schuler, Goldau. Wiedergew\u00e4hlt auf vier Jahre wurde Kari Steiner, Arth, als Rechnungsrevisor. Sp\u00e4testens nach den Wahlen wird sich die Parteif\u00fchrung mit der Suche nach einem neuen Pr\u00e4sidenten befassen m\u00fcssen, denn Markus Birrer m\u00f6chte dann zumal zur\u00fccktreten.<\/p>\n<p><strong>Mutationen \/ Jahresprogramm<\/strong><\/p>\n<p>Mit grosser Freude gab Pr\u00e4sident Markus Birrer bekannt, dass die SVP Arth-Oberarth-Goldau \u00fcber 20 Prozent Neueintritte zu verzeichnen hat, gegen\u00fcber nur einem Austritt. Das Jahresprogramm kann im Internet oder jeweils in der RigiPost eingesehen werden.<\/p>\n<p>Unter Verschiedenem wurden keine Antr\u00e4ge eingereicht. BR Ruedi Imlig erinnerte daran, dass am 22. April 2008 die Bezirksgemeinde stattfinden wird. Er l\u00e4dt alle interessierten B\u00fcrger ein an der Bezirksgemeinde teilzunehmen, da interessante Wahlen get\u00e4tigt werden m\u00fcssen.<\/p>\n<p>Nach rund anderthalb Stunden konnte Pr\u00e4sident Markus Birrer mit dem Dank an die Parteimitglieder, die erfolgreiche Versammlung schliessen.<\/p>\n","protected":false},"excerpt":{"rendered":"<p>\u00dcber 20 Prozent mehr neue Parteimitglieder und \u00fcber 40 Personen nahmen an der GV teil Am letzten Freitag, 22. Februar 2008, fand im Restaurant Hirschen in Goldau die j\u00e4hrliche Generalversammlung &hellip; <a href=\"https:\/\/www.arth-online.ch\/svp\/gv-der-schweizerischen-volkspartei-arth-oberarth-goldau\/\" class=\"more-link\"><span class=\"screen-reader-text\">\u201eGV der Schweizerischen Volkspartei Arth-Oberarth-Goldau\u201c <\/span>weiterlesen<\/a><\/p>\n","protected":false},"author":1,"featured_media":0,"comment_status":"open","ping_status":"open","sticky":false,"template":"","format":"standard","meta":{"ngg_post_thumbnail":0,"footnotes":"","_links_to":"","_links_to_target":""},"categories":[8],"tags":[],"class_list":["post-2409","post","type-post","status-publish","format-standard","hentry","category-gv"],"distributor_meta":false,"distributor_terms":false,"distributor_media":false,"distributor_original_site_name":"SVP Arth-Oberarth-Goldau","distributor_original_site_url":"https:\/\/www.arth-online.ch\/svp","push-errors":false,"_links":{"self":[{"href":"https:\/\/www.arth-online.ch\/svp\/wp-json\/wp\/v2\/posts\/2409","targetHints":{"allow":["GET"]}}],"collection":[{"href":"https:\/\/www.arth-online.ch\/svp\/wp-json\/wp\/v2\/posts"}],"about":[{"href":"https:\/\/www.arth-online.ch\/svp\/wp-json\/wp\/v2\/types\/post"}],"author":[{"embeddable":true,"href":"https:\/\/www.arth-online.ch\/svp\/wp-json\/wp\/v2\/users\/1"}],"replies":[{"embeddable":true,"href":"https:\/\/www.arth-online.ch\/svp\/wp-json\/wp\/v2\/comments?post=2409"}],"version-history":[{"count":3,"href":"https:\/\/www.arth-online.ch\/svp\/wp-json\/wp\/v2\/posts\/2409\/revisions"}],"predecessor-version":[{"id":2414,"href":"https:\/\/www.arth-online.ch\/svp\/wp-json\/wp\/v2\/posts\/2409\/revisions\/2414"}],"wp:attachment":[{"href":"https:\/\/www.arth-online.ch\/svp\/wp-json\/wp\/v2\/media?parent=2409"}],"wp:term":[{"taxonomy":"category","embeddable":true,"href":"https:\/\/www.arth-online.ch\/svp\/wp-json\/wp\/v2\/categories?post=2409"},{"taxonomy":"post_tag","embeddable":true,"href":"https:\/\/www.arth-online.ch\/svp\/wp-json\/wp\/v2\/tags?post=2409"}],"curies":[{"name":"wp","href":"https:\/\/api.w.org\/{rel}","templated":true}]}}