{"id":958,"date":"2002-08-14T12:23:33","date_gmt":"2002-08-14T10:23:33","guid":{"rendered":"http:\/\/cvp.arth-online.ch\/?p=958"},"modified":"2002-08-14T12:23:33","modified_gmt":"2002-08-14T10:23:33","slug":"cvp-vertreter-der-gemeindebehoerden","status":"publish","type":"post","link":"https:\/\/www.arth-online.ch\/cvp\/cvp-vertreter-der-gemeindebehoerden\/","title":{"rendered":"CVP-Vertreter der Gemeindebeh\u00f6rden"},"content":{"rendered":"<p><strong>Nach der Konstituierung des Gemeinderates Arth wurden auch die Kommissionen neu bestellt. Im Gemeinderat ist Walter Risi nach wie vor Vorsteher der Gemeindewerke. Peter Probst f\u00fchrt weiterhin das Ressort Bildung, w\u00e4hrend Margrith Betschart-Schuler f\u00fcr den Bereich Kultur, Erholung und Sport und J\u00fcrg Kraft f\u00fcr das Ressort Umweltschutz und Hygiene zust\u00e4ndig bleiben. Peter Schmid hat wegen einer beruflichen Unvereinbarkeit das Ressort wechseln m\u00fcssen und betreut ab sofort den Bau. Von den Kommissionssitzen hatte die CVP Arth-Oberarth-Goldau insgesamt 11 R\u00fccktritte zu ersetzen. Gl\u00fccklicherweise ist es wiederum gelungen, daf\u00fcr hervorragende Pers\u00f6nlichkeiten zu gewinnen. Den zur\u00fcck getretenen Amtsinhabern spricht die CVP den herzlichen Dank f\u00fcr das grosse Engagement aus.<\/strong><\/p>\n<div class=\"wc-shortcodes-row wc-shortcodes-item wc-shortcodes-clearfix\">\n<div class=\"wc-shortcodes-column wc-shortcodes-content wc-shortcodes-one-third wc-shortcodes-column-first \">\nVorsteher Ressort<br \/>\nBildung<br \/>\n<img loading=\"lazy\" decoding=\"async\" class=\"alignnone size-full wp-image-963\" src=\"http:\/\/www.arth-online.ch\/cvp\/wp-content\/uploads\/sites\/6\/2017\/02\/probst_peter_150x205.jpg\" alt=\"\" width=\"150\" height=\"205\" \/><br \/>\nPeter Probst\n<\/div>\n<div class=\"wc-shortcodes-column wc-shortcodes-content wc-shortcodes-one-third wc-shortcodes-column- \">\nVorsteher<br \/>\nBau<br \/>\n<img loading=\"lazy\" decoding=\"async\" class=\"alignnone size-full wp-image-962\" src=\"http:\/\/www.arth-online.ch\/cvp\/wp-content\/uploads\/sites\/6\/2017\/02\/pv2-schmid_peter.jpg\" alt=\"\" width=\"150\" height=\"206\" \/><br \/>\nPeter Schmid\n<\/div>\n<div class=\"wc-shortcodes-column wc-shortcodes-content wc-shortcodes-one-third wc-shortcodes-column-last \">\nVorsteher<br \/>\nGemeindewerke<br \/>\n<img loading=\"lazy\" decoding=\"async\" class=\"alignnone size-full wp-image-961\" src=\"http:\/\/www.arth-online.ch\/cvp\/wp-content\/uploads\/sites\/6\/2017\/02\/pv2-risi_walter.jpg\" alt=\"\" width=\"150\" height=\"205\" \/><br \/>\nDr. med. vet. Walter Risi\n<\/div>\n<\/div>\n<div class=\"wc-shortcodes-row wc-shortcodes-item wc-shortcodes-clearfix\">\n<div class=\"wc-shortcodes-column wc-shortcodes-content wc-shortcodes-one-third wc-shortcodes-column-first \">\nVorsteher Ressort<br \/>\nKultur, Erholung und Sport<br \/>\n<img loading=\"lazy\" decoding=\"async\" src=\"http:\/\/www.arth-online.ch\/cvp\/wp-content\/uploads\/sites\/6\/2017\/02\/pv2-betschart-schuler_margrit.jpg\" alt=\"\" width=\"150\" height=\"206\" class=\"alignnone size-full wp-image-960\" \/><br \/>\nMargrith Betschart-Schuler\n<\/div>\n<div class=\"wc-shortcodes-column wc-shortcodes-content wc-shortcodes-one-third wc-shortcodes-column- \">\nVorsteher Ressort<br \/>\nUmweltschutz und Hygiene<br \/>\n<img loading=\"lazy\" decoding=\"async\" src=\"http:\/\/www.arth-online.ch\/cvp\/wp-content\/uploads\/sites\/6\/2017\/02\/pv2-kraft_juerg.jpg\" alt=\"\" width=\"150\" height=\"206\" class=\"alignnone size-full wp-image-959\" \/><br \/>\nJ\u00fcrg Kraft\n<\/div>\n<div class=\"wc-shortcodes-column wc-shortcodes-content wc-shortcodes-one-third wc-shortcodes-column-last \">\n<\/div>\n<\/div>\n<p>In der <strong>Rechnungspr\u00fcfungskommission<\/strong> amtieren w\u00e4hrend den n\u00e4chsten 2 Jahren Rechtsanwalt lic. iur. Arthur Schilter, Goldau, und Stefan Eichhorn, Betriebs\u00f6konom HWV, Arth.  <\/p>\n<p>F\u00fcr die <strong>CVP Arth-Oberarth-Goldau<\/strong> amtieren <strong>ab 2002 folgende Kommissionsmitglieder<\/strong>: <\/p>\n<p><strong>Stimmenz\u00e4hler:<\/strong> Rauchenstein-St\u00e4hlin Liselotte, Arth; Loser-Gubser Elsbeth, Arth; Steiner-Kenel Marie, Arth; Suter Georg, Arth; Eichhorn-Wyler Margrith, Arth; Beeler-Fischlin Trudy, Goldau; Zberg-Schuler Ruth, Oberarth; Gepper Marcel, Goldau; Megnet-Fach Marika Arth; Zurfluh Ir\u00e8ne, Goldau; Schuler Werner, Arth; Megnet-J\u00e4ger Pia, Oberarth; Suter-Wolfensberger Margrit, Goldau; Prelicz Thomas, Arth (<strong>neu<\/strong>); Neidhard Monika, Goldau (<strong>neu<\/strong>); Reichmuth Barbara, Oberarth (<strong>neu<\/strong>). <strong>Kinderschutzkommission:<\/strong> Stalder Paul, Goldau; Imlig Lucia, Goldau (<strong>neu<\/strong>). <strong>Baukommission:<\/strong> Wullschleger Brigitte, Goldau; Herzog Fritz, Goldau (<strong>neu<\/strong>); Hardegger Werner, Goldau (<strong>neu<\/strong>). <strong>Schulrat:<\/strong> Forni Sandro, Goldau; Schaller Peter, Goldau; Fassbind Irmela, Oberarth. <strong>Finanzkommission:<\/strong> St\u00f6ckli Albert jun., Goldau (<strong>neu<\/strong>). <strong>Gemeindewerke\/Gesch\u00e4ftsleitung:<\/strong> Reichmuth Peter, Goldau; <strong>Gew\u00e4sserschutzkommission:<\/strong> Beeler Ruedi, Goldau (<strong>neu<\/strong>); St\u00f6ckli Peter, Goldau (<strong>neu<\/strong>). <strong>Kulturkommission:<\/strong> Ketterer Erich, Goldau; <strong>Seebadgesellschaft Arth:<\/strong> Frieda Kamer, Arth; B\u00fcrgi-Kamer Vreni, Goldau. F\u00fcrsorgebeh\u00f6rde: Kaufmann-Inderbitzin Pia, Goldau; Schmidig-Reichmuth Theresia, Goldau; Imlig Lucia, Goldau (<strong>neu<\/strong>). <strong>Aufsichtskommission AHV\/IV\/EO:<\/strong> Weber-Reichlin Monika, Arth; Kommission Umweltschutz und Hygiene: Loser-Gubser Elsbeth, Arth; K\u00fcttel-Fischlin Hany, Goldau (<strong>neu<\/strong>). <strong>Friedhofkommission:<\/strong> Bellmont-Inderbitzin Franz, Goldau. <strong>Ortsplanungskommission:<\/strong> Kenel Martin, Arth; Herzog Fritz, Goldau. <strong>Verkehrsplanungskommission:<\/strong> Theo Weber, Arth; Heinzer Markus, Goldau; <strong>Zivilschutzkommission:<\/strong> Hospenthal Urs, Arth. <strong>Schadenwehrkommission:<\/strong> Huber Rolf, Goldau. <\/p>\n<p><strong>Folgende Kommissionsmitglieder sind nach jahrlangem Einsatz zur\u00fcck getreten: <\/strong><\/p>\n<p><strong>Stimmenz\u00e4hler:<\/strong> Waldvogel-Gnos Marietta, Arth; Inderbitzin-Hardegger Ir\u00e8ne, Arth; Fassbind Patrick, Goldau; Kamer Martin, Goldau; Probst Patrick, Goldau, Hediger-Inglin Silvia, Oberarth; Schmidig-Reichmuth Theresia. <strong>Kinderschutzkommission:<\/strong> Blesi-Zimmermann Christine, Oberarth. <strong>Baukommission:<\/strong> Beeler Markus, Goldau; Reichlin Albert, Goldau. <strong>Finanzkommission: <\/strong>Beeler Ruedi, Goldau. <strong>Gew\u00e4sserschutzkommission:<\/strong> K\u00fcttel-Fischlin Hany, Goldau; Reding Heinz, Arth. <strong>F\u00fcrsorgebeh\u00f6rde:<\/strong> Blesi-Zimmermann Christine. <strong>Kommission f\u00fcr Umweltschutz und Hygiene:<\/strong> Hardegger Werner, Goldau. <\/p>\n<p>Den bisherigen und neu gew\u00e4hlten Kommissionsmitgliedern w\u00fcnschen wird viel Freunde und Befriedigung in der Kommissionsarbeit. Zugleich danken wir herzlich f\u00fcr die Bereitschaft, zugunsten der Mitb\u00fcrgerinnen und Mitb\u00fcrger einen Beitrag f\u00fcr die Gemeinschaft, d.h. f\u00fcr die Gemeinde Arth zu leisten. Sie helfen damit wesentlich, dass unser politisches System und vor allem das System der b\u00fcrgernahen Mitverantwortung aufrecherhalten werden kann. <\/p>\n<p>Den zur\u00fcckgetretenen Kommissionsmitgliedern spricht die CVP Arth-Oberarth-Goldau den aufrichtigen Dank aus f\u00fcr die unerm\u00fcdliche Arbeit, welche pflichtbewusst und verantwortungsvoll Jahr f\u00fcr Jahr geleistet worden ist. Die CVP Arth-Oberath-Goldau ist stolz, dass sie w\u00e4hrend vielen Jahren auf diesen Einsatz z\u00e4hlen durfte. <\/p>\n","protected":false},"excerpt":{"rendered":"<p>Nach der Konstituierung des Gemeinderates Arth wurden auch die Kommissionen neu bestellt. Im Gemeinderat ist Walter Risi nach wie vor Vorsteher der Gemeindewerke. Peter Probst f\u00fchrt weiterhin das Ressort Bildung, w\u00e4hrend Margrith Betschart-Schuler f\u00fcr den Bereich Kultur, Erholung und Sport und J\u00fcrg Kraft f\u00fcr das Ressort Umweltschutz und Hygiene zust\u00e4ndig bleiben. Peter Schmid hat wegen &hellip; <a href=\"https:\/\/www.arth-online.ch\/cvp\/cvp-vertreter-der-gemeindebehoerden\/\" class=\"more-link\"><span class=\"screen-reader-text\">\u201eCVP-Vertreter der Gemeindebeh\u00f6rden\u201c <\/span>weiterlesen<\/a><\/p>\n","protected":false},"author":1,"featured_media":0,"comment_status":"closed","ping_status":"closed","sticky":false,"template":"","format":"standard","meta":{"ngg_post_thumbnail":0,"footnotes":""},"categories":[1],"tags":[],"class_list":["post-958","post","type-post","status-publish","format-standard","hentry","category-allgemein"],"_links":{"self":[{"href":"https:\/\/www.arth-online.ch\/cvp\/wp-json\/wp\/v2\/posts\/958","targetHints":{"allow":["GET"]}}],"collection":[{"href":"https:\/\/www.arth-online.ch\/cvp\/wp-json\/wp\/v2\/posts"}],"about":[{"href":"https:\/\/www.arth-online.ch\/cvp\/wp-json\/wp\/v2\/types\/post"}],"author":[{"embeddable":true,"href":"https:\/\/www.arth-online.ch\/cvp\/wp-json\/wp\/v2\/users\/1"}],"replies":[{"embeddable":true,"href":"https:\/\/www.arth-online.ch\/cvp\/wp-json\/wp\/v2\/comments?post=958"}],"version-history":[{"count":0,"href":"https:\/\/www.arth-online.ch\/cvp\/wp-json\/wp\/v2\/posts\/958\/revisions"}],"wp:attachment":[{"href":"https:\/\/www.arth-online.ch\/cvp\/wp-json\/wp\/v2\/media?parent=958"}],"wp:term":[{"taxonomy":"category","embeddable":true,"href":"https:\/\/www.arth-online.ch\/cvp\/wp-json\/wp\/v2\/categories?post=958"},{"taxonomy":"post_tag","embeddable":true,"href":"https:\/\/www.arth-online.ch\/cvp\/wp-json\/wp\/v2\/tags?post=958"}],"curies":[{"name":"wp","href":"https:\/\/api.w.org\/{rel}","templated":true}]}}