{"id":952,"date":"2002-05-10T11:58:41","date_gmt":"2002-05-10T09:58:41","guid":{"rendered":"http:\/\/cvp.arth-online.ch\/?p=952"},"modified":"2002-05-10T11:58:41","modified_gmt":"2002-05-10T09:58:41","slug":"boesch-in-den-regierungsrat","status":"publish","type":"post","link":"https:\/\/www.arth-online.ch\/cvp\/boesch-in-den-regierungsrat\/","title":{"rendered":"B\u00f6sch in den Regierungsrat!"},"content":{"rendered":"<p><strong>Am Abstimmungswochenende vom 2. Juni 2002 ist \u00fcber die sog. Fristenl\u00f6sung und \u00fcber die Initiative f\u00fcr Mutter und Kind zu entscheiden. Auf kantonaler Ebene ist \u00fcber das Wirtschaftsf\u00f6rderungsgesetz und \u00fcber die Ersatzwahl von Finanzdirektor Franz Marty zu befinden. Auf Gemeindestufe steht ein Planungskredit von Fr. 180&#8217;000.- f\u00fcr die Erweiterung der Schulanlage Zwygarten in Arth, ein Beitrag von Fr. 120&#8217;000.- an ein neues Motorschiff auf dem Zugersee sowie die Totalrevision des Organisationsstatuts des GVRZ (Gew\u00e4sserschutzverband Region Zugersee-K\u00fcssnachtersee-Aegerisee) zur Debatte. Schliesslich ersuchen einige Mitbewohner um die Aufnahme ins B\u00fcrgerrecht. Der Vorstand der CVP Arth-Oberarth-Goldau empfiehlt f\u00fcr die Fristenl\u00f6sung und f\u00fcr die Initiative f\u00fcr Mutter und Kind die Ablehnung, f\u00fcr das Wirtschaftsf\u00f6rderungsgesetz die Zustimmung, Lorenz B\u00f6sch als neuen Regierungsrat und schliesslich die beiden Finanzvorlagen und das Organisationsstatut des GVRZ sowie die Einb\u00fcrgerungsgesuche zur Zustimmung.<\/strong><\/p>\n<h2>Nein zur Fristenl\u00f6sung<\/h2>\n<p>Mit der \u00c4nderung des Strafgesetzbuches zum Schwangerschaftsabbruch soll es im Gegensatz zur heutigen Regelung m\u00f6glich sein, dass sich eine Frau frei entscheiden kann, ein Kind bis zur 12. Schwangerschaftswoche abzutreiben. Damit w\u00fcrde die Abtreibung liberalisiert. Es ist davon auszugehen, dass es Frauen gibt, welche dem Druck der Umgebung (Vater des ungeborenen Kindes, Familie, etc.) weichend, gegen den eigentlichen eigenen Willen eine Abtreibung vornehmen lassen w\u00fcrden. Mit der neuen, liberalen Regelung g\u00e4be es daf\u00fcr keine Schranken mehr. Das ist zu verhindern. Obwohl der Entscheid \u00fcber die Fristenl\u00f6sung ein sehr pers\u00f6nlicher, ethisch und religi\u00f6s gepr\u00e4gter Entscheid eines jeden einzelnen ist, <strong>empfiehlt der Vorstand der CVP Arth-Oberarth-Goldau, die mit der Fristenl\u00f6sung angestrebte Liberalisierung der Abtreibung abzulehnen<\/strong>.<\/p>\n<h2>Nein zur Initiative f\u00fcr Mutter und Kind<\/h2>\n<p>Mit dieser Initiative darf aus psychischen Gr\u00fcnden nicht mehr abgetrieben werden, was eine markante Versch\u00e4rfung gegen\u00fcber der heute geltenden Regelung darstellt. Selbst ein Kind aus einer Vergewaltigung m\u00fcsste ausgetragen werden. Die Person der Mutter wird mit dieser Initiative hinter das Kind zur\u00fcck gestellt, ja die geistige Gesundheit der Mutter gering eingestuft. Bei Annahme dieser Initiative w\u00e4re mit illegalen und gef\u00e4hrlichen Schwangerschaftsabbr\u00fcchen zu rechnen. <strong>Der Vorstand der CVP Arth-Oberarth-Goldau empfiehlt deshalb die Ablehnung dieser extremen Initiative.<\/strong><\/p>\n<h2>B\u00f6sch in den Regierungsrat<\/h2>\n<p>Lorenz B\u00f6sch aus Brunnen war w\u00e4hrend vielen Jahren im Kantonsrat. Er hat eine breite Ausbildung und kennt Land und Leute bestens. Er ist in der Lage, jedes Departement gut zu f\u00fchren. Dank der CVP war der Kanton Schwyz in den vergangenen Jahren im Vergleich zu den anderen Kantonen sehr erfolgreich. Mit einem sparsamen Haushalten, mit einer effizienten und schlanken Verwaltung und mit zur\u00fcckhaltenden Steuern wurde und wird unser Kanton laufend noch attraktiver. Dieses unvergleichliche Verdienst der CVP als alleinige staatstragende Kraft im Kanton Schwyz rechtfertigt ohne jeden Zweifel, f\u00fcr den hervorragenden Finanzdirektor Franz Marty wiederum eine bew\u00e4hrte CVP-Kraft in den Regierungsrat zu w\u00e4hlen. Wir brauchen keine Experimente mit einer unbekannten Person, welche aus der obstruierenden Ecke stammt. <strong>W\u00e4hlen wir Erfahrung, Kompetenz und Vielseitigkeit, w\u00e4hlen wir Lorenz B\u00f6sch.<\/strong><\/p>\n<h2>Abstimmungsparolen CVP Arth-Oberarth-Goldau f\u00fcr den 2.6.2002<\/h2>\n<div class=\"wc-shortcodes-row wc-shortcodes-item wc-shortcodes-clearfix\">\n<div class=\"wc-shortcodes-column wc-shortcodes-content wc-shortcodes-three-fourth wc-shortcodes-column-first \">\u00c4nderung des Strafgesetzbuches Nein (Fristenl\u00f6sung)<\/div>\n<div class=\"wc-shortcodes-column wc-shortcodes-content wc-shortcodes-one-fourth wc-shortcodes-column-last \">\n<div class=\"wc-shortcodes-box wc-shortcodes-item wc-shortcodes-content wc-shortcodes-clearfix wc-shortcodes-box-danger \" style=\"text-align:center;\"> NEIN<\/div>\n<\/div>\n<\/div>\n<div class=\"wc-shortcodes-row wc-shortcodes-item wc-shortcodes-clearfix\">\n<div class=\"wc-shortcodes-column wc-shortcodes-content wc-shortcodes-three-fourth wc-shortcodes-column-first \">Initiative f\u00fcr Mutter und Kind<\/div>\n<div class=\"wc-shortcodes-column wc-shortcodes-content wc-shortcodes-one-fourth wc-shortcodes-column-last \">\n<div class=\"wc-shortcodes-box wc-shortcodes-item wc-shortcodes-content wc-shortcodes-clearfix wc-shortcodes-box-danger \" style=\"text-align:center;\"> NEIN<\/div>\n<\/div>\n<\/div>\n<div class=\"wc-shortcodes-row wc-shortcodes-item wc-shortcodes-clearfix\">\n<div class=\"wc-shortcodes-column wc-shortcodes-content wc-shortcodes-three-fourth wc-shortcodes-column-first \">Regierungsratsersatzwahl<\/div>\n<div class=\"wc-shortcodes-column wc-shortcodes-content wc-shortcodes-one-fourth wc-shortcodes-column-last \">\n<div class=\"wc-shortcodes-box wc-shortcodes-item wc-shortcodes-content wc-shortcodes-clearfix wc-shortcodes-box-secondary \" style=\"text-align:center;\"> Lorenz B\u00f6sch<\/div>\n<\/div>\n<\/div>\n<div class=\"wc-shortcodes-row wc-shortcodes-item wc-shortcodes-clearfix\">\n<div class=\"wc-shortcodes-column wc-shortcodes-content wc-shortcodes-three-fourth wc-shortcodes-column-first \">Planungskredit Schulanlage Zwygarten Arth<\/div>\n<div class=\"wc-shortcodes-column wc-shortcodes-content wc-shortcodes-one-fourth wc-shortcodes-column-last \">\n<div class=\"wc-shortcodes-box wc-shortcodes-item wc-shortcodes-content wc-shortcodes-clearfix wc-shortcodes-box-success \" style=\"text-align:center;\"> JA<\/div>\n<\/div>\n<\/div>\n<div class=\"wc-shortcodes-row wc-shortcodes-item wc-shortcodes-clearfix\">\n<div class=\"wc-shortcodes-column wc-shortcodes-content wc-shortcodes-three-fourth wc-shortcodes-column-first \">Beitrag an neues Motorschiff im Zugersee<\/div>\n<div class=\"wc-shortcodes-column wc-shortcodes-content wc-shortcodes-one-fourth wc-shortcodes-column-last \">\n<div class=\"wc-shortcodes-box wc-shortcodes-item wc-shortcodes-content wc-shortcodes-clearfix wc-shortcodes-box-success \" style=\"text-align:center;\"> JA<\/div>\n<\/div>\n<\/div>\n<div class=\"wc-shortcodes-row wc-shortcodes-item wc-shortcodes-clearfix\">\n<div class=\"wc-shortcodes-column wc-shortcodes-content wc-shortcodes-three-fourth wc-shortcodes-column-first \">Revision Organisationsstatut GVRZ<\/div>\n<div class=\"wc-shortcodes-column wc-shortcodes-content wc-shortcodes-one-fourth wc-shortcodes-column-last \">\n<div class=\"wc-shortcodes-box wc-shortcodes-item wc-shortcodes-content wc-shortcodes-clearfix wc-shortcodes-box-success \" style=\"text-align:center;\"> JA<\/div>\n<\/div>\n<\/div>\n<div class=\"wc-shortcodes-row wc-shortcodes-item wc-shortcodes-clearfix\">\n<div class=\"wc-shortcodes-column wc-shortcodes-content wc-shortcodes-three-fourth wc-shortcodes-column-first \">Einb\u00fcrgerungen<\/div>\n<div class=\"wc-shortcodes-column wc-shortcodes-content wc-shortcodes-one-fourth wc-shortcodes-column-last \">\n<div class=\"wc-shortcodes-box wc-shortcodes-item wc-shortcodes-content wc-shortcodes-clearfix wc-shortcodes-box-success \" style=\"text-align:center;\"> JA<\/div>\n<\/div>\n<\/div>\n","protected":false},"excerpt":{"rendered":"<p>Am Abstimmungswochenende vom 2. Juni 2002 ist \u00fcber die sog. Fristenl\u00f6sung und \u00fcber die Initiative f\u00fcr Mutter und Kind zu entscheiden. Auf kantonaler Ebene ist \u00fcber das Wirtschaftsf\u00f6rderungsgesetz und \u00fcber die Ersatzwahl von Finanzdirektor Franz Marty zu befinden. Auf Gemeindestufe steht ein Planungskredit von Fr. 180&#8217;000.- f\u00fcr die Erweiterung der Schulanlage Zwygarten in Arth, ein &hellip; <a href=\"https:\/\/www.arth-online.ch\/cvp\/boesch-in-den-regierungsrat\/\" class=\"more-link\"><span class=\"screen-reader-text\">\u201eB\u00f6sch in den Regierungsrat!\u201c <\/span>weiterlesen<\/a><\/p>\n","protected":false},"author":1,"featured_media":0,"comment_status":"closed","ping_status":"closed","sticky":false,"template":"","format":"standard","meta":{"ngg_post_thumbnail":0,"footnotes":""},"categories":[2],"tags":[],"class_list":["post-952","post","type-post","status-publish","format-standard","hentry","category-abstimmungsempfehlungen"],"_links":{"self":[{"href":"https:\/\/www.arth-online.ch\/cvp\/wp-json\/wp\/v2\/posts\/952","targetHints":{"allow":["GET"]}}],"collection":[{"href":"https:\/\/www.arth-online.ch\/cvp\/wp-json\/wp\/v2\/posts"}],"about":[{"href":"https:\/\/www.arth-online.ch\/cvp\/wp-json\/wp\/v2\/types\/post"}],"author":[{"embeddable":true,"href":"https:\/\/www.arth-online.ch\/cvp\/wp-json\/wp\/v2\/users\/1"}],"replies":[{"embeddable":true,"href":"https:\/\/www.arth-online.ch\/cvp\/wp-json\/wp\/v2\/comments?post=952"}],"version-history":[{"count":0,"href":"https:\/\/www.arth-online.ch\/cvp\/wp-json\/wp\/v2\/posts\/952\/revisions"}],"wp:attachment":[{"href":"https:\/\/www.arth-online.ch\/cvp\/wp-json\/wp\/v2\/media?parent=952"}],"wp:term":[{"taxonomy":"category","embeddable":true,"href":"https:\/\/www.arth-online.ch\/cvp\/wp-json\/wp\/v2\/categories?post=952"},{"taxonomy":"post_tag","embeddable":true,"href":"https:\/\/www.arth-online.ch\/cvp\/wp-json\/wp\/v2\/tags?post=952"}],"curies":[{"name":"wp","href":"https:\/\/api.w.org\/{rel}","templated":true}]}}