{"id":848,"date":"2004-04-15T22:01:20","date_gmt":"2004-04-15T20:01:20","guid":{"rendered":"http:\/\/cvp.arth-online.ch\/?p=848"},"modified":"2004-04-15T22:01:20","modified_gmt":"2004-04-15T20:01:20","slug":"engagiert-und-kompetent-fuer-die-gemeinde-arth","status":"publish","type":"post","link":"https:\/\/www.arth-online.ch\/cvp\/engagiert-und-kompetent-fuer-die-gemeinde-arth\/","title":{"rendered":"Engagiert und kompetent f\u00fcr die Gemeinde Arth!"},"content":{"rendered":"<p>F\u00fcr die kommenden Gemeindewahlen vom 16. Mai 2004 konnte die CVP Arth-Oberarth-Goldau hervorragende Pers\u00f6nlichkeiten als Kandidaten gewinnen: Margrit Betschart, Goldau, bisher, als Gemeinder\u00e4tin; J\u00fcrg Kraft, Arth, bisher, als Gemeinderat; Franz Huser, Goldau, bisher, als Gemeindeschreiber; Vreni Steffen, Goldau, neu, als Rechnungspr\u00fcferin und Stefan Eichhorn, Arth, bisher, als Rechnungspr\u00fcfer.<\/p>\n<p>Diese Kandidaten der CVP Arth-Oberarth-Goldau haben ihr K\u00f6nnen und ihre Einsatzbereitschaft schon oft unter Beweis gestellt und sind bereit, sich weiterhin f\u00fcr die B\u00fcrgerinnen und B\u00fcrger der Gemeinde Arth einzusetzen. <strong>W\u00e4hlen Sie die Kandidaten der CVP, denn sie garantieren Qualit\u00e4t und Einsatz!<\/strong> Sie finden diese ausgewiesenen Kandidaten auf der gemeinsamen Liste aller Ortsparteien.<\/p>\n<div class=\"wc-shortcodes-row wc-shortcodes-item wc-shortcodes-clearfix\">\n<div class=\"wc-shortcodes-column wc-shortcodes-content wc-shortcodes-one-third wc-shortcodes-column-first \">\n<em>Als Gemeinder\u00e4tin:<\/em><br \/>\n<img loading=\"lazy\" decoding=\"async\" class=\"alignnone size-full wp-image-853\" src=\"http:\/\/www.arth-online.ch\/cvp\/wp-content\/uploads\/sites\/6\/2017\/02\/20040415_betschart_margrit.jpg\" alt=\"\" width=\"160\" height=\"225\" \/><br \/>\n<strong>Margrit Betschart<\/strong><br \/>\ngeb. 20. August 1956<br \/>\nGesch\u00e4ftsfrau \/ Handarbeitslehrerin<br \/>\nSonnhaldestrasse 14a, Goldau<br \/>\nverheiratet\n<\/div>\n<div class=\"wc-shortcodes-column wc-shortcodes-content wc-shortcodes-one-third wc-shortcodes-column- \">\n<em>Als Gemeinderat:<\/em><br \/>\n<img loading=\"lazy\" decoding=\"async\" class=\"alignnone size-full wp-image-852\" src=\"http:\/\/www.arth-online.ch\/cvp\/wp-content\/uploads\/sites\/6\/2017\/02\/20040415_kraft_juerg.jpg\" alt=\"\" width=\"160\" height=\"225\" \/><br \/>\n<strong>J\u00fcrg Kraft<\/strong><br \/>\ngeb. 18. Februar 1957<br \/>\nSchulinspektor<br \/>\nH\u00fcnenbergweg 26, Arth<br \/>\nverheiratet, 3 Kinder\n<\/div>\n<div class=\"wc-shortcodes-column wc-shortcodes-content wc-shortcodes-one-third wc-shortcodes-column-last \">\n<em>Als Gemeindeschreiber:<\/em><br \/>\n<img loading=\"lazy\" decoding=\"async\" class=\"alignnone size-full wp-image-851\" src=\"http:\/\/www.arth-online.ch\/cvp\/wp-content\/uploads\/sites\/6\/2017\/02\/20040415_huser_franz.jpg\" alt=\"\" width=\"160\" height=\"225\" \/><br \/>\n<strong>Franz Huser<\/strong><br \/>\ngeb. 27. Februar 1954<br \/>\nGemeindeschreiber<br \/>\nKehlmattliweg 17, Goldau<br \/>\nverheiratet, 3 Kinder<\/p>\n<\/div>\n<\/div>\n<div class=\"wc-shortcodes-row wc-shortcodes-item wc-shortcodes-clearfix\">\n<div class=\"wc-shortcodes-column wc-shortcodes-content wc-shortcodes-one-third wc-shortcodes-column-first \">\n<em>Als Rechnungspr\u00fcferin:<\/em><br \/>\n<img loading=\"lazy\" decoding=\"async\" src=\"http:\/\/www.arth-online.ch\/cvp\/wp-content\/uploads\/sites\/6\/2017\/02\/20040415_steffen_vreni.jpg\" alt=\"\" width=\"160\" height=\"225\" class=\"alignnone size-full wp-image-850\" \/><br \/>\n<strong>Vreni Steffen<\/strong><br \/>\n31. Juli 1962<br \/>\nkaufm.Angest.\/Hausfrau<br \/>\nEichrainweg 12, Goldau<br \/>\nverheiratet, 3 Kinder\n<\/div>\n<div class=\"wc-shortcodes-column wc-shortcodes-content wc-shortcodes-one-third wc-shortcodes-column- \">\n<em>Als Rechnungspr\u00fcfer:<\/em><br \/>\n<img loading=\"lazy\" decoding=\"async\" src=\"http:\/\/www.arth-online.ch\/cvp\/wp-content\/uploads\/sites\/6\/2017\/02\/20040415_eichhorn_stefan.jpg\" alt=\"\" width=\"160\" height=\"225\" class=\"alignnone size-full wp-image-849\" \/><br \/>\n<strong>Stefan Eichhorn<\/strong><br \/>\ngeb. 30. M\u00e4rz 1966<br \/>\nBetriebs\u00f6konom HWV \/ Controller<br \/>\nFeldweg 22, Arth<br \/>\nledig\n<\/div>\n<div class=\"wc-shortcodes-column wc-shortcodes-content wc-shortcodes-one-third wc-shortcodes-column-last \">\n<\/div>\n<\/div>\n","protected":false},"excerpt":{"rendered":"<p>F\u00fcr die kommenden Gemeindewahlen vom 16. Mai 2004 konnte die CVP Arth-Oberarth-Goldau hervorragende Pers\u00f6nlichkeiten als Kandidaten gewinnen: Margrit Betschart, Goldau, bisher, als Gemeinder\u00e4tin; J\u00fcrg Kraft, Arth, bisher, als Gemeinderat; Franz Huser, Goldau, bisher, als Gemeindeschreiber; Vreni Steffen, Goldau, neu, als Rechnungspr\u00fcferin und Stefan Eichhorn, Arth, bisher, als Rechnungspr\u00fcfer. Diese Kandidaten der CVP Arth-Oberarth-Goldau haben ihr &hellip; <a href=\"https:\/\/www.arth-online.ch\/cvp\/engagiert-und-kompetent-fuer-die-gemeinde-arth\/\" class=\"more-link\"><span class=\"screen-reader-text\">\u201eEngagiert und kompetent f\u00fcr die Gemeinde Arth!\u201c <\/span>weiterlesen<\/a><\/p>\n","protected":false},"author":1,"featured_media":0,"comment_status":"closed","ping_status":"closed","sticky":false,"template":"","format":"standard","meta":{"ngg_post_thumbnail":0,"footnotes":""},"categories":[1],"tags":[],"class_list":["post-848","post","type-post","status-publish","format-standard","hentry","category-allgemein"],"_links":{"self":[{"href":"https:\/\/www.arth-online.ch\/cvp\/wp-json\/wp\/v2\/posts\/848","targetHints":{"allow":["GET"]}}],"collection":[{"href":"https:\/\/www.arth-online.ch\/cvp\/wp-json\/wp\/v2\/posts"}],"about":[{"href":"https:\/\/www.arth-online.ch\/cvp\/wp-json\/wp\/v2\/types\/post"}],"author":[{"embeddable":true,"href":"https:\/\/www.arth-online.ch\/cvp\/wp-json\/wp\/v2\/users\/1"}],"replies":[{"embeddable":true,"href":"https:\/\/www.arth-online.ch\/cvp\/wp-json\/wp\/v2\/comments?post=848"}],"version-history":[{"count":0,"href":"https:\/\/www.arth-online.ch\/cvp\/wp-json\/wp\/v2\/posts\/848\/revisions"}],"wp:attachment":[{"href":"https:\/\/www.arth-online.ch\/cvp\/wp-json\/wp\/v2\/media?parent=848"}],"wp:term":[{"taxonomy":"category","embeddable":true,"href":"https:\/\/www.arth-online.ch\/cvp\/wp-json\/wp\/v2\/categories?post=848"},{"taxonomy":"post_tag","embeddable":true,"href":"https:\/\/www.arth-online.ch\/cvp\/wp-json\/wp\/v2\/tags?post=848"}],"curies":[{"name":"wp","href":"https:\/\/api.w.org\/{rel}","templated":true}]}}