{"id":562,"date":"2007-07-17T21:26:20","date_gmt":"2007-07-17T19:26:20","guid":{"rendered":"http:\/\/cvp.arth-online.ch\/?p=562"},"modified":"2007-07-17T21:26:20","modified_gmt":"2007-07-17T19:26:20","slug":"tempo-30-zone-in-der-parkstrasse-goldau","status":"publish","type":"post","link":"https:\/\/www.arth-online.ch\/cvp\/tempo-30-zone-in-der-parkstrasse-goldau\/","title":{"rendered":"Tempo-30-Zone in der Parkstrasse Goldau"},"content":{"rendered":"<p><strong>Auf Anregung der Anwohner und Gesch\u00e4ftsinhaber zur L\u00f6sung des Verkehrsproblems in der Parkstrasse Goldau hatte der Gemeinderat Arth die Schaffung einer sog. Begegnungszone vorgeschlagen. Anl\u00e4sslich der Abstimmung vom 12. Februar 2006 wurde der erforderliche Verpflichtungskredit von den Stimmb\u00fcrgerinnen und Stimmb\u00fcrgern abgelehnt. Unabh\u00e4ngige Verkehrsexperten hatten im Januar 2005 als m\u00f6gliche Alternative zur Begegnungszone eine Tempo-30-Zone vorgeschlagen. Da die Verkehrssituation sich keineswegs verbessert hat, muss die Einf\u00fchrung einer Tempo-30-Zone in der Parkstrasse ernsthaft gepr\u00fcft werden. Damit k\u00f6nnte die Verkehrssicherheit markant verbessert werden. Die Wohnqualit\u00e4t der Anwohner w\u00fcrde zudem steigen.<\/strong><\/p>\n<h2>Ausgangslage<\/h2>\n<p>Die Anwohner und Gesch\u00e4ftsinhaber der Parkstrasse in Goldau haben vor l\u00e4ngerer Zeit vom Gemeinderat Arth eine L\u00f6sung des akuten Verkehrsproblems (Sicherheit, L\u00e4rm) verlangt. Die daraufhin von einer bereit abgest\u00fctzten Kommission ausgearbeitete und dann vom Gemeinderat vorgeschlagene L\u00f6sung mit einer sog. Begegnungszone haben die Stimmb\u00fcrgerinnen und Stimmb\u00fcrger mit der Ablehnung des entsprechenden Verpflichtungskredites am 12. Februar 2006 an der Urne verworfen. Die im Jahre 2004 vom Gemeinderat beauftragten neutralen Verkehrsexperten hatten in einem Gutachten vom 17. Januar 2005 neben der Begegnungszone als m\u00f6gliche Alternativl\u00f6sung die Schaffung einer Tempo-30-Zone vorgeschlagen. Seit der Ablehnung der Begegnungszone hat der Gemeinderat Arth nichts mehr unternommen. Die Verkehrssituation hat sich aber keineswegs verbessert.<\/p>\n<h2>Verkehrstrennung<\/h2>\n<p>Im Gegensatz zur Begegnungszone bleibt bei einer Tempo-30-Zone das Prinzip der Verkehrstrennung. Fussg\u00e4nger geh\u00f6ren auf das Trottoir und auf den Fussg\u00e4ngerstreifen, w\u00e4hrend die Fahrbahn dem Fahrzeugverkehr vorbehalten bleibt.<\/p>\n<h2>Mehr Sicherheit<\/h2>\n<p>Derzeit besteht auf der Parkstrasse bei den Einm\u00fcndungen der Rossbergstrasse, der Mythenstrasse und des G\u00fctschweges ein akutes Sicherheitsproblem. Parkierte Fahrzeuge entlang der Parkstrasse beeintr\u00e4chtigen die Sicht beim Ausfahren von diesen Seitenstrassen in die Parkstrasse massiv. Wenn auf der Parkstrasse mit den grunds\u00e4tzlich zul\u00e4ssigen 50 km\/h gefahren wird, kann nur mit einem hohen Kollisionsrisiko aus den Einm\u00fcndungen ausgefahren werden. Mit der Fertigstellung der Gross\u00fcberbauung Durrer an der Centralstrasse\/Parkstrasse wird das Verkehrsaufkommen und damit das Sicherheitsmanko auf der Parkstrasse ohne Zweifel noch zunehmen. Mit einer Reduktion des h\u00f6chstzul\u00e4ssigen Tempos auf 30 km\/h w\u00fcrde sich dieses Sicherheitsproblem massiv reduzieren. Auch f\u00fcr die vielen Fussg\u00e4nger (insbesondere Sch\u00fcler) w\u00fcrde das Unfallrisiko durch die Tempoverminderung massiv sinken.<\/p>\n<h2>Weniger L\u00e4rm<\/h2>\n<p>Bei tieferen Geschwindigkeiten entsteht weniger Verkehrsl\u00e4rm, was insbesondere die Belastung f\u00fcr die Anwohner reduzieren w\u00fcrde.<\/p>\n<h2>Anwohner respektieren<\/h2>\n<p>Die Anwohner der Parkstrasse und die Gesch\u00e4ftsinhaber haben ausdr\u00fccklich eine Verbesse-rung der Verkehrssituation gew\u00fcnscht, was auch nachvollziehbar ist. Dieser Wunsch der Hauptbetroffenen ist zu respektieren, dies nun im Rahmen einer Tempo-30-Zone.<\/p>\n<h2>Erfahrungen auf anderen Strassen<\/h2>\n<p>Es gibt bereits andere Strassen in der Gemeinde Arth, wo Tempo-30-Zonen eingef\u00fchrt worden sind. Dort hat sich gezeigt, dass der Verkehr bedeutend ruhiger und sicherer geworden ist.<\/p>\n<h2>Minimale Kosten<\/h2>\n<p>Die Kosten f\u00fcr das Einrichten der Tempo-30-Zone d\u00fcrften gering sein. Auf jeden Fall sind sie nicht zu vergleichen mit dem Aufwand f\u00fcr die abgelehnte Begegnungszone.<\/p>\n<h2>Tempo-30-Zone einf\u00fchren<\/h2>\n<p>Die CVP Arth-Oberarth-Goldau ersucht deshalb den Gemeinderat Arth, auf der Parkstrasse in Goldau eine Tempo-30-Zone vom Kreisel bei der Abzweigung zur Bahnhofstrasse bis nach der neuen Migros einzuf\u00fchren.<\/p>\n","protected":false},"excerpt":{"rendered":"<p>Auf Anregung der Anwohner und Gesch\u00e4ftsinhaber zur L\u00f6sung des Verkehrsproblems in der Parkstrasse Goldau hatte der Gemeinderat Arth die Schaffung einer sog. Begegnungszone vorgeschlagen. Anl\u00e4sslich der Abstimmung vom 12. Februar 2006 wurde der erforderliche Verpflichtungskredit von den Stimmb\u00fcrgerinnen und Stimmb\u00fcrgern abgelehnt. Unabh\u00e4ngige Verkehrsexperten hatten im Januar 2005 als m\u00f6gliche Alternative zur Begegnungszone eine Tempo-30-Zone vorgeschlagen. &hellip; <a href=\"https:\/\/www.arth-online.ch\/cvp\/tempo-30-zone-in-der-parkstrasse-goldau\/\" class=\"more-link\"><span class=\"screen-reader-text\">\u201eTempo-30-Zone in der Parkstrasse Goldau\u201c <\/span>weiterlesen<\/a><\/p>\n","protected":false},"author":1,"featured_media":0,"comment_status":"open","ping_status":"open","sticky":false,"template":"","format":"standard","meta":{"ngg_post_thumbnail":0,"footnotes":""},"categories":[1],"tags":[],"class_list":["post-562","post","type-post","status-publish","format-standard","hentry","category-allgemein"],"_links":{"self":[{"href":"https:\/\/www.arth-online.ch\/cvp\/wp-json\/wp\/v2\/posts\/562","targetHints":{"allow":["GET"]}}],"collection":[{"href":"https:\/\/www.arth-online.ch\/cvp\/wp-json\/wp\/v2\/posts"}],"about":[{"href":"https:\/\/www.arth-online.ch\/cvp\/wp-json\/wp\/v2\/types\/post"}],"author":[{"embeddable":true,"href":"https:\/\/www.arth-online.ch\/cvp\/wp-json\/wp\/v2\/users\/1"}],"replies":[{"embeddable":true,"href":"https:\/\/www.arth-online.ch\/cvp\/wp-json\/wp\/v2\/comments?post=562"}],"version-history":[{"count":0,"href":"https:\/\/www.arth-online.ch\/cvp\/wp-json\/wp\/v2\/posts\/562\/revisions"}],"wp:attachment":[{"href":"https:\/\/www.arth-online.ch\/cvp\/wp-json\/wp\/v2\/media?parent=562"}],"wp:term":[{"taxonomy":"category","embeddable":true,"href":"https:\/\/www.arth-online.ch\/cvp\/wp-json\/wp\/v2\/categories?post=562"},{"taxonomy":"post_tag","embeddable":true,"href":"https:\/\/www.arth-online.ch\/cvp\/wp-json\/wp\/v2\/tags?post=562"}],"curies":[{"name":"wp","href":"https:\/\/api.w.org\/{rel}","templated":true}]}}