{"id":553,"date":"2007-06-06T21:10:26","date_gmt":"2007-06-06T19:10:26","guid":{"rendered":"http:\/\/cvp.arth-online.ch\/?p=553"},"modified":"2007-06-06T21:10:26","modified_gmt":"2007-06-06T19:10:26","slug":"adrian-dummermuth-wird-kantonsrat","status":"publish","type":"post","link":"https:\/\/www.arth-online.ch\/cvp\/adrian-dummermuth-wird-kantonsrat\/","title":{"rendered":"Adrian Dummermuth wird Kantonsrat"},"content":{"rendered":"<p>Auf die Junisession 2007 hat Kantonsrat Stefan Aschwanden, Goldau, seinen R\u00fccktritt aus dem Kantonsrat erkl\u00e4rt. Die CVP-Fraktion des Kantonsrates und die CVP Arth-Oberarth-Goldau hat das mit grossem Bedauern zur Kenntnis nehmen m\u00fcssen. Stefan Aschwanden ist im Juni 1999 f\u00fcr die Gemeinde Arth in den Kantonsrat Schwyz eingetreten und war somit 8 Jahre im Kantonsrat t\u00e4tig. Er wendet sich nun neuen Priorit\u00e4ten zu. Stefan Aschwanden war w\u00e4hrend vielen Jahren im Kantonsrat Schwyz Pr\u00e4sident der Rechts- und Justizkommission und einige Jahre Fraktionschef der CVP. F\u00fcr seine grosse Arbeit danken wir Stefan Aschwanden herzlich und w\u00fcnschen ihm f\u00fcr die neuen Herausforderungen viel Freude und Erfolg.<\/p>\n<p>Anl\u00e4sslich der Kantonsratswahlen 2004 erzielte Adrian Dummermuth hinter Stefan Aschwanden und Josef Reichmuth das drittbeste Resultat auf der CVP-Liste. Adrian Dummermuth hat sich bereit erkl\u00e4rt, die durch den R\u00fccktritt von Stefan Aschwanden entstandene Vakanz zu \u00fcbernehmen. Wir w\u00fcnschen Adrian Dummermuth im Kantonsrat viel Erfolg.<\/p>\n<div class=\"wc-shortcodes-row wc-shortcodes-item wc-shortcodes-clearfix\">\n<div class=\"wc-shortcodes-column wc-shortcodes-content wc-shortcodes-one-half wc-shortcodes-column-first \">\n<p><img loading=\"lazy\" decoding=\"async\" src=\"http:\/\/www.arth-online.ch\/cvp\/wp-content\/uploads\/sites\/6\/2007\/06\/20070606_dummermuth_adrian.jpg\" alt=\"20070606_dummermuth_adrian\" width=\"300\" height=\"466\" class=\"alignleft size-full wp-image-556\" srcset=\"https:\/\/www.arth-online.ch\/cvp\/wp-content\/uploads\/sites\/6\/2007\/06\/20070606_dummermuth_adrian.jpg 300w, https:\/\/www.arth-online.ch\/cvp\/wp-content\/uploads\/sites\/6\/2007\/06\/20070606_dummermuth_adrian-193x300.jpg 193w\" sizes=\"auto, (max-width: 300px) 85vw, 300px\" \/><\/p>\n<\/div>\n<div class=\"wc-shortcodes-column wc-shortcodes-content wc-shortcodes-one-half wc-shortcodes-column-last \">\n<h2>Adrian Dummermuth<\/h2>\n<p>geb. 7. Juni 1958<br \/>\nSchulleiter<br \/>\nLuegisland 4b, Goldau<br \/>\nverheiratet, 3 Kinder<\/p>\n<h3>Adrian Dummermuth will:<\/h3>\n<ul>\n<li>einen wirtschaftlich starken Kanton Schwyz mit gesunden Staatsfinanzen;<\/li>\n<li>einen attraktiven Kanton Schwyz mit einer guten Infrastruktur f\u00fcr Verkehr, Tourismus und Sport;<\/li>\n<li>eine koordinierte und nachhaltige Bildungspolitik.<\/li>\n<\/ul>\n<\/div>\n<\/div>\n","protected":false},"excerpt":{"rendered":"<p>Auf die Junisession 2007 hat Kantonsrat Stefan Aschwanden, Goldau, seinen R\u00fccktritt aus dem Kantonsrat erkl\u00e4rt. Die CVP-Fraktion des Kantonsrates und die CVP Arth-Oberarth-Goldau hat das mit grossem Bedauern zur Kenntnis nehmen m\u00fcssen. Stefan Aschwanden ist im Juni 1999 f\u00fcr die Gemeinde Arth in den Kantonsrat Schwyz eingetreten und war somit 8 Jahre im Kantonsrat t\u00e4tig. &hellip; <a href=\"https:\/\/www.arth-online.ch\/cvp\/adrian-dummermuth-wird-kantonsrat\/\" class=\"more-link\"><span class=\"screen-reader-text\">\u201eAdrian Dummermuth wird Kantonsrat\u201c <\/span>weiterlesen<\/a><\/p>\n","protected":false},"author":1,"featured_media":0,"comment_status":"open","ping_status":"open","sticky":false,"template":"","format":"standard","meta":{"ngg_post_thumbnail":0,"footnotes":""},"categories":[1],"tags":[],"class_list":["post-553","post","type-post","status-publish","format-standard","hentry","category-allgemein"],"_links":{"self":[{"href":"https:\/\/www.arth-online.ch\/cvp\/wp-json\/wp\/v2\/posts\/553","targetHints":{"allow":["GET"]}}],"collection":[{"href":"https:\/\/www.arth-online.ch\/cvp\/wp-json\/wp\/v2\/posts"}],"about":[{"href":"https:\/\/www.arth-online.ch\/cvp\/wp-json\/wp\/v2\/types\/post"}],"author":[{"embeddable":true,"href":"https:\/\/www.arth-online.ch\/cvp\/wp-json\/wp\/v2\/users\/1"}],"replies":[{"embeddable":true,"href":"https:\/\/www.arth-online.ch\/cvp\/wp-json\/wp\/v2\/comments?post=553"}],"version-history":[{"count":0,"href":"https:\/\/www.arth-online.ch\/cvp\/wp-json\/wp\/v2\/posts\/553\/revisions"}],"wp:attachment":[{"href":"https:\/\/www.arth-online.ch\/cvp\/wp-json\/wp\/v2\/media?parent=553"}],"wp:term":[{"taxonomy":"category","embeddable":true,"href":"https:\/\/www.arth-online.ch\/cvp\/wp-json\/wp\/v2\/categories?post=553"},{"taxonomy":"post_tag","embeddable":true,"href":"https:\/\/www.arth-online.ch\/cvp\/wp-json\/wp\/v2\/tags?post=553"}],"curies":[{"name":"wp","href":"https:\/\/api.w.org\/{rel}","templated":true}]}}