{"id":548,"date":"2007-02-21T21:03:14","date_gmt":"2007-02-21T20:03:14","guid":{"rendered":"http:\/\/cvp.arth-online.ch\/?p=548"},"modified":"2007-02-21T21:03:14","modified_gmt":"2007-02-21T20:03:14","slug":"nein-zur-einheitskrankenkasse","status":"publish","type":"post","link":"https:\/\/www.arth-online.ch\/cvp\/nein-zur-einheitskrankenkasse\/","title":{"rendered":"Nein zur Einheitskrankenkasse"},"content":{"rendered":"<p>Am 11. M\u00e4rz 2007 ist auf Bundesebene \u00fcber die Volksinitiative \u201ef\u00fcr eine soziale Einheitskrankenkasse\u201c abzustimmen. Beim Bezirk Schwyz geht es um die \u00dcbertragung der Wasserrechtskonzession der K. H\u00fcrlimann S\u00f6hne AG auf das Elektrizit\u00e4tswerk Schwyz. In der Gemeinde Arth ist \u00fcber den Konzessionsvertrag zwischen der Gemeinde und dem Elektrizit\u00e4tswerk Schwyz f\u00fcr das Verteilgebiet Rigi zu entscheiden.<\/p>\n<p>Der Vorstand der CVP Arth-Oberarth-Goldau empfiehlt die Ablehnung der Einheitskrankenkasse, w\u00e4hrend die Bezirksvorlage und die Gemeindevorlage zur Annahme empfohlen werden.<\/p>\n<h2>Nein zur Einheitskrankenkasse<\/h2>\n<p>Die Initianten der Einheitskrankenkasse wollen die 87 bisherigen Krankenkassen im obligatorischen Bereich in eine einzige \u00fcberf\u00fchren. Damit wird der Wettbewerb unter den Krankenkassen im obligatorischen Bereich (Grundversicherung) vollst\u00e4ndig entfallen. Zudem wollen die Initianten, dass die Pr\u00e4mien nach Einkommen und Verm\u00f6gen abgestuft werden, was faktisch eine neue Steuer f\u00fcr die mittleren und h\u00f6heren Einkommen bedeutet. Auch jene, welche sich namhaftes Verm\u00f6gen angespart haben, kommen einmal mehr zur Kasse. Die tieferen Einkommen m\u00fcssen bereits heute keine Pr\u00e4mien bezahlen, weil diese im Rahmen der Pr\u00e4mienverbilligungen mit Steuergeldern verg\u00fctet werden.<\/p>\n<p>Das bisherige Kostenwachstum mit den steigenden Pr\u00e4mien (vor allem durch immer weitergehende Leistungen) wird durch eine Einheitskasse nicht gebremst. Auch bei der Einheitskrankenkasse muss eine umfangreiche Verwaltung alle erbrachten Leistungen erfassen, kontrollieren und abrechnen. Es gibt keinen vern\u00fcnftigen Grund, den bisherigen Wettbewerb unter den Anbietern aufzuheben. Zudem ist die mit der Einheitskrankenkasse verbundene neue Steuer abzulehnen. Diese Steuer stellt nichts anderes als einen weiteren Angriff auf das Portemonnaie des Mittelstandes an, welcher bereits heute im Wesentlichen die Steuern bezahlt. Die Einheitskrankenkasse ist deshalb abzulehnen.<\/p>\n<h2>Ja zur \u00dcbertragung der Wasserrechtskonzession<\/h2>\n<p>In Brunnen nutzt seit 1939 die K. H\u00fcrlimann S\u00f6hne AG die Wasserkraft der Muota zur Gewinnung von Elektrizit\u00e4t. Dieses Wasserkraftwerk soll nun an das Elektrizit\u00e4tswerk Schwyz (EBS) verkauft werden. Die K. H\u00fcrlimann S\u00f6hne AG will dieses Kraftwerk nicht mehr selber betreiben. Die Wasserkraftnutzung bedarf einer Konzession durch den Bezirk Schwyz. Da das Kraftwerk den Eigent\u00fcmer wechseln soll, muss auch die Konzession auf den Erwerber \u00fcbertragen werden. Das Elektrizit\u00e4tswerk des Bezirkes Schwyz will dieses Wasserkraftwerk nicht \u00fcbernehmen. Es gibt deshalb keinen Grund, die Konzessions\u00fcbertragung auf das EBS zu verweigern. Es ist n\u00e4mlich wichtig, dass dieses bestehende Wasserkraftwerk erhalten und m\u00f6glichst noch optimiert wird, weil die damit verbundene Stromerzeugung umweltschonend ist. Der \u00dcbertragung der Wasserrechtskonzession ist deshalb zuzustimmen.<\/p>\n<h2>Ja zum Konzessionsvertrag Verteilgebiet Rigi<\/h2>\n<p>Das Elektrizit\u00e4tswerk Schwyz (EWS) versorgt seit \u00fcber 30 Jahren in der Gemeinde Arth klaglos das Verteilgebiet Rigi mit Strom. Der derzeitige Konzessionsvertrag kann seit dem Jahr 2000 mit einer Frist von einem Jahr im Zweijahresrhythmus gek\u00fcndigt werden. Der Bau, der Unterhalt und der Betrieb eines Stromverteilnetzes ist sehr kostenintensiv und muss auf eine lange Zeitdauer abgeschrieben werden k\u00f6nnen. Deshalb soll der bereits bestehende Konzessionsvertrag wiederum auf 20 Jahre abgeschlossen werden. Das EWS versorgt bereits in vielen umliegenden Gemeinden kosteng\u00fcnstig mit Strom. Es gibt keinen Grund, an der bisherigen Stromversorgung im Verteilgebiet Rigi etwas zu \u00e4ndern. Dem neuen Konzessionsvertrag ist deshalb zuzustimmen.<\/p>\n<h2>Abstimmungsparolen Vorstand CVP Arth-Oberarth-Goldau f\u00fcr den 11. M\u00e4rz 2007<\/h2>\n<div class=\"wc-shortcodes-row wc-shortcodes-item wc-shortcodes-clearfix\">\n<div class=\"wc-shortcodes-column wc-shortcodes-content wc-shortcodes-three-fourth wc-shortcodes-column-first \">Einheitskrankenkasse<\/div>\n<div class=\"wc-shortcodes-column wc-shortcodes-content wc-shortcodes-one-fourth wc-shortcodes-column-last \">\n<div class=\"wc-shortcodes-box wc-shortcodes-item wc-shortcodes-content wc-shortcodes-clearfix wc-shortcodes-box-danger \" style=\"text-align:center;\"> NEIN<\/div>\n<\/div>\n<\/div>\n<div class=\"wc-shortcodes-row wc-shortcodes-item wc-shortcodes-clearfix\">\n<div class=\"wc-shortcodes-column wc-shortcodes-content wc-shortcodes-three-fourth wc-shortcodes-column-first \">Wasserrechtskonzession f\u00fcr EWS<\/div>\n<div class=\"wc-shortcodes-column wc-shortcodes-content wc-shortcodes-one-fourth wc-shortcodes-column-last \">\n<div class=\"wc-shortcodes-box wc-shortcodes-item wc-shortcodes-content wc-shortcodes-clearfix wc-shortcodes-box-success \" style=\"text-align:center;\"> JA<\/div>\n<\/div>\n<\/div>\n<div class=\"wc-shortcodes-row wc-shortcodes-item wc-shortcodes-clearfix\">\n<div class=\"wc-shortcodes-column wc-shortcodes-content wc-shortcodes-three-fourth wc-shortcodes-column-first \">Konzessionsvertrag EWS Verteilgebiet Rigi<\/div>\n<div class=\"wc-shortcodes-column wc-shortcodes-content wc-shortcodes-one-fourth wc-shortcodes-column-last \">\n<div class=\"wc-shortcodes-box wc-shortcodes-item wc-shortcodes-content wc-shortcodes-clearfix wc-shortcodes-box-success \" style=\"text-align:center;\"> JA<\/div>\n<\/div>\n<\/div>\n","protected":false},"excerpt":{"rendered":"<p>Am 11. M\u00e4rz 2007 ist auf Bundesebene \u00fcber die Volksinitiative \u201ef\u00fcr eine soziale Einheitskrankenkasse\u201c abzustimmen. Beim Bezirk Schwyz geht es um die \u00dcbertragung der Wasserrechtskonzession der K. H\u00fcrlimann S\u00f6hne AG auf das Elektrizit\u00e4tswerk Schwyz. In der Gemeinde Arth ist \u00fcber den Konzessionsvertrag zwischen der Gemeinde und dem Elektrizit\u00e4tswerk Schwyz f\u00fcr das Verteilgebiet Rigi zu entscheiden. &hellip; <a href=\"https:\/\/www.arth-online.ch\/cvp\/nein-zur-einheitskrankenkasse\/\" class=\"more-link\"><span class=\"screen-reader-text\">\u201eNein zur Einheitskrankenkasse\u201c <\/span>weiterlesen<\/a><\/p>\n","protected":false},"author":1,"featured_media":0,"comment_status":"open","ping_status":"open","sticky":false,"template":"","format":"standard","meta":{"ngg_post_thumbnail":0,"footnotes":""},"categories":[1],"tags":[],"class_list":["post-548","post","type-post","status-publish","format-standard","hentry","category-allgemein"],"_links":{"self":[{"href":"https:\/\/www.arth-online.ch\/cvp\/wp-json\/wp\/v2\/posts\/548","targetHints":{"allow":["GET"]}}],"collection":[{"href":"https:\/\/www.arth-online.ch\/cvp\/wp-json\/wp\/v2\/posts"}],"about":[{"href":"https:\/\/www.arth-online.ch\/cvp\/wp-json\/wp\/v2\/types\/post"}],"author":[{"embeddable":true,"href":"https:\/\/www.arth-online.ch\/cvp\/wp-json\/wp\/v2\/users\/1"}],"replies":[{"embeddable":true,"href":"https:\/\/www.arth-online.ch\/cvp\/wp-json\/wp\/v2\/comments?post=548"}],"version-history":[{"count":0,"href":"https:\/\/www.arth-online.ch\/cvp\/wp-json\/wp\/v2\/posts\/548\/revisions"}],"wp:attachment":[{"href":"https:\/\/www.arth-online.ch\/cvp\/wp-json\/wp\/v2\/media?parent=548"}],"wp:term":[{"taxonomy":"category","embeddable":true,"href":"https:\/\/www.arth-online.ch\/cvp\/wp-json\/wp\/v2\/categories?post=548"},{"taxonomy":"post_tag","embeddable":true,"href":"https:\/\/www.arth-online.ch\/cvp\/wp-json\/wp\/v2\/tags?post=548"}],"curies":[{"name":"wp","href":"https:\/\/api.w.org\/{rel}","templated":true}]}}