{"id":532,"date":"2008-01-23T19:27:55","date_gmt":"2008-01-23T18:27:55","guid":{"rendered":"http:\/\/cvp.arth-online.ch\/?p=532"},"modified":"2008-01-23T19:27:55","modified_gmt":"2008-01-23T18:27:55","slug":"cvp-in-den-kantonsrat-fuer-einen-erfolgreichen-und-starken-kanton-schwyz-2","status":"publish","type":"post","link":"https:\/\/www.arth-online.ch\/cvp\/cvp-in-den-kantonsrat-fuer-einen-erfolgreichen-und-starken-kanton-schwyz-2\/","title":{"rendered":"CVP in den Kantonsrat \u2013 f\u00fcr einen erfolgreichen und starken Kanton Schwyz"},"content":{"rendered":"<p><strong>F\u00fcr die Kantonsratswahlen vom 16. M\u00e4rz 2008 kann die CVP Arth-Oberarth-Goldau hervorragende Pers\u00f6nlichkeiten vorstellen. Es sind dies Adrian Dummermuth, Kantonsrat, Goldau; Vreni Steffen, Goldau; Irmela Fassbind, Oberarth; Bruno Beeler, Goldau; Fritz Herzog, Oberarth; Paul Kenel, Oberarth, Peter Schaller, Goldau.<\/strong><\/p>\n<p><strong>Die Kandidaten der CVP Arth-Oberarth-Goldau haben ihr K\u00f6nnen und ihre Einsatzbereitschaft schon oft unter Beweis gestellt und sind bereit, sich f\u00fcr die B\u00fcrgerinnen und B\u00fcrger der Gemeinde Arth im Kantonsrat einzusetzen. Sie werden die erfolgreiche Politik der CVP im Kanton Schwyz fortsetzen (Sicherheit, F\u00f6rderung der Familie, tiefe Steuern, F\u00f6rderung der Landwirtschaft, gute Bildung, Energiesparen, etc.). Der bisherige Erfolg des Kantons Schwyz basiert auf den Leistungen der CVP. Helfen Sie mit, dass der Kanton Schwyz weiterhin erfolgreich sein kann. W\u00e4hlen Sie deshalb die Kandidaten der CVP mit der Liste 2, denn sie garantieren Qualit\u00e4t und Einsatz!<\/strong><\/p>\n<div class=\"wc-shortcodes-row wc-shortcodes-item wc-shortcodes-clearfix\">\n<div class=\"wc-shortcodes-column wc-shortcodes-content wc-shortcodes-one-half wc-shortcodes-column-first \">\n<img loading=\"lazy\" decoding=\"async\" class=\"alignleft size-full wp-image-469\" src=\"http:\/\/www.arth-online.ch\/cvp\/wp-content\/uploads\/sites\/6\/2008\/02\/20080123_dummermuth_adrian.jpg\" alt=\"20080123_dummermuth_adrian\" width=\"256\" height=\"384\" srcset=\"https:\/\/www.arth-online.ch\/cvp\/wp-content\/uploads\/sites\/6\/2008\/02\/20080123_dummermuth_adrian.jpg 256w, https:\/\/www.arth-online.ch\/cvp\/wp-content\/uploads\/sites\/6\/2008\/02\/20080123_dummermuth_adrian-200x300.jpg 200w\" sizes=\"auto, (max-width: 256px) 85vw, 256px\" \/>\n<\/div>\n<div class=\"wc-shortcodes-column wc-shortcodes-content wc-shortcodes-one-half wc-shortcodes-column-last \">\n<strong>Adrian Dummermuth<\/strong><br \/>\ngeb. 7. Juni 1958<br \/>\nSchulleiter<br \/>\nLuegisland 4b, Goldau<br \/>\nverheiratet, 3 Kinder\n<\/div>\n<\/div>\n<div class=\"wc-shortcodes-row wc-shortcodes-item wc-shortcodes-clearfix\">\n<div class=\"wc-shortcodes-column wc-shortcodes-content wc-shortcodes-one-half wc-shortcodes-column-first \">\n<img loading=\"lazy\" decoding=\"async\" class=\"alignleft size-full wp-image-468\" src=\"http:\/\/www.arth-online.ch\/cvp\/wp-content\/uploads\/sites\/6\/2008\/02\/20080123_steffen_vreni.jpg\" alt=\"20080123_steffen_vreni\" width=\"256\" height=\"384\" srcset=\"https:\/\/www.arth-online.ch\/cvp\/wp-content\/uploads\/sites\/6\/2008\/02\/20080123_steffen_vreni.jpg 256w, https:\/\/www.arth-online.ch\/cvp\/wp-content\/uploads\/sites\/6\/2008\/02\/20080123_steffen_vreni-200x300.jpg 200w\" sizes=\"auto, (max-width: 256px) 85vw, 256px\" \/>\n<\/div>\n<div class=\"wc-shortcodes-column wc-shortcodes-content wc-shortcodes-one-half wc-shortcodes-column-last \">\n<strong>Vreni Steffen<\/strong><br \/>\ngeb. 31. Juli 1962<br \/>\nSachbearbeiterin<br \/>\nEichrainweg 12, Goldau<br \/>\nverheiratet, 3 Kinder\n<\/div>\n<\/div>\n<div class=\"wc-shortcodes-row wc-shortcodes-item wc-shortcodes-clearfix\">\n<div class=\"wc-shortcodes-column wc-shortcodes-content wc-shortcodes-one-half wc-shortcodes-column-first \">\n<img loading=\"lazy\" decoding=\"async\" class=\"alignleft size-full wp-image-467\" src=\"http:\/\/www.arth-online.ch\/cvp\/wp-content\/uploads\/sites\/6\/2008\/02\/20080123_fassbind_irmela.jpg\" alt=\"20080123_fassbind_irmela\" width=\"256\" height=\"384\" srcset=\"https:\/\/www.arth-online.ch\/cvp\/wp-content\/uploads\/sites\/6\/2008\/02\/20080123_fassbind_irmela.jpg 256w, https:\/\/www.arth-online.ch\/cvp\/wp-content\/uploads\/sites\/6\/2008\/02\/20080123_fassbind_irmela-200x300.jpg 200w\" sizes=\"auto, (max-width: 256px) 85vw, 256px\" \/>\n<\/div>\n<div class=\"wc-shortcodes-column wc-shortcodes-content wc-shortcodes-one-half wc-shortcodes-column-last \">\n<strong>Irmela Fassbind<\/strong><br \/>\ngeb. 1. Mai 1966<br \/>\nPhysiotherapeutin<br \/>\nGotthardstrasse 41, Oberarth<br \/>\nverheiratet, 3 Kinder\n<\/div>\n<\/div>\n<div class=\"wc-shortcodes-row wc-shortcodes-item wc-shortcodes-clearfix\">\n<div class=\"wc-shortcodes-column wc-shortcodes-content wc-shortcodes-one-half wc-shortcodes-column-first \">\n<img loading=\"lazy\" decoding=\"async\" class=\"alignleft size-full wp-image-466\" src=\"http:\/\/www.arth-online.ch\/cvp\/wp-content\/uploads\/sites\/6\/2008\/02\/20080123_beeler_bruno.jpg\" alt=\"20080123_beeler_bruno\" width=\"256\" height=\"384\" srcset=\"https:\/\/www.arth-online.ch\/cvp\/wp-content\/uploads\/sites\/6\/2008\/02\/20080123_beeler_bruno.jpg 256w, https:\/\/www.arth-online.ch\/cvp\/wp-content\/uploads\/sites\/6\/2008\/02\/20080123_beeler_bruno-200x300.jpg 200w\" sizes=\"auto, (max-width: 256px) 85vw, 256px\" \/>\n<\/div>\n<div class=\"wc-shortcodes-column wc-shortcodes-content wc-shortcodes-one-half wc-shortcodes-column-last \">\n<strong>Bruno Beeler<\/strong><br \/>\ngeb. 27. Februar 1962<br \/>\nRechtsanwalt<br \/>\nSunnmatt 32, Goldau<br \/>\nverheiratet, 4 Kinder\n<\/div>\n<\/div>\n<div class=\"wc-shortcodes-row wc-shortcodes-item wc-shortcodes-clearfix\">\n<div class=\"wc-shortcodes-column wc-shortcodes-content wc-shortcodes-one-half wc-shortcodes-column-first \">\n<img loading=\"lazy\" decoding=\"async\" class=\"alignleft size-full wp-image-533\" src=\"http:\/\/www.arth-online.ch\/cvp\/wp-content\/uploads\/sites\/6\/2016\/11\/20080123_herzog_fritz.jpg\" alt=\"20080123_herzog_fritz\" width=\"256\" height=\"384\" srcset=\"https:\/\/www.arth-online.ch\/cvp\/wp-content\/uploads\/sites\/6\/2016\/11\/20080123_herzog_fritz.jpg 256w, https:\/\/www.arth-online.ch\/cvp\/wp-content\/uploads\/sites\/6\/2016\/11\/20080123_herzog_fritz-200x300.jpg 200w\" sizes=\"auto, (max-width: 256px) 85vw, 256px\" \/>\n<\/div>\n<div class=\"wc-shortcodes-column wc-shortcodes-content wc-shortcodes-one-half wc-shortcodes-column-last \">\n<strong>Fritz Herzog<\/strong><br \/>\ngeb. 10. August 1959<br \/>\ndipl. Ing. HTL\/HLK<br \/>\nTramweg 49, Oberarth<br \/>\nunverheiratet\n<\/div>\n<\/div>\n<div class=\"wc-shortcodes-row wc-shortcodes-item wc-shortcodes-clearfix\">\n<div class=\"wc-shortcodes-column wc-shortcodes-content wc-shortcodes-one-half wc-shortcodes-column-first \">\n<img loading=\"lazy\" decoding=\"async\" class=\"alignleft size-full wp-image-464\" src=\"http:\/\/www.arth-online.ch\/cvp\/wp-content\/uploads\/sites\/6\/2008\/02\/20080123_kenel_paul.jpg\" alt=\"20080123_kenel_paul\" width=\"256\" height=\"384\" srcset=\"https:\/\/www.arth-online.ch\/cvp\/wp-content\/uploads\/sites\/6\/2008\/02\/20080123_kenel_paul.jpg 256w, https:\/\/www.arth-online.ch\/cvp\/wp-content\/uploads\/sites\/6\/2008\/02\/20080123_kenel_paul-200x300.jpg 200w\" sizes=\"auto, (max-width: 256px) 85vw, 256px\" \/>\n<\/div>\n<div class=\"wc-shortcodes-column wc-shortcodes-content wc-shortcodes-one-half wc-shortcodes-column-last \">\n<strong>Paul Kenel<\/strong><br \/>\ngeb. 20. Mai 1955<br \/>\nLandwirt<br \/>\nObermatt\/Lindenweg, Oberarth<br \/>\nverheiratet\n<\/div>\n<\/div>\n<div class=\"wc-shortcodes-row wc-shortcodes-item wc-shortcodes-clearfix\">\n<div class=\"wc-shortcodes-column wc-shortcodes-content wc-shortcodes-one-half wc-shortcodes-column-first \">\n<img loading=\"lazy\" decoding=\"async\" class=\"alignleft size-full wp-image-463\" src=\"http:\/\/www.arth-online.ch\/cvp\/wp-content\/uploads\/sites\/6\/2008\/02\/20080123_schaller_peter.jpg\" alt=\"20080123_schaller_peter\" width=\"256\" height=\"384\" srcset=\"https:\/\/www.arth-online.ch\/cvp\/wp-content\/uploads\/sites\/6\/2008\/02\/20080123_schaller_peter.jpg 256w, https:\/\/www.arth-online.ch\/cvp\/wp-content\/uploads\/sites\/6\/2008\/02\/20080123_schaller_peter-200x300.jpg 200w\" sizes=\"auto, (max-width: 256px) 85vw, 256px\" \/>\n<\/div>\n<div class=\"wc-shortcodes-column wc-shortcodes-content wc-shortcodes-one-half wc-shortcodes-column-last \">\n<strong>Peter Schaller<\/strong><br \/>\ngeb. 18. November 1961<br \/>\nLeiter Berufs- und Weiterbildung<br \/>\nSunnmatt 26, Goldau<br \/>\nverheiratet, 2 Kinder\n<\/div>\n<\/div>\n","protected":false},"excerpt":{"rendered":"<p>F\u00fcr die Kantonsratswahlen vom 16. M\u00e4rz 2008 kann die CVP Arth-Oberarth-Goldau hervorragende Pers\u00f6nlichkeiten vorstellen. Es sind dies Adrian Dummermuth, Kantonsrat, Goldau; Vreni Steffen, Goldau; Irmela Fassbind, Oberarth; Bruno Beeler, Goldau; Fritz Herzog, Oberarth; Paul Kenel, Oberarth, Peter Schaller, Goldau. Die Kandidaten der CVP Arth-Oberarth-Goldau haben ihr K\u00f6nnen und ihre Einsatzbereitschaft schon oft unter Beweis gestellt &hellip; <a href=\"https:\/\/www.arth-online.ch\/cvp\/cvp-in-den-kantonsrat-fuer-einen-erfolgreichen-und-starken-kanton-schwyz-2\/\" class=\"more-link\"><span class=\"screen-reader-text\">\u201eCVP in den Kantonsrat \u2013 f\u00fcr einen erfolgreichen und starken Kanton Schwyz\u201c <\/span>weiterlesen<\/a><\/p>\n","protected":false},"author":1,"featured_media":0,"comment_status":"open","ping_status":"open","sticky":false,"template":"","format":"standard","meta":{"ngg_post_thumbnail":0,"footnotes":""},"categories":[1],"tags":[],"class_list":["post-532","post","type-post","status-publish","format-standard","hentry","category-allgemein"],"_links":{"self":[{"href":"https:\/\/www.arth-online.ch\/cvp\/wp-json\/wp\/v2\/posts\/532","targetHints":{"allow":["GET"]}}],"collection":[{"href":"https:\/\/www.arth-online.ch\/cvp\/wp-json\/wp\/v2\/posts"}],"about":[{"href":"https:\/\/www.arth-online.ch\/cvp\/wp-json\/wp\/v2\/types\/post"}],"author":[{"embeddable":true,"href":"https:\/\/www.arth-online.ch\/cvp\/wp-json\/wp\/v2\/users\/1"}],"replies":[{"embeddable":true,"href":"https:\/\/www.arth-online.ch\/cvp\/wp-json\/wp\/v2\/comments?post=532"}],"version-history":[{"count":0,"href":"https:\/\/www.arth-online.ch\/cvp\/wp-json\/wp\/v2\/posts\/532\/revisions"}],"wp:attachment":[{"href":"https:\/\/www.arth-online.ch\/cvp\/wp-json\/wp\/v2\/media?parent=532"}],"wp:term":[{"taxonomy":"category","embeddable":true,"href":"https:\/\/www.arth-online.ch\/cvp\/wp-json\/wp\/v2\/categories?post=532"},{"taxonomy":"post_tag","embeddable":true,"href":"https:\/\/www.arth-online.ch\/cvp\/wp-json\/wp\/v2\/tags?post=532"}],"curies":[{"name":"wp","href":"https:\/\/api.w.org\/{rel}","templated":true}]}}