{"id":302,"date":"2012-02-01T16:57:50","date_gmt":"2012-02-01T15:57:50","guid":{"rendered":"http:\/\/cvp.arth-online.ch\/?p=302"},"modified":"2012-02-01T16:57:50","modified_gmt":"2012-02-01T15:57:50","slug":"fuer-einen-erfolgreichen-und-starken-kanton-schwyz","status":"publish","type":"post","link":"https:\/\/www.arth-online.ch\/cvp\/fuer-einen-erfolgreichen-und-starken-kanton-schwyz\/","title":{"rendered":"F\u00fcr einen erfolgreichen und starken Kanton Schwyz"},"content":{"rendered":"<p><strong>F\u00fcr die Kantonsratswahlen vom 11. M\u00e4rz 2012 kann die CVP Arth-Oberarth-Goldau hervorragende Pers\u00f6nlichkeiten vorstellen. Es sind dies Adrian Dummermuth, Kantonsrat, Goldau; Bruno Beeler, Kantonsrat, Goldau; Susanne Marty-Schelbert, Arth; Stefan Eichhorn, Arth; Werner Hardegger, Goldau; Urs Hospenthal, Arth, Fredi Ketterer, Oberarth.<\/strong><\/p>\n<p>Die Kandidaten der CVP Arth-Oberarth-Goldau haben ihr K\u00f6nnen und ihre Einsatzbereitschaft schon oft unter Beweis gestellt und sind bereit, sich f\u00fcr die B\u00fcrgerinnen und B\u00fcrger der Gemeinde Arth im Kantonsrat einzusetzen. Sie werden die <strong>erfolgreiche Politik<\/strong> der <strong>CVP<\/strong> im Kanton Schwyz fortsetzen (Sicherheit, F\u00f6rderung der Familie, tiefe Steuern, F\u00f6rderung der Landwirtschaft, gute Bildung, Energiesparen, etc.). <strong>Der bisherige Erfolg des Kantons Schwyz basiert auf den Leistungen der CVP.<\/strong> Helfen Sie mit, dass der Kanton Schwyz weiterhin erfolgreich sein kann. <strong>W\u00e4hlen Sie deshalb die Kandidaten der CVP mit der Liste 3, denn sie garantieren Qualit\u00e4t und Einsatz!<\/strong><\/p>\n<div class=\"wc-shortcodes-row wc-shortcodes-item wc-shortcodes-clearfix\">\n<div class=\"wc-shortcodes-column wc-shortcodes-content wc-shortcodes-one-fourth wc-shortcodes-column-first \">\n<img loading=\"lazy\" decoding=\"async\" class=\"alignnone size-full wp-image-281\" src=\"http:\/\/www.arth-online.ch\/cvp\/wp-content\/uploads\/sites\/6\/2012\/03\/dummermuth_adrian_2012-200.jpg\" alt=\"dummermuth_adrian_2012-200\" width=\"200\" height=\"300\" \/><br \/>\n<strong>Adrian Dummermuth<\/strong><br \/>\ngeb. 7. Juni 1958<br \/>\nSchulleiter<br \/>\nLuegisland 4b, Goldau<br \/>\nverheiratet, 3 Kinder\n<\/div>\n<div class=\"wc-shortcodes-column wc-shortcodes-content wc-shortcodes-one-fourth wc-shortcodes-column- \">\n<img loading=\"lazy\" decoding=\"async\" class=\"alignnone size-full wp-image-280\" src=\"http:\/\/www.arth-online.ch\/cvp\/wp-content\/uploads\/sites\/6\/2012\/03\/beeler_bruno_2012-200.jpg\" alt=\"beeler_bruno_2012-200\" width=\"200\" height=\"300\" \/><br \/>\n<strong>Bruno Beeler<\/strong><br \/>\ngeb. 27. Februar 1962<br \/>\nRechtsanwalt \/ Dr. iur.<br \/>\nSunnmatt 32, Goldau<br \/>\nverheiratet, 4 Kinder\n<\/div>\n<div class=\"wc-shortcodes-column wc-shortcodes-content wc-shortcodes-one-fourth wc-shortcodes-column- \">\n<img loading=\"lazy\" decoding=\"async\" class=\"alignnone size-full wp-image-292\" src=\"http:\/\/www.arth-online.ch\/cvp\/wp-content\/uploads\/sites\/6\/2016\/11\/marty_susanne_2012-200.jpg\" alt=\"marty_susanne_2012-200\" width=\"200\" height=\"300\" \/><br \/>\n<strong>Susanne Marty-Schelbert<\/strong><br \/>\ngeb. 2. Januar 1969<br \/>\nB\u00e4uerin<br \/>\nGrabachern, Arth<br \/>\nverheiratet\n<\/div>\n<div class=\"wc-shortcodes-column wc-shortcodes-content wc-shortcodes-one-fourth wc-shortcodes-column-last \">\n<img loading=\"lazy\" decoding=\"async\" class=\"alignnone size-full wp-image-291\" src=\"http:\/\/www.arth-online.ch\/cvp\/wp-content\/uploads\/sites\/6\/2016\/11\/eichhorn_stefan_2012-200.jpg\" alt=\"eichhorn_stefan_2012-200\" width=\"200\" height=\"300\" \/><br \/>\n<strong>Stefan Eichhorn<\/strong><br \/>\ngeb. 30. M\u00e4rz 1966<br \/>\nBetriebs\u00f6konom HWV\/FH<br \/>\nGotthardstrasse 47, Arth<br \/>\nledig\n<\/div>\n<\/div>\n<div class=\"wc-shortcodes-row wc-shortcodes-item wc-shortcodes-clearfix\">\n<div class=\"wc-shortcodes-column wc-shortcodes-content wc-shortcodes-one-fourth wc-shortcodes-column-first \">\n<img loading=\"lazy\" decoding=\"async\" class=\"alignnone size-full wp-image-290\" src=\"http:\/\/www.arth-online.ch\/cvp\/wp-content\/uploads\/sites\/6\/2016\/11\/hardegger_werner_2012-200.jpg\" alt=\"hardegger_werner_2012-200\" width=\"200\" height=\"300\" \/><br \/>\n<strong>Werner Hardegger<\/strong><br \/>\ngeb. 30. Mai 1962<br \/>\nkaufm. Angestellter<br \/>\nBergstrasse 14f, Goldau<br \/>\nledig\n<\/div>\n<div class=\"wc-shortcodes-column wc-shortcodes-content wc-shortcodes-one-fourth wc-shortcodes-column- \">\n<img loading=\"lazy\" decoding=\"async\" class=\"alignnone size-full wp-image-289\" src=\"http:\/\/www.arth-online.ch\/cvp\/wp-content\/uploads\/sites\/6\/2016\/11\/hospenthal_urs_2012-200.jpg\" alt=\"hospenthal_urs_2012-200\" width=\"200\" height=\"300\" \/><br \/>\n<strong>Urs Hospenthal<\/strong><br \/>\ngeb. 21. Mai 1959<br \/>\nLandwirt<br \/>\nSt. Adrian, Arth<br \/>\nverheiratet, 3 Kinder\n<\/div>\n<div class=\"wc-shortcodes-column wc-shortcodes-content wc-shortcodes-one-fourth wc-shortcodes-column- \">\n<img loading=\"lazy\" decoding=\"async\" class=\"alignnone size-full wp-image-288\" src=\"http:\/\/www.arth-online.ch\/cvp\/wp-content\/uploads\/sites\/6\/2016\/11\/ketterer_fredi_2012-200.jpg\" alt=\"ketterer_fredi_2012-200\" width=\"200\" height=\"300\" \/><br \/>\n<strong>Fredi Ketterer<\/strong><br \/>\ngeb. 5. Dezember 1956<br \/>\nZimmer-Polier<br \/>\nSonnenweg 13, Oberarth<br \/>\nverheiratet, 3 Kinder\n<\/div>\n<div class=\"wc-shortcodes-column wc-shortcodes-content wc-shortcodes-one-fourth wc-shortcodes-column-last \">\n<\/div>\n<\/div>\n","protected":false},"excerpt":{"rendered":"<p>F\u00fcr die Kantonsratswahlen vom 11. M\u00e4rz 2012 kann die CVP Arth-Oberarth-Goldau hervorragende Pers\u00f6nlichkeiten vorstellen. Es sind dies Adrian Dummermuth, Kantonsrat, Goldau; Bruno Beeler, Kantonsrat, Goldau; Susanne Marty-Schelbert, Arth; Stefan Eichhorn, Arth; Werner Hardegger, Goldau; Urs Hospenthal, Arth, Fredi Ketterer, Oberarth. Die Kandidaten der CVP Arth-Oberarth-Goldau haben ihr K\u00f6nnen und ihre Einsatzbereitschaft schon oft unter Beweis &hellip; <a href=\"https:\/\/www.arth-online.ch\/cvp\/fuer-einen-erfolgreichen-und-starken-kanton-schwyz\/\" class=\"more-link\"><span class=\"screen-reader-text\">\u201eF\u00fcr einen erfolgreichen und starken Kanton Schwyz\u201c <\/span>weiterlesen<\/a><\/p>\n","protected":false},"author":1,"featured_media":0,"comment_status":"open","ping_status":"open","sticky":false,"template":"","format":"standard","meta":{"ngg_post_thumbnail":0,"footnotes":""},"categories":[1],"tags":[],"class_list":["post-302","post","type-post","status-publish","format-standard","hentry","category-allgemein"],"_links":{"self":[{"href":"https:\/\/www.arth-online.ch\/cvp\/wp-json\/wp\/v2\/posts\/302","targetHints":{"allow":["GET"]}}],"collection":[{"href":"https:\/\/www.arth-online.ch\/cvp\/wp-json\/wp\/v2\/posts"}],"about":[{"href":"https:\/\/www.arth-online.ch\/cvp\/wp-json\/wp\/v2\/types\/post"}],"author":[{"embeddable":true,"href":"https:\/\/www.arth-online.ch\/cvp\/wp-json\/wp\/v2\/users\/1"}],"replies":[{"embeddable":true,"href":"https:\/\/www.arth-online.ch\/cvp\/wp-json\/wp\/v2\/comments?post=302"}],"version-history":[{"count":0,"href":"https:\/\/www.arth-online.ch\/cvp\/wp-json\/wp\/v2\/posts\/302\/revisions"}],"wp:attachment":[{"href":"https:\/\/www.arth-online.ch\/cvp\/wp-json\/wp\/v2\/media?parent=302"}],"wp:term":[{"taxonomy":"category","embeddable":true,"href":"https:\/\/www.arth-online.ch\/cvp\/wp-json\/wp\/v2\/categories?post=302"},{"taxonomy":"post_tag","embeddable":true,"href":"https:\/\/www.arth-online.ch\/cvp\/wp-json\/wp\/v2\/tags?post=302"}],"curies":[{"name":"wp","href":"https:\/\/api.w.org\/{rel}","templated":true}]}}