{"id":1751,"date":"2024-03-28T11:11:59","date_gmt":"2024-03-28T10:11:59","guid":{"rendered":"https:\/\/www.arth-online.ch\/cvp\/?p=1751"},"modified":"2024-03-28T11:25:45","modified_gmt":"2024-03-28T10:25:45","slug":"gemeindewahlen-vom-14-april","status":"publish","type":"post","link":"https:\/\/www.arth-online.ch\/cvp\/gemeindewahlen-vom-14-april\/","title":{"rendered":"Gemeindewahlen vom 14. April"},"content":{"rendered":"<p><strong style=\"font-size:125%\">Als Gemeindepr\u00e4sident<\/strong> (bisher)<\/p>\n<div class=\"wc-shortcodes-row wc-shortcodes-item wc-shortcodes-clearfix\">\n<div class=\"wc-shortcodes-column wc-shortcodes-content wc-shortcodes-one-half wc-shortcodes-column-first \">\n<img loading=\"lazy\" decoding=\"async\" style=\"border-radius:50%\" src=\"https:\/\/www.arth-online.ch\/cvp\/wp-content\/uploads\/sites\/6\/2024\/03\/gr2024-ruedi_beeler_720.jpg\" alt=\"\" width=\"720\" height=\"720\" class=\"alignnone size-full wp-image-1752\" srcset=\"https:\/\/www.arth-online.ch\/cvp\/wp-content\/uploads\/sites\/6\/2024\/03\/gr2024-ruedi_beeler_720.jpg 720w, https:\/\/www.arth-online.ch\/cvp\/wp-content\/uploads\/sites\/6\/2024\/03\/gr2024-ruedi_beeler_720-300x300.jpg 300w, https:\/\/www.arth-online.ch\/cvp\/wp-content\/uploads\/sites\/6\/2024\/03\/gr2024-ruedi_beeler_720-150x150.jpg 150w\" sizes=\"auto, (max-width: 709px) 85vw, (max-width: 909px) 67vw, (max-width: 984px) 61vw, (max-width: 1362px) 45vw, 600px\" \/>\n<\/div>\n<div class=\"wc-shortcodes-column wc-shortcodes-content wc-shortcodes-one-half wc-shortcodes-column-last \">\n<h2 class=\"gr\">Ruedi Beeler<\/h2>\n<p>1963<br \/>\nLandwirt<br \/>\nAeschi, Sch\u00f6nenbodenstr. 3, Goldau<br \/>\nverheiratet, vier Kinder<\/p>\n<ul class=\"gr\">\n<li>Gemeindepr\u00e4sident seit 2016<\/li>\n<li>Weiterbildung Treuhand und Beratung<\/li>\n<li>Meisterlandwirt<\/li>\n<li>Primarschule und Sekundarschule in Goldau und Oberarth<\/li>\n<li>Ehrenmitglied freiwillige Feuerwehr Goldau<\/li>\n<li>Mitglied in diversen landwirtschaftlichen Vereinen\/Organisationen<\/li>\n<\/ul>\n<\/div>\n<\/div>\n<div class=\"wc-shortcodes-row wc-shortcodes-item wc-shortcodes-clearfix\">\n<div class=\"wc-shortcodes-column wc-shortcodes-content wc-shortcodes-one-half wc-shortcodes-column-first \">\n<ul>\n<li>Die Gemeinde als attraktiven Wohn- und Arbeitsort mit tiefer Steuerlast gezielt voranbringen.<\/li>\n<li>Der Entwicklung des Bahnhof S\u00fcdgebietes zum Durchbruch verhelfen, um nachfolgend die angestrebten Arbeitspl\u00e4tze schaffen zu k\u00f6nnen.<\/li>\n<\/ul>\n<\/div>\n<div class=\"wc-shortcodes-column wc-shortcodes-content wc-shortcodes-one-half wc-shortcodes-column-last \">\n<ul>\n<li>Das vorhandene Kulturland schonen mit einer massvollen Siedlungsentwicklung nach innen.<\/li>\n<li>Ein offenes Ohr zu den B\u00fcrgern pflegen und diese m\u00f6glichst einbeziehen.<\/li>\n<\/ul>\n<\/div>\n<\/div>\n<p><strong style=\"font-size:125%\">Als Gemeinderat<\/strong> (bisher)<\/p>\n<div class=\"wc-shortcodes-row wc-shortcodes-item wc-shortcodes-clearfix\">\n<div class=\"wc-shortcodes-column wc-shortcodes-content wc-shortcodes-one-half wc-shortcodes-column-first \">\n<img loading=\"lazy\" decoding=\"async\" style=\"border-radius:50%\" src=\"https:\/\/www.arth-online.ch\/cvp\/wp-content\/uploads\/sites\/6\/2024\/03\/gr2024-andreas_imlig_720.jpg\" alt=\"\" width=\"720\" height=\"720\" class=\"alignnone size-full wp-image-1753\" srcset=\"https:\/\/www.arth-online.ch\/cvp\/wp-content\/uploads\/sites\/6\/2024\/03\/gr2024-andreas_imlig_720.jpg 720w, https:\/\/www.arth-online.ch\/cvp\/wp-content\/uploads\/sites\/6\/2024\/03\/gr2024-andreas_imlig_720-300x300.jpg 300w, https:\/\/www.arth-online.ch\/cvp\/wp-content\/uploads\/sites\/6\/2024\/03\/gr2024-andreas_imlig_720-150x150.jpg 150w\" sizes=\"auto, (max-width: 709px) 85vw, (max-width: 909px) 67vw, (max-width: 984px) 61vw, (max-width: 1362px) 45vw, 600px\" \/>\n<\/div>\n<div class=\"wc-shortcodes-column wc-shortcodes-content wc-shortcodes-one-half wc-shortcodes-column-last \">\n<h2 class=\"gr\">Andreas Imlig<\/h2>\n<p>1972<br \/>\nProjektleiter lnformatik<br \/>\nM\u00fchlefluo 25b, Oberarth<br \/>\nledig<\/p>\n<ul class=\"gr\">\n<li>Gemeinderat seit 2020<\/li>\n<li>Projektleiter Informatik FA<\/li>\n<li>KV-Lehre bei Emil Contratto, Goldau<\/li>\n<li>Primar- und Sekundarschule in Goldau\/Oberarth<\/li>\n<li>1 Zylinder Club, Pr\u00f6sident seit 2011<\/li>\n<li>Roh Goldauer Fasnacht<\/li>\n<li>Schwingerverband am Rigi (passiv)<\/li>\n<li>Handball Club Goldau 1986 &#8211; 1998, Juniorentrainer 1922 &#8211; 1994<\/li>\n<li>Goldau Schr\u00e4nzer 1988 &#8211; 2003<\/li>\n<\/ul>\n<\/div>\n<\/div>\n<div class=\"wc-shortcodes-row wc-shortcodes-item wc-shortcodes-clearfix\">\n<div class=\"wc-shortcodes-column wc-shortcodes-content wc-shortcodes-one-half wc-shortcodes-column-first \">\n<ul>\n<li>Ich m\u00f6chte attraktive Rahmenbedingungen f\u00fcr Freiwilligenarbeit und Vereine schaffen, da diese massgeblich zur Lebensqualit\u00e4t in der Gemeinde beitragen.<\/li>\n<li>lch setze mich f\u00fcr eine l\u00f6sungsorientierte Sachpolitik mit allen Involvierten ein, da so die besten L\u00f6sungen entstehen.<\/li>\n<\/ul>\n<\/div>\n<div class=\"wc-shortcodes-column wc-shortcodes-content wc-shortcodes-one-half wc-shortcodes-column-last \">\n<ul>\n<li>Die gute verkehrstechnische Lage unserer Gemeinde soll genutzt werden, um Unternehmen anzusiedeln und damit Arbeitspl\u00e4tze zu schaffen.<\/li>\n<\/ul>\n<\/div>\n<\/div>\n<p><strong style=\"font-size:125%\">Als Gemeinderat<\/strong> (neu)<\/p>\n<div class=\"wc-shortcodes-row wc-shortcodes-item wc-shortcodes-clearfix\">\n<div class=\"wc-shortcodes-column wc-shortcodes-content wc-shortcodes-one-half wc-shortcodes-column-first \">\n<img loading=\"lazy\" decoding=\"async\" style=\"border-radius:50%\" src=\"https:\/\/www.arth-online.ch\/cvp\/wp-content\/uploads\/sites\/6\/2024\/03\/gr2024-roland_kuettel_720.jpg\" alt=\"\" width=\"720\" height=\"720\" class=\"alignnone size-full wp-image-1754\" srcset=\"https:\/\/www.arth-online.ch\/cvp\/wp-content\/uploads\/sites\/6\/2024\/03\/gr2024-roland_kuettel_720.jpg 720w, https:\/\/www.arth-online.ch\/cvp\/wp-content\/uploads\/sites\/6\/2024\/03\/gr2024-roland_kuettel_720-300x300.jpg 300w, https:\/\/www.arth-online.ch\/cvp\/wp-content\/uploads\/sites\/6\/2024\/03\/gr2024-roland_kuettel_720-150x150.jpg 150w\" sizes=\"auto, (max-width: 709px) 85vw, (max-width: 909px) 67vw, (max-width: 984px) 61vw, (max-width: 1362px) 45vw, 600px\" \/>\n<\/div>\n<div class=\"wc-shortcodes-column wc-shortcodes-content wc-shortcodes-one-half wc-shortcodes-column-last \">\n<h2 class=\"gr\">Roland K\u00fcttel-Hasler<\/h2>\n<p>1980<br \/>\nselbst\u00e4ndiger Fahrlehrer mit eidg. Fachausweis<br \/>\nTramweg 43b, Oberarth<br \/>\nverheiratet, zwei Kinder<\/p>\n<ul class=\"gr\">\n<li>Lehre als Zimmermann EFZ bei Theo Suter S\u00f6hne AG<\/li>\n<li>SVEB Kursleiter (Erwachsenenbildner)<\/li>\n<li>Primar- und Sekundarschule in Arth\/Oberarth<\/li>\n<li>6 Jahre Juniorentrainer Handballclub Goldau (1998-2004)<\/li>\n<li>2 Jahre Aktivtrainer Handballclub Goldau (2001-2006)<\/li>\n<li>12 Jahre Vorstandsmitglied Handballclub Goldau (2001-2013)<\/li>\n<li>1995-2001 Guggenmusik Hummelzunft Arth<\/li>\n<li>Vizepr\u00e4sident Schwyzer Fahrlehrerverband<\/li>\n<\/ul>\n<\/div>\n<\/div>\n<div class=\"wc-shortcodes-row wc-shortcodes-item wc-shortcodes-clearfix\">\n<div class=\"wc-shortcodes-column wc-shortcodes-content wc-shortcodes-one-half wc-shortcodes-column-first \">\n<ul>\n<li>Sicherheit f\u00fcr alle Generationen<\/li>\n<li>\u00d6ffentliches Parkplatzangebot verbessern<\/li>\n<li>Arbeitsplatzgebiet Areal Bahnhof\/Luxram rasch realisieren<\/li>\n<\/ul>\n<\/div>\n<div class=\"wc-shortcodes-column wc-shortcodes-content wc-shortcodes-one-half wc-shortcodes-column-last \">\n<ul>\n<li>Lebensqualit\u00e4t erhalten<\/li>\n<li>Sorgsamer Umgang mit der Natur<\/li>\n<\/ul>\n<\/div>\n<\/div>\n<div style=\"background-color:#eee;padding:1em\">\n<p><strong style=\"font-size:125%\">Als Rechnungspr\u00fcfer<\/strong> (bisher)<\/p>\n<div class=\"wc-shortcodes-row wc-shortcodes-item wc-shortcodes-clearfix\">\n<div class=\"wc-shortcodes-column wc-shortcodes-content wc-shortcodes-one-half wc-shortcodes-column-first \">\n<img loading=\"lazy\" decoding=\"async\" style=\"border-radius:50%\" src=\"http:\/\/www.arth-online.ch\/cvp\/wp-content\/uploads\/sites\/6\/2024\/03\/rpk2024-werner_hardegger.jpg\" alt=\"\" width=\"720\" height=\"720\" class=\"alignnone size-full wp-image-1755\" srcset=\"https:\/\/www.arth-online.ch\/cvp\/wp-content\/uploads\/sites\/6\/2024\/03\/rpk2024-werner_hardegger.jpg 720w, https:\/\/www.arth-online.ch\/cvp\/wp-content\/uploads\/sites\/6\/2024\/03\/rpk2024-werner_hardegger-300x300.jpg 300w, https:\/\/www.arth-online.ch\/cvp\/wp-content\/uploads\/sites\/6\/2024\/03\/rpk2024-werner_hardegger-150x150.jpg 150w\" sizes=\"auto, (max-width: 709px) 85vw, (max-width: 909px) 67vw, (max-width: 984px) 61vw, (max-width: 1362px) 45vw, 600px\" \/><\/p>\n<h2 class=\"gr\">Werner Hardegger<\/h2>\n<p>1962<br \/>\nKaufm\u00e4nnischer Angestellter<br \/>\nBergstrasse 14f, Goldau<br \/>\nledig\n<\/p><\/div>\n<div class=\"wc-shortcodes-column wc-shortcodes-content wc-shortcodes-one-half wc-shortcodes-column-last \">\n<img loading=\"lazy\" decoding=\"async\" style=\"border-radius:50%\" src=\"https:\/\/www.arth-online.ch\/cvp\/wp-content\/uploads\/sites\/6\/2024\/03\/rpk2024-fabian_elmiger.jpg\" alt=\"\" width=\"720\" height=\"720\" class=\"alignnone size-full wp-image-1756\" srcset=\"https:\/\/www.arth-online.ch\/cvp\/wp-content\/uploads\/sites\/6\/2024\/03\/rpk2024-fabian_elmiger.jpg 720w, https:\/\/www.arth-online.ch\/cvp\/wp-content\/uploads\/sites\/6\/2024\/03\/rpk2024-fabian_elmiger-300x300.jpg 300w, https:\/\/www.arth-online.ch\/cvp\/wp-content\/uploads\/sites\/6\/2024\/03\/rpk2024-fabian_elmiger-150x150.jpg 150w\" sizes=\"auto, (max-width: 709px) 85vw, (max-width: 909px) 67vw, (max-width: 984px) 61vw, (max-width: 1362px) 45vw, 600px\" \/><\/p>\n<h2 class=\"gr\">Fabian Elmiger<\/h2>\n<p>1983<br \/>\nPortfolio Manager R\u00fcckversicherung<br \/>\nGeorgsmatt 5a, Arth<br \/>\nverheiratet, drei Kinder\n<\/p><\/div>\n<\/div>\n<\/div>\n","protected":false},"excerpt":{"rendered":"<p>Als Gemeindepr\u00e4sident (bisher) Ruedi Beeler 1963 Landwirt Aeschi, Sch\u00f6nenbodenstr. 3, Goldau verheiratet, vier Kinder Gemeindepr\u00e4sident seit 2016 Weiterbildung Treuhand und Beratung Meisterlandwirt Primarschule und Sekundarschule in Goldau und Oberarth Ehrenmitglied freiwillige Feuerwehr Goldau Mitglied in diversen landwirtschaftlichen Vereinen\/Organisationen Die Gemeinde als attraktiven Wohn- und Arbeitsort mit tiefer Steuerlast gezielt voranbringen. Der Entwicklung des Bahnhof S\u00fcdgebietes &hellip; <a href=\"https:\/\/www.arth-online.ch\/cvp\/gemeindewahlen-vom-14-april\/\" class=\"more-link\"><span class=\"screen-reader-text\">\u201eGemeindewahlen vom 14. April\u201c <\/span>weiterlesen<\/a><\/p>\n","protected":false},"author":1,"featured_media":0,"comment_status":"closed","ping_status":"closed","sticky":false,"template":"","format":"standard","meta":{"ngg_post_thumbnail":0,"footnotes":""},"categories":[3],"tags":[],"class_list":["post-1751","post","type-post","status-publish","format-standard","hentry","category-gemeindewahlen"],"_links":{"self":[{"href":"https:\/\/www.arth-online.ch\/cvp\/wp-json\/wp\/v2\/posts\/1751","targetHints":{"allow":["GET"]}}],"collection":[{"href":"https:\/\/www.arth-online.ch\/cvp\/wp-json\/wp\/v2\/posts"}],"about":[{"href":"https:\/\/www.arth-online.ch\/cvp\/wp-json\/wp\/v2\/types\/post"}],"author":[{"embeddable":true,"href":"https:\/\/www.arth-online.ch\/cvp\/wp-json\/wp\/v2\/users\/1"}],"replies":[{"embeddable":true,"href":"https:\/\/www.arth-online.ch\/cvp\/wp-json\/wp\/v2\/comments?post=1751"}],"version-history":[{"count":9,"href":"https:\/\/www.arth-online.ch\/cvp\/wp-json\/wp\/v2\/posts\/1751\/revisions"}],"predecessor-version":[{"id":1765,"href":"https:\/\/www.arth-online.ch\/cvp\/wp-json\/wp\/v2\/posts\/1751\/revisions\/1765"}],"wp:attachment":[{"href":"https:\/\/www.arth-online.ch\/cvp\/wp-json\/wp\/v2\/media?parent=1751"}],"wp:term":[{"taxonomy":"category","embeddable":true,"href":"https:\/\/www.arth-online.ch\/cvp\/wp-json\/wp\/v2\/categories?post=1751"},{"taxonomy":"post_tag","embeddable":true,"href":"https:\/\/www.arth-online.ch\/cvp\/wp-json\/wp\/v2\/tags?post=1751"}],"curies":[{"name":"wp","href":"https:\/\/api.w.org\/{rel}","templated":true}]}}