{"id":1720,"date":"2024-02-09T18:48:57","date_gmt":"2024-02-09T17:48:57","guid":{"rendered":"https:\/\/www.arth-online.ch\/cvp\/?p=1720"},"modified":"2024-02-10T12:12:00","modified_gmt":"2024-02-10T11:12:00","slug":"die-mitte-7-persoenlichkeiten-mit-format","status":"publish","type":"post","link":"https:\/\/www.arth-online.ch\/cvp\/die-mitte-7-persoenlichkeiten-mit-format\/","title":{"rendered":"Die Mitte: 7 Pers\u00f6nlichkeiten mit Format"},"content":{"rendered":"<p><strong style=\"font-size:125%\">Die Mitte liefert konkrete Resultate, w\u00e4hrend andere Parteien inhaltsleere Versprechen abgeben. Seit den Wahlen 2020 hat Die Mitte Schwyz mit ihren Forderungen und L\u00f6sungen die Politik im Kanton Schwyz gepr\u00e4gt und damit die Menschen im Kanton Schwyz, die Wirtschaft und die Gemeinden gest\u00e4rkt.<\/strong><\/p>\n<p><strong>Tiefe Steuern.<\/strong> Die Mitte hat durchgesetzt, dass bei tiefen und mittleren Einkommen h\u00f6here Steuerabz\u00fcge gemacht werden k\u00f6nnen, womit schweizweit Spitzenpl\u00e4tze belegt werden. Die Mitte hat den neuen Finanzausgleich entscheidend gepr\u00e4gt und dadurch auch die Gemeinde Arth entlastet. Damit konnte und kann die Gemeinde Arth ihre Steuern deutlich senken. <\/p>\n<p><strong>Arbeitspl\u00e4tze.<\/strong> Die Mitte hat mit gezielten Vorst\u00f6ssen im Parlament die Mitfinanzierung des Kantons bei der Entwicklung des Arbeitsplatzgebietes Bahnhofareal Goldau in die Wege gelei-tet. Damit k\u00f6nnen Arbeitspl\u00e4tze und der Wohnort n\u00e4her zusammenr\u00fccken.<\/p>\n<p><strong>Faire Entsch\u00e4digungen.<\/strong> Die Mitte hat h\u00f6here Beitr\u00e4ge bei der Beanspruchung von Landwirtschaftsland f\u00fcr Infrastrukturen und faire Entsch\u00e4digungen f\u00fcr Auflagen der Denkmalpflege auf den Weg gebracht.<\/p>\n<p><strong>Transparente Wahlen.<\/strong> Die Mitte hat die Abschaffung der \u00abP\u00e4ckli\u00bb bei den Majorzwahlen (Regierungs-, Bezirks-, Gemeinder\u00e4te) durchgesetzt, damit wieder K\u00f6pfe mit Gestaltungswillen statt Parteisoldaten in die Exekutive gew\u00e4hlt werden.<\/p>\n<p><strong>Gesundheitskosten und Heiratsstrafe.<\/strong> Die Mitte k\u00fcmmert sich auch auf Bundesebene um die wichtigsten Sorgen der Bev\u00f6lkerung. Im Jahr 2020 wurde die \u00abKostenbremse-Initiative im Gesundheitswesen\u00bb eingereicht. Derzeit werden gegen die Heiratsstrafe Stimmen gesammelt f\u00fcr die beiden Initiativen \u00abF\u00fcr faire Renten\u00bb und \u00abF\u00fcr faire Steuern\u00bb, welche die Diskriminierung von Ehepaaren beenden.<\/p>\n<p>Die Mitte Arth-Oberarth-Goldau konnte f\u00fcr die kommenden Kantonsratswahlen vom 3. M\u00e4rz 2024 sieben ausgezeichnete Pers\u00f6nlichkeiten mit Format als Kandidaten gewinnen. Nachfolgend stehen die prim\u00e4ren Ziele der Kandidaten im Fokus.<\/p>\n<div class=\"wc-shortcodes-box wc-shortcodes-item wc-shortcodes-content wc-shortcodes-clearfix wc-shortcodes-box-secondary \" style=\"text-align:left;\">\n<h2 class=\"kr\">Bruno Beeler<\/h2>\n<p><em>bisher<\/em>\n<\/div>\n<div class=\"wc-shortcodes-row wc-shortcodes-item wc-shortcodes-clearfix\">\n<div class=\"wc-shortcodes-column wc-shortcodes-content wc-shortcodes-one-half wc-shortcodes-column-first \">\n<img loading=\"lazy\" decoding=\"async\" src=\"http:\/\/www.arth-online.ch\/cvp\/wp-content\/uploads\/sites\/6\/2024\/02\/kr2024-bruno_beeler.jpg\" alt=\"\" width=\"720\" height=\"720\" class=\"alignnone size-full wp-image-1724\" srcset=\"https:\/\/www.arth-online.ch\/cvp\/wp-content\/uploads\/sites\/6\/2024\/02\/kr2024-bruno_beeler.jpg 720w, https:\/\/www.arth-online.ch\/cvp\/wp-content\/uploads\/sites\/6\/2024\/02\/kr2024-bruno_beeler-300x300.jpg 300w, https:\/\/www.arth-online.ch\/cvp\/wp-content\/uploads\/sites\/6\/2024\/02\/kr2024-bruno_beeler-150x150.jpg 150w\" sizes=\"auto, (max-width: 709px) 85vw, (max-width: 909px) 67vw, (max-width: 984px) 61vw, (max-width: 1362px) 45vw, 600px\" \/>\n<\/div>\n<div class=\"wc-shortcodes-column wc-shortcodes-content wc-shortcodes-one-half wc-shortcodes-column-last \">\n1962<br \/>\nRechtsanwalt, Dr. iur.<br \/>\nHarmettlenstrasse 13, Goldau<br \/>\ngetrennt lebend, 4 Kinder\n<\/div>\n<\/div>\n<p><em>Bruno Beeler will:<\/em><\/p>\n<ul>\n<li>weniger B\u00fcrokratie<\/li>\n<li>schlanker Staat<\/li>\n<li>untere Einkommen steuerlich entlasten<\/li>\n<li>erneuerbare Energie f\u00f6rdern<\/li>\n<\/ul>\n<div class=\"wc-shortcodes-box wc-shortcodes-item wc-shortcodes-content wc-shortcodes-clearfix wc-shortcodes-box-secondary \" style=\"text-align:left;\">\n<h2 class=\"kr\">Michael Reichmuth<\/h2>\n<p><em>bisher<\/em>\n<\/div>\n<div class=\"wc-shortcodes-row wc-shortcodes-item wc-shortcodes-clearfix\">\n<div class=\"wc-shortcodes-column wc-shortcodes-content wc-shortcodes-one-half wc-shortcodes-column-first \">\n<img loading=\"lazy\" decoding=\"async\" src=\"http:\/\/www.arth-online.ch\/cvp\/wp-content\/uploads\/sites\/6\/2024\/02\/kr2024-michael_reichmuth.jpg\" alt=\"\" width=\"720\" height=\"720\" class=\"alignnone size-full wp-image-1722\" srcset=\"https:\/\/www.arth-online.ch\/cvp\/wp-content\/uploads\/sites\/6\/2024\/02\/kr2024-michael_reichmuth.jpg 720w, https:\/\/www.arth-online.ch\/cvp\/wp-content\/uploads\/sites\/6\/2024\/02\/kr2024-michael_reichmuth-300x300.jpg 300w, https:\/\/www.arth-online.ch\/cvp\/wp-content\/uploads\/sites\/6\/2024\/02\/kr2024-michael_reichmuth-150x150.jpg 150w\" sizes=\"auto, (max-width: 709px) 85vw, (max-width: 909px) 67vw, (max-width: 984px) 61vw, (max-width: 1362px) 45vw, 600px\" \/>\n<\/div>\n<div class=\"wc-shortcodes-column wc-shortcodes-content wc-shortcodes-one-half wc-shortcodes-column-last \">\n1981<br \/>\ndipl. Ing. Agr. FH, Gem\u00fcsebauer<br \/>\nalter Pilgerweg 4, Oberarth<br \/>\nverheiratet, 3 Kinder\n<\/div>\n<\/div>\n<p><em>Michael Reichmuth will:<\/em><\/p>\n<ul>\n<li>Einsatz einheimischer, erneuerbarer Energien und Steigerung der Energieeffizienz<\/li>\n<li>Optimale Bedingungen f\u00fcr Unternehmen schaffen<\/li>\n<li>effektiven Klimaschutz durch F\u00f6rderung regionaler und saisonaler Produkte<\/li>\n<\/ul>\n<div class=\"wc-shortcodes-box wc-shortcodes-item wc-shortcodes-content wc-shortcodes-clearfix wc-shortcodes-box-secondary \" style=\"text-align:left;\">\n<h2 class=\"kr\">Herbert S\u00fcess<\/h2>\n<p><em>neu<\/em>\n<\/div>\n<div class=\"wc-shortcodes-row wc-shortcodes-item wc-shortcodes-clearfix\">\n<div class=\"wc-shortcodes-column wc-shortcodes-content wc-shortcodes-one-half wc-shortcodes-column-first \">\n<img loading=\"lazy\" decoding=\"async\" src=\"http:\/\/www.arth-online.ch\/cvp\/wp-content\/uploads\/sites\/6\/2024\/02\/kr2024-herbert_sueess.jpg\" alt=\"\" width=\"720\" height=\"720\" class=\"alignnone size-full wp-image-1723\" srcset=\"https:\/\/www.arth-online.ch\/cvp\/wp-content\/uploads\/sites\/6\/2024\/02\/kr2024-herbert_sueess.jpg 720w, https:\/\/www.arth-online.ch\/cvp\/wp-content\/uploads\/sites\/6\/2024\/02\/kr2024-herbert_sueess-300x300.jpg 300w, https:\/\/www.arth-online.ch\/cvp\/wp-content\/uploads\/sites\/6\/2024\/02\/kr2024-herbert_sueess-150x150.jpg 150w\" sizes=\"auto, (max-width: 709px) 85vw, (max-width: 909px) 67vw, (max-width: 984px) 61vw, (max-width: 1362px) 45vw, 600px\" \/>\n<\/div>\n<div class=\"wc-shortcodes-column wc-shortcodes-content wc-shortcodes-one-half wc-shortcodes-column-last \">\n1973<br \/>\ndipl. Architekt FH\/SIA<br \/>\nBergstrasse 22, Goldau<br \/>\nverheiratet\n<\/div>\n<\/div>\n<p><em>Herbert S\u00fcess will:<\/em><\/p>\n<ul>\n<li>Geb\u00e4udepark nachhaltig sanieren<\/li>\n<li>Bedingungen f\u00fcr heimische, erneuerbare Energie verbessern<\/li>\n<li>Raumplanung ohne Verlust von Lebensqualit\u00e4t<\/li>\n<li>Anreize schaffen f\u00fcr Freiwilligenar-beit und Jugendf\u00f6rderung<\/li>\n<li>Gesundheitswesen reformieren und digitalisieren<\/li>\n<\/ul>\n<div class=\"wc-shortcodes-box wc-shortcodes-item wc-shortcodes-content wc-shortcodes-clearfix wc-shortcodes-box-secondary \" style=\"text-align:left;\">\n<h2 class=\"kr\">Pius Betschart<\/h2>\n<p><em>neu<\/em>\n<\/div>\n<div class=\"wc-shortcodes-row wc-shortcodes-item wc-shortcodes-clearfix\">\n<div class=\"wc-shortcodes-column wc-shortcodes-content wc-shortcodes-one-half wc-shortcodes-column-first \">\n<img loading=\"lazy\" decoding=\"async\" src=\"http:\/\/www.arth-online.ch\/cvp\/wp-content\/uploads\/sites\/6\/2024\/02\/kr2024-pius_betschart.jpg\" alt=\"\" width=\"1753\" height=\"1753\" class=\"alignnone size-full wp-image-1721\" srcset=\"https:\/\/www.arth-online.ch\/cvp\/wp-content\/uploads\/sites\/6\/2024\/02\/kr2024-pius_betschart.jpg 1753w, https:\/\/www.arth-online.ch\/cvp\/wp-content\/uploads\/sites\/6\/2024\/02\/kr2024-pius_betschart-300x300.jpg 300w, https:\/\/www.arth-online.ch\/cvp\/wp-content\/uploads\/sites\/6\/2024\/02\/kr2024-pius_betschart-1024x1024.jpg 1024w, https:\/\/www.arth-online.ch\/cvp\/wp-content\/uploads\/sites\/6\/2024\/02\/kr2024-pius_betschart-150x150.jpg 150w, https:\/\/www.arth-online.ch\/cvp\/wp-content\/uploads\/sites\/6\/2024\/02\/kr2024-pius_betschart-768x768.jpg 768w, https:\/\/www.arth-online.ch\/cvp\/wp-content\/uploads\/sites\/6\/2024\/02\/kr2024-pius_betschart-1536x1536.jpg 1536w, https:\/\/www.arth-online.ch\/cvp\/wp-content\/uploads\/sites\/6\/2024\/02\/kr2024-pius_betschart-1200x1200.jpg 1200w\" sizes=\"auto, (max-width: 709px) 85vw, (max-width: 909px) 67vw, (max-width: 1362px) 62vw, 840px\" \/>\n<\/div>\n<div class=\"wc-shortcodes-column wc-shortcodes-content wc-shortcodes-one-half wc-shortcodes-column-last \">\n1974<br \/>\nF\u00f6rster HF, Technischer Kaufmann, Gesch\u00e4ftsf\u00fchrer<br \/>\nGotthardstrasse 21, Arth<br \/>\nledig\n<\/div>\n<\/div>\n<p><em>Pius Betschart will:<\/em><\/p>\n<ul>\n<li>gute Rahmenbedingungen f\u00fcr Landwirtschaft, Gewerbe und Industrie<\/li>\n<li>F\u00f6rderung Berufslehrer und Durchl\u00e4ssigkeit Bildungssystem<\/li>\n<li>Wald und Wild ins Gleichgewicht bringen<\/li>\n<li>F\u00f6rderung einheimischer Energie<\/li>\n<\/ul>\n<div class=\"wc-shortcodes-box wc-shortcodes-item wc-shortcodes-content wc-shortcodes-clearfix wc-shortcodes-box-secondary \" style=\"text-align:left;\">\n<h2 class=\"kr\">Arthur Schilter<\/h2>\n<p><em>neu<\/em>\n<\/div>\n<div class=\"wc-shortcodes-row wc-shortcodes-item wc-shortcodes-clearfix\">\n<div class=\"wc-shortcodes-column wc-shortcodes-content wc-shortcodes-one-half wc-shortcodes-column-first \">\n<img loading=\"lazy\" decoding=\"async\" src=\"http:\/\/www.arth-online.ch\/cvp\/wp-content\/uploads\/sites\/6\/2024\/02\/kr2024-arthur_schilter.jpg\" alt=\"\" width=\"720\" height=\"720\" class=\"alignnone size-full wp-image-1725\" srcset=\"https:\/\/www.arth-online.ch\/cvp\/wp-content\/uploads\/sites\/6\/2024\/02\/kr2024-arthur_schilter.jpg 720w, https:\/\/www.arth-online.ch\/cvp\/wp-content\/uploads\/sites\/6\/2024\/02\/kr2024-arthur_schilter-300x300.jpg 300w, https:\/\/www.arth-online.ch\/cvp\/wp-content\/uploads\/sites\/6\/2024\/02\/kr2024-arthur_schilter-150x150.jpg 150w\" sizes=\"auto, (max-width: 709px) 85vw, (max-width: 909px) 67vw, (max-width: 984px) 61vw, (max-width: 1362px) 45vw, 600px\" \/>\n<\/div>\n<div class=\"wc-shortcodes-column wc-shortcodes-content wc-shortcodes-one-half wc-shortcodes-column-last \">\n1965<br \/>\nRechtsanwalt<br \/>\nFischmattweg 1, Arth<br \/>\nverheiratet, 2 Kinder\n<\/div>\n<\/div>\n<p><em>Arthur Schilter will:<\/em><\/p>\n<ul>\n<li>St\u00e4rkung der Familien<\/li>\n<li>F\u00f6rderung nachhaltiger Energietr\u00e4ger<\/li>\n<li>Bau-, Wohn- und Verkehrsentwicklung optimieren<\/li>\n<\/ul>\n<div class=\"wc-shortcodes-box wc-shortcodes-item wc-shortcodes-content wc-shortcodes-clearfix wc-shortcodes-box-secondary \" style=\"text-align:left;\">\n<h2 class=\"kr\">Werner Hardegger<\/h2>\n<p><em>neu<\/em>\n<\/div>\n<div class=\"wc-shortcodes-row wc-shortcodes-item wc-shortcodes-clearfix\">\n<div class=\"wc-shortcodes-column wc-shortcodes-content wc-shortcodes-one-half wc-shortcodes-column-first \">\n<img loading=\"lazy\" decoding=\"async\" src=\"http:\/\/www.arth-online.ch\/cvp\/wp-content\/uploads\/sites\/6\/2024\/02\/kr2024-werner_hardegger.jpg\" alt=\"\" width=\"720\" height=\"720\" class=\"alignnone size-full wp-image-1726\" srcset=\"https:\/\/www.arth-online.ch\/cvp\/wp-content\/uploads\/sites\/6\/2024\/02\/kr2024-werner_hardegger.jpg 720w, https:\/\/www.arth-online.ch\/cvp\/wp-content\/uploads\/sites\/6\/2024\/02\/kr2024-werner_hardegger-300x300.jpg 300w, https:\/\/www.arth-online.ch\/cvp\/wp-content\/uploads\/sites\/6\/2024\/02\/kr2024-werner_hardegger-150x150.jpg 150w\" sizes=\"auto, (max-width: 709px) 85vw, (max-width: 909px) 67vw, (max-width: 984px) 61vw, (max-width: 1362px) 45vw, 600px\" \/>\n<\/div>\n<div class=\"wc-shortcodes-column wc-shortcodes-content wc-shortcodes-one-half wc-shortcodes-column-last \">\n1962<br \/>\nKaufm. Angestellter<br \/>\nBergstrasse 14f, Goldau<br \/>\nledig\n<\/div>\n<\/div>\n<p><em>Werner Hardegger will:<\/em><\/p>\n<ul>\n<li>attraktive und lebenswerte Ortszentren<\/li>\n<li>gutes Infrastrukturnetz bei \u00d6V und Privatverkehr<\/li>\n<li>F\u00f6rderung nachhaltiger, einheimischer Energietr\u00e4ger<\/li>\n<li>bezahlbarer Wohnraum f\u00fcr Familien<\/li>\n<li>bessere Vereinbarkeit von Familie und Beruf<\/li>\n<\/ul>\n<div class=\"wc-shortcodes-box wc-shortcodes-item wc-shortcodes-content wc-shortcodes-clearfix wc-shortcodes-box-secondary \" style=\"text-align:left;\">\n<h2 class=\"kr\">Roland K\u00fcttel-Hasler<\/h2>\n<p><em>neu<\/em>\n<\/div>\n<div class=\"wc-shortcodes-row wc-shortcodes-item wc-shortcodes-clearfix\">\n<div class=\"wc-shortcodes-column wc-shortcodes-content wc-shortcodes-one-half wc-shortcodes-column-first \">\n<img loading=\"lazy\" decoding=\"async\" src=\"http:\/\/www.arth-online.ch\/cvp\/wp-content\/uploads\/sites\/6\/2024\/02\/kr2024-roland_kuettel.jpg\" alt=\"\" width=\"720\" height=\"720\" class=\"alignnone size-full wp-image-1727\" srcset=\"https:\/\/www.arth-online.ch\/cvp\/wp-content\/uploads\/sites\/6\/2024\/02\/kr2024-roland_kuettel.jpg 720w, https:\/\/www.arth-online.ch\/cvp\/wp-content\/uploads\/sites\/6\/2024\/02\/kr2024-roland_kuettel-300x300.jpg 300w, https:\/\/www.arth-online.ch\/cvp\/wp-content\/uploads\/sites\/6\/2024\/02\/kr2024-roland_kuettel-150x150.jpg 150w\" sizes=\"auto, (max-width: 709px) 85vw, (max-width: 909px) 67vw, (max-width: 984px) 61vw, (max-width: 1362px) 45vw, 600px\" \/>\n<\/div>\n<div class=\"wc-shortcodes-column wc-shortcodes-content wc-shortcodes-one-half wc-shortcodes-column-last \">\n1980<br \/>\nFahrlehrer<br \/>\nTramweg 43b, Oberarth<br \/>\nverheiratet, 2 Kinder\n<\/div>\n<\/div>\n<p><em>Roland K\u00fcttel-Hasler will:<\/em><\/p>\n<ul>\n<li>bezahlbarer Wohnraum f\u00fcr Familien<\/li>\n<li>grossz\u00fcgigere Pr\u00e4mienverbilligung f\u00fcr Familien<\/li>\n<li>sorgsamer Umgang mit der Natur und damit Erhaltung der Lebensqualti\u00e4t<\/li>\n<\/ul>\n<p>Die CVP macht sich weiterhin stark f\u00fcr eine gerechte Finanzpolitik im Kanton Schwyz, ohne weitere Belastung f\u00fcr den Mittelstand, f\u00fcr eine konsequente, aber wirtschaftlich vertr\u00e4gliche Energie- und Klimapolitik, f\u00fcr eine nachhaltig produzierende Landwirtschaft und Forstwirtschaft, f\u00fcr eine bezahlbare Gesundheitsversorgung und f\u00fcr eine zukunftsorientierte Bildung.<\/p>\n<p>Helfen Sie deshalb mit, dass der Kanton Schwyz weiterhin erfolgreich sein kann. W\u00e4hlen Sie am 3. M\u00e4rz 2024 die Kandidaten der Mitte!<\/p>\n<p><em>Die Mitte Arth-Oberarth-Goldau<br \/>\nPressdienst<\/em><\/p>\n","protected":false},"excerpt":{"rendered":"<p>Die Mitte liefert konkrete Resultate, w\u00e4hrend andere Parteien inhaltsleere Versprechen abgeben. Seit den Wahlen 2020 hat Die Mitte Schwyz mit ihren Forderungen und L\u00f6sungen die Politik im Kanton Schwyz gepr\u00e4gt und damit die Menschen im Kanton Schwyz, die Wirtschaft und die Gemeinden gest\u00e4rkt. Tiefe Steuern. Die Mitte hat durchgesetzt, dass bei tiefen und mittleren Einkommen &hellip; <a href=\"https:\/\/www.arth-online.ch\/cvp\/die-mitte-7-persoenlichkeiten-mit-format\/\" class=\"more-link\"><span class=\"screen-reader-text\">\u201eDie Mitte: 7 Pers\u00f6nlichkeiten mit Format\u201c <\/span>weiterlesen<\/a><\/p>\n","protected":false},"author":1,"featured_media":0,"comment_status":"closed","ping_status":"closed","sticky":false,"template":"","format":"standard","meta":{"ngg_post_thumbnail":0,"footnotes":""},"categories":[5],"tags":[],"class_list":["post-1720","post","type-post","status-publish","format-standard","hentry","category-kantonsratswahlen"],"_links":{"self":[{"href":"https:\/\/www.arth-online.ch\/cvp\/wp-json\/wp\/v2\/posts\/1720","targetHints":{"allow":["GET"]}}],"collection":[{"href":"https:\/\/www.arth-online.ch\/cvp\/wp-json\/wp\/v2\/posts"}],"about":[{"href":"https:\/\/www.arth-online.ch\/cvp\/wp-json\/wp\/v2\/types\/post"}],"author":[{"embeddable":true,"href":"https:\/\/www.arth-online.ch\/cvp\/wp-json\/wp\/v2\/users\/1"}],"replies":[{"embeddable":true,"href":"https:\/\/www.arth-online.ch\/cvp\/wp-json\/wp\/v2\/comments?post=1720"}],"version-history":[{"count":17,"href":"https:\/\/www.arth-online.ch\/cvp\/wp-json\/wp\/v2\/posts\/1720\/revisions"}],"predecessor-version":[{"id":1744,"href":"https:\/\/www.arth-online.ch\/cvp\/wp-json\/wp\/v2\/posts\/1720\/revisions\/1744"}],"wp:attachment":[{"href":"https:\/\/www.arth-online.ch\/cvp\/wp-json\/wp\/v2\/media?parent=1720"}],"wp:term":[{"taxonomy":"category","embeddable":true,"href":"https:\/\/www.arth-online.ch\/cvp\/wp-json\/wp\/v2\/categories?post=1720"},{"taxonomy":"post_tag","embeddable":true,"href":"https:\/\/www.arth-online.ch\/cvp\/wp-json\/wp\/v2\/tags?post=1720"}],"curies":[{"name":"wp","href":"https:\/\/api.w.org\/{rel}","templated":true}]}}