{"id":1491,"date":"2020-04-29T21:41:54","date_gmt":"2020-04-29T19:41:54","guid":{"rendered":"http:\/\/www.arth-online.ch\/cvp\/?p=1491"},"modified":"2020-04-29T22:02:02","modified_gmt":"2020-04-29T20:02:02","slug":"beeler-ottinger-und-imlig-am-17-mai-in-den-gemeinderat","status":"publish","type":"post","link":"https:\/\/www.arth-online.ch\/cvp\/beeler-ottinger-und-imlig-am-17-mai-in-den-gemeinderat\/","title":{"rendered":"Beeler, Ottinger und Imlig am 17. Mai in den Gemeinderat"},"content":{"rendered":"<p>Die CVP Arth-Oberarth-Goldau konnte f\u00fcr die kommenden Gemeindewahlen vom 17. Mai 2020 ausgezeichnete Pers\u00f6nlichkeiten als Kandidaten gewinnen: <strong>Ruedi Beeler<\/strong>, Sch\u00f6nenbodenstrasse 3, Goldau, bisher, als <strong>Gemeindepr\u00e4sident<\/strong>; <strong>Christoph Ottinger<\/strong>, Rossbergstras-se 17, Goldau, bisher, als <strong>Gemeinderat<\/strong>, und <strong>Andreas Imlig<\/strong>, M\u00fchlefluo 25b, Oberarth, neu, als <strong>Gemeinderat<\/strong>; <strong>Werner Hardegger<\/strong>, Bergstrasse 14f, Goldau, bisher, als <strong>Rechnungspr\u00fcfer<\/strong>, und <strong>Fabian Elmiger<\/strong>, Georgsmatt 5a, Arth, neu als <strong>Rechnungspr\u00fcfer<\/strong>.<\/p>\n<p>Diese vorgeschlagenen Personen garantieren eine hervorragende Qualit\u00e4t der politischen Arbeit und einen ausserordentlichen Einsatz.<\/p>\n<p>Im Gemeinderat braucht es weiterhin Personen, die anpacken und die Gemeinde voranbringen. Die Kandidaten der CVP erf\u00fcllen diese Voraussetzung bestens. Andreas Imlig ist zudem in der Lage, den Gemeinderat fachlich zu unterst\u00fctzen beim wachsenden Bed\u00fcrfnis nach Digitalisie-rung der Gemeindeverwaltung.<\/p>\n<p>W\u00e4hlen Sie am 17. Mai 2020 diese engagierten Pers\u00f6nlichkeiten mit Format. Nachfolgend er-halten Sie die wichtigsten Angaben, den Werdegang und die Ziele beim Gemeindepr\u00e4sidenten und bei den Gemeinder\u00e4ten.<\/p>\n<div class=\"wc-shortcodes-row wc-shortcodes-item wc-shortcodes-clearfix\">\n<div class=\"wc-shortcodes-column wc-shortcodes-content wc-shortcodes-one-third wc-shortcodes-column-first \">\n<p>als Gemeindepr\u00e4sident, bisher<br \/>\n<a href=\"http:\/\/www.arth-online.ch\/cvp\/wp-content\/uploads\/sites\/6\/2020\/04\/gr2020-beeler_ruedi.jpg\"><img loading=\"lazy\" decoding=\"async\" src=\"http:\/\/www.arth-online.ch\/cvp\/wp-content\/uploads\/sites\/6\/2020\/04\/gr2020-beeler_ruedi-683x1024.jpg\" alt=\"\" width=\"683\" height=\"1024\" class=\"alignnone size-large wp-image-1494\" srcset=\"https:\/\/www.arth-online.ch\/cvp\/wp-content\/uploads\/sites\/6\/2020\/04\/gr2020-beeler_ruedi-683x1024.jpg 683w, https:\/\/www.arth-online.ch\/cvp\/wp-content\/uploads\/sites\/6\/2020\/04\/gr2020-beeler_ruedi-200x300.jpg 200w, https:\/\/www.arth-online.ch\/cvp\/wp-content\/uploads\/sites\/6\/2020\/04\/gr2020-beeler_ruedi-768x1152.jpg 768w, https:\/\/www.arth-online.ch\/cvp\/wp-content\/uploads\/sites\/6\/2020\/04\/gr2020-beeler_ruedi-1024x1536.jpg 1024w, https:\/\/www.arth-online.ch\/cvp\/wp-content\/uploads\/sites\/6\/2020\/04\/gr2020-beeler_ruedi-1200x1800.jpg 1200w, https:\/\/www.arth-online.ch\/cvp\/wp-content\/uploads\/sites\/6\/2020\/04\/gr2020-beeler_ruedi.jpg 1280w\" sizes=\"auto, (max-width: 709px) 85vw, (max-width: 909px) 67vw, (max-width: 984px) 61vw, (max-width: 1362px) 45vw, 600px\" \/><\/a>\t\t<\/p>\n<h2 style=\"color:#ee7f01;\">Ruedi Beeler<\/h2>\n<p>geb. 4. September 1963<br \/>\nLandwirt<br \/>\nSch\u00f6nenbodenstrasse 3, Goldau<br \/>\nverheiratet, 4 Kinder<\/p>\n<ul>\n<li>Gemeindepr\u00e4sident seit 2016<\/li>\n<li>Weiterbildung Treuhand und Beratung<\/li>\n<li>Meisterlandwirt<\/li>\n<li>Primarschule und Sekundarschule in Goldau \/ Oberarth<\/li>\n<li>Ehrenmitglied freiwillige Feuerwehr Goldau<\/li>\n<li>Aktivmitglied in verschiedenen landwirtschaftlichen Vereinen und Organisationen<\/li>\n<\/ul>\n<h3>Ziele von Ruedi Beeler:<\/h3>\n<ul>\n<li>Die Gemeinde als attraktiven Wohn- und Arbeitsort gezielt voranbringen.<\/li>\n<li>Die Entwicklung des Bahnhofs\u00fcdgebietes vorantreiben mit dem Fokus auf Firmenansiedlungen mit guter Wertsch\u00f6pfung.<\/li>\n<li>Das vorhandene Kulturland schonen mit einer massvollen Siedlungsentwicklung nach innen.<\/li>\n<li>Ein offenes Ohr zu den B\u00fcrgern pflegen und diese m\u00f6glichst einbeziehen.<\/li>\n<\/ul>\n<\/div>\n<div class=\"wc-shortcodes-column wc-shortcodes-content wc-shortcodes-one-third wc-shortcodes-column- \">\n<p>als Gemeinderat, bisher<br \/>\n<a href=\"http:\/\/www.arth-online.ch\/cvp\/wp-content\/uploads\/sites\/6\/2020\/04\/gr2020-ottinger_christoph.jpg\"><img loading=\"lazy\" decoding=\"async\" src=\"http:\/\/www.arth-online.ch\/cvp\/wp-content\/uploads\/sites\/6\/2020\/04\/gr2020-ottinger_christoph-683x1024.jpg\" alt=\"\" width=\"683\" height=\"1024\" class=\"alignnone size-large wp-image-1497\" srcset=\"https:\/\/www.arth-online.ch\/cvp\/wp-content\/uploads\/sites\/6\/2020\/04\/gr2020-ottinger_christoph-683x1024.jpg 683w, https:\/\/www.arth-online.ch\/cvp\/wp-content\/uploads\/sites\/6\/2020\/04\/gr2020-ottinger_christoph-200x300.jpg 200w, https:\/\/www.arth-online.ch\/cvp\/wp-content\/uploads\/sites\/6\/2020\/04\/gr2020-ottinger_christoph-768x1152.jpg 768w, https:\/\/www.arth-online.ch\/cvp\/wp-content\/uploads\/sites\/6\/2020\/04\/gr2020-ottinger_christoph-1024x1536.jpg 1024w, https:\/\/www.arth-online.ch\/cvp\/wp-content\/uploads\/sites\/6\/2020\/04\/gr2020-ottinger_christoph-1200x1800.jpg 1200w, https:\/\/www.arth-online.ch\/cvp\/wp-content\/uploads\/sites\/6\/2020\/04\/gr2020-ottinger_christoph.jpg 1280w\" sizes=\"auto, (max-width: 709px) 85vw, (max-width: 909px) 67vw, (max-width: 984px) 61vw, (max-width: 1362px) 45vw, 600px\" \/><\/a><\/p>\n<h2 style=\"color:#ee7f01;\">Christoph Ottinger<\/h2>\n<p>geb. 18. Mai 1974<br \/>\nUnternehmer<br \/>\nRossbergstrasse 17, Goldau<br \/>\nverheiratet, 3 Kinder<\/p>\n<ul>\n<li>Gemeinderat seit 2016<\/li>\n<li>Inhaber der <a href=\"https:\/\/www.elektroottinger.ch\">Elektro Ottinger AG<\/a><\/li>\n<li>VRP der Solarenergie Arth AG<\/li>\n<li>Rechnungspr\u00fcfer VEBS<\/li>\n<li>Pr\u00fcfungsexperte Elektroinstallateure<\/li>\n<li>Fachpr\u00fcfung zum eidg. dipl. Elektrokontrolleur und eidg. dipl. Elektroinstallateur<\/li>\n<li>Lehre als Elektromonteur<\/li>\n<li>Primarschule und Sekundarschule in Goldau \/ Oberarth<\/li>\n<li>Aktivmitglied in folgenden Vereinen:<br \/>\nVerein zur Berufsbildung im Elektro-Installationsgewerbe, STV Arth-Goldau, SC Rot-Gold-Goldau, Georgsb\u00fchne Arth, Alphorngruppe \u201eEina nach \u00e4m and\u00e4r\u00e4\u201c<\/li>\n<\/ul>\n<h3>Ziele von Christoph Ottinger:<\/h3>\n<ul>\n<li>Da ich als Gemeinderat den Vorsitz in der Projektkommission \u00abNeugestaltung Bahnhofplatz Goldau\u00bb habe, m\u00f6chte ich alles in meiner Kraft stehende beitragen, damit der neue Bahnhofplatz im Dezember 2020 der Bev\u00f6lkerung als gelungenes Projekt \u00fcbergeben werden kann.<\/li>\n<li>Im weiteren setze ich mich f\u00fcr den Ausbau unserer Freizeit-, Wohn- und Arbeitsinfrastruktur ein, um die Lebensqualit\u00e4t in unserer Gemeinde hoch zu halten<\/li>\n<\/ul>\n<\/div>\n<div class=\"wc-shortcodes-column wc-shortcodes-content wc-shortcodes-one-third wc-shortcodes-column-last \">\n<p>in den Gemeinderat, neu<br \/>\n<a href=\"http:\/\/www.arth-online.ch\/cvp\/wp-content\/uploads\/sites\/6\/2020\/04\/gr2020-imlig_andreas.jpg\"><img loading=\"lazy\" decoding=\"async\" src=\"http:\/\/www.arth-online.ch\/cvp\/wp-content\/uploads\/sites\/6\/2020\/04\/gr2020-imlig_andreas-683x1024.jpg\" alt=\"\" width=\"683\" height=\"1024\" class=\"alignnone size-large wp-image-1496\" srcset=\"https:\/\/www.arth-online.ch\/cvp\/wp-content\/uploads\/sites\/6\/2020\/04\/gr2020-imlig_andreas-683x1024.jpg 683w, https:\/\/www.arth-online.ch\/cvp\/wp-content\/uploads\/sites\/6\/2020\/04\/gr2020-imlig_andreas-200x300.jpg 200w, https:\/\/www.arth-online.ch\/cvp\/wp-content\/uploads\/sites\/6\/2020\/04\/gr2020-imlig_andreas-768x1152.jpg 768w, https:\/\/www.arth-online.ch\/cvp\/wp-content\/uploads\/sites\/6\/2020\/04\/gr2020-imlig_andreas-1024x1536.jpg 1024w, https:\/\/www.arth-online.ch\/cvp\/wp-content\/uploads\/sites\/6\/2020\/04\/gr2020-imlig_andreas-1200x1800.jpg 1200w, https:\/\/www.arth-online.ch\/cvp\/wp-content\/uploads\/sites\/6\/2020\/04\/gr2020-imlig_andreas.jpg 1280w\" sizes=\"auto, (max-width: 709px) 85vw, (max-width: 909px) 67vw, (max-width: 984px) 61vw, (max-width: 1362px) 45vw, 600px\" \/><\/a><\/p>\n<h2 style=\"color:#ee7f01;\">Andreas Imlig<\/h2>\n<p>geb. 28. M\u00e4rz 1972<br \/>\nProjektleiter Informatik<br \/>\nM\u00fchlefluo 25b, Oberarth<br \/>\nledig<\/p>\n<ul>\n<li>Leiter SAP Competence Center<\/li>\n<li>Projektleiter Informatik FA<\/li>\n<li>KV-Lehre bei Emil Contratto in Goldau<\/li>\n<li>Primarschule und Sekundarschule in Goldau \/ Oberarth<\/li>\n<li>1 Zylinder Club, Pr\u00e4sident seit 2011<\/li>\n<li>Pro Goldauer Fasnacht<\/li>\n<li>Schwingerverband am Rigi (passiv)<\/li>\n<li>Handball Club Goldau 1986-1998, Juniorentrainer 1992-1994<\/li>\n<li>Goldau Schr\u00e4nzer 1988-2003<\/li>\n<\/ul>\n<h3>Ziele von Andreas Imlig:<\/h3>\n<ul>\n<li>Ich m\u00f6chte attraktive Rahmenbedingungen f\u00fcr Freiwilligenarbeit und Vereine schaffen, da diese massgeblich zur Lebensqualit\u00e4t in der Gemeinde beitragen.<\/li>\n<li>Die gute verkehrstechnische Lage unserer Gemeinde soll genutzt werden, um Unternehmen anzusiedeln und damit Arbeitspl\u00e4tze zu schaffen.<\/li>\n<li>Ich setze mich f\u00fcr eine l\u00f6sungsorientierte Sachpolitik mit allen Involvierten ein, da so die besten L\u00f6sungen entstehen.<\/li>\n<\/ul>\n<\/div>\n<\/div>\n","protected":false},"excerpt":{"rendered":"<p>Die CVP Arth-Oberarth-Goldau konnte f\u00fcr die kommenden Gemeindewahlen vom 17. Mai 2020 ausgezeichnete Pers\u00f6nlichkeiten als Kandidaten gewinnen: Ruedi Beeler, Sch\u00f6nenbodenstrasse 3, Goldau, bisher, als Gemeindepr\u00e4sident; Christoph Ottinger, Rossbergstras-se 17, Goldau, bisher, als Gemeinderat, und Andreas Imlig, M\u00fchlefluo 25b, Oberarth, neu, als Gemeinderat; Werner Hardegger, Bergstrasse 14f, Goldau, bisher, als Rechnungspr\u00fcfer, und Fabian Elmiger, Georgsmatt 5a, &hellip; <a href=\"https:\/\/www.arth-online.ch\/cvp\/beeler-ottinger-und-imlig-am-17-mai-in-den-gemeinderat\/\" class=\"more-link\"><span class=\"screen-reader-text\">\u201eBeeler, Ottinger und Imlig am 17. Mai in den Gemeinderat\u201c <\/span>weiterlesen<\/a><\/p>\n","protected":false},"author":1,"featured_media":0,"comment_status":"closed","ping_status":"closed","sticky":false,"template":"","format":"standard","meta":{"ngg_post_thumbnail":0,"footnotes":""},"categories":[1],"tags":[],"class_list":["post-1491","post","type-post","status-publish","format-standard","hentry","category-allgemein"],"_links":{"self":[{"href":"https:\/\/www.arth-online.ch\/cvp\/wp-json\/wp\/v2\/posts\/1491","targetHints":{"allow":["GET"]}}],"collection":[{"href":"https:\/\/www.arth-online.ch\/cvp\/wp-json\/wp\/v2\/posts"}],"about":[{"href":"https:\/\/www.arth-online.ch\/cvp\/wp-json\/wp\/v2\/types\/post"}],"author":[{"embeddable":true,"href":"https:\/\/www.arth-online.ch\/cvp\/wp-json\/wp\/v2\/users\/1"}],"replies":[{"embeddable":true,"href":"https:\/\/www.arth-online.ch\/cvp\/wp-json\/wp\/v2\/comments?post=1491"}],"version-history":[{"count":7,"href":"https:\/\/www.arth-online.ch\/cvp\/wp-json\/wp\/v2\/posts\/1491\/revisions"}],"predecessor-version":[{"id":1501,"href":"https:\/\/www.arth-online.ch\/cvp\/wp-json\/wp\/v2\/posts\/1491\/revisions\/1501"}],"wp:attachment":[{"href":"https:\/\/www.arth-online.ch\/cvp\/wp-json\/wp\/v2\/media?parent=1491"}],"wp:term":[{"taxonomy":"category","embeddable":true,"href":"https:\/\/www.arth-online.ch\/cvp\/wp-json\/wp\/v2\/categories?post=1491"},{"taxonomy":"post_tag","embeddable":true,"href":"https:\/\/www.arth-online.ch\/cvp\/wp-json\/wp\/v2\/tags?post=1491"}],"curies":[{"name":"wp","href":"https:\/\/api.w.org\/{rel}","templated":true}]}}