{"id":1251,"date":"2000-10-31T01:24:10","date_gmt":"2000-10-31T00:24:10","guid":{"rendered":"http:\/\/cvp.arth-online.ch\/?p=1251"},"modified":"2000-10-31T01:24:10","modified_gmt":"2000-10-31T00:24:10","slug":"margrit-betschart-100-tage-im-gemeinderat","status":"publish","type":"post","link":"https:\/\/www.arth-online.ch\/cvp\/margrit-betschart-100-tage-im-gemeinderat\/","title":{"rendered":"Margrit Betschart: 100 Tage im Gemeinderat"},"content":{"rendered":"<p><img loading=\"lazy\" decoding=\"async\" src=\"http:\/\/www.arth-online.ch\/cvp\/wp-content\/uploads\/sites\/6\/2017\/02\/betschart-schuler_margrit.jpg\" alt=\"\" width=\"256\" height=\"352\" class=\"alignleft size-full wp-image-1097\" srcset=\"https:\/\/www.arth-online.ch\/cvp\/wp-content\/uploads\/sites\/6\/2017\/02\/betschart-schuler_margrit.jpg 256w, https:\/\/www.arth-online.ch\/cvp\/wp-content\/uploads\/sites\/6\/2017\/02\/betschart-schuler_margrit-218x300.jpg 218w\" sizes=\"auto, (max-width: 256px) 85vw, 256px\" \/>Am 16. April 2000 wurde Margrit Betschart-Schuler von den B\u00fcrgerinnen und B\u00fcrgern der Gemeinde Arth zur Gemeinder\u00e4tin gew\u00e4hlt. Am 19. Juni 2000 durfte sie das Amt als Ressortvorsteherin \u00abKultur, Erholung, Sport\u00bb antreten. Im folgenden Bericht schildert Margrit Betschart einige Eindr\u00fccke und die Schwerpunkte der ersten Monate ihrer Amtst\u00e4tigkeit.<\/p>\n<p>Mit grosser Spannung erwartete ich die erste Gemeinderatssitzung vom 19. Juni 2000 mit der Vereidigung und Zuteilung der Ressorts. Nach der \u00dcbernahme meines Wunschressorts Kultur, Erholung und Sport wurde ich sofort in die Organisation von zwei gr\u00f6sseren Anl\u00e4ssen eingebunden. Die Sendung vom Schweizer Fernsehen \u00abBsuech in&#8230;\u00bb in Arth sowie das Gemeindefest im Zusammenhang mit dem Tierparkjubil\u00e4um erforderten vollen Einsatz.<br \/>\nDie ansonsten ruhigen Sommerwochen verbrachte ich mit dem Aktenstudium, um einen \u00dcberblick \u00fcber die vielseitigen Aufgaben des Ressorts zu gewinnen. Genaue Information und Kenntnisse von Arbeitsabl\u00e4ufen und Reglementen sind Voraussetzung f\u00fcr die verantwortungsvolle Erledigung der verschiedenen Aufgaben.<\/p>\n<p>Als Vorsteherin der Kultur-, Sport- und Musikschulkommission organisierte ich nach der Sommerpause die ersten Sitzungen. Das gegenseitige Kennenlernen stand dabei nebst den anstehenden Aufgaben im Vordergrund. Zusammen mit den Kommissionsmitgliedern werde ich versuchen, die zuk\u00fcnftigen Problemstellungen optimal zu l\u00f6sen. <\/p>\n<p>Die Pr\u00e4senz als Beh\u00f6rdemitglied bei verschiedensten Veranstaltungen geh\u00f6rt zum angenehmen Pflichtteil. Ich lernte dabei bereits diverse Leute innerhalb und ausserhalb unserer Gemeinde kennen. Auch der Kontakt mit den \u00e4usserst aktiven Vereinen unserer drei D\u00f6rfer bereitet mir viel Freude.<\/p>\n<p>Weitere Verpflichtungen sind die aktive Mitarbeit als Gemeindevertreterin im Verein Jugendtreff, bei der Seebadgesellschaft und beim Kurverein Rigi. Speziell der Aufbau des neuen Jugendtreffs ist eine Herausforderung, die viel Kreativit\u00e4t und auch Pioniergeist von allen Beteiligten erfordert.<\/p>\n<p>Eine Hauptaufgabe meines Amtes ist selbstverst\u00e4ndlich die Teilnahme an den Gemeinderatssitzungen. Die diversen Anliegen der Bev\u00f6lkerung und die Gesch\u00e4fte der anderen Ressorts erfordern ein intensives Aktenstudium der gegebenen Traktanden. Entscheide zu f\u00e4llen, die der Bev\u00f6lkerung gerecht werden und gleichzeitig die gesetzlichen Bedingungen erf\u00fcllen ist nicht immer sehr einfach. Zumal in unserem zw\u00f6lfk\u00f6pfigen Gremium die unterschiedlichsten Meinungen aufeinander treffen.<\/p>\n<p>Die Mitarbeit in der Vormundschaftsbeh\u00f6rde ist eine weitere sehr interessante T\u00e4tigkeit, die mir Einblick in die sozialen Aufgaben und Probleme der Gemeinde gibt.<\/p>\n<p>Die intensive zeitliche Beanspruchung durch das Gemeinderatsmandat und das Engagement im eigenen Gesch\u00e4ft erfordert viel Flexibilit\u00e4t. Manchmal braucht es regelrechte \u00abJonglier\u00fcbungen\u00bb, um alles unter einen Hut zu bringen. Das Setzen von Priorit\u00e4ten steht dabei an erster Stelle, ist jedoch nicht immer einfach zu realisieren.<\/p>\n","protected":false},"excerpt":{"rendered":"<p>Am 16. April 2000 wurde Margrit Betschart-Schuler von den B\u00fcrgerinnen und B\u00fcrgern der Gemeinde Arth zur Gemeinder\u00e4tin gew\u00e4hlt. Am 19. Juni 2000 durfte sie das Amt als Ressortvorsteherin \u00abKultur, Erholung, Sport\u00bb antreten. Im folgenden Bericht schildert Margrit Betschart einige Eindr\u00fccke und die Schwerpunkte der ersten Monate ihrer Amtst\u00e4tigkeit. Mit grosser Spannung erwartete ich die erste &hellip; <a href=\"https:\/\/www.arth-online.ch\/cvp\/margrit-betschart-100-tage-im-gemeinderat\/\" class=\"more-link\"><span class=\"screen-reader-text\">\u201eMargrit Betschart: 100 Tage im Gemeinderat\u201c <\/span>weiterlesen<\/a><\/p>\n","protected":false},"author":1,"featured_media":0,"comment_status":"closed","ping_status":"closed","sticky":false,"template":"","format":"standard","meta":{"ngg_post_thumbnail":0,"footnotes":""},"categories":[1],"tags":[],"class_list":["post-1251","post","type-post","status-publish","format-standard","hentry","category-allgemein"],"_links":{"self":[{"href":"https:\/\/www.arth-online.ch\/cvp\/wp-json\/wp\/v2\/posts\/1251","targetHints":{"allow":["GET"]}}],"collection":[{"href":"https:\/\/www.arth-online.ch\/cvp\/wp-json\/wp\/v2\/posts"}],"about":[{"href":"https:\/\/www.arth-online.ch\/cvp\/wp-json\/wp\/v2\/types\/post"}],"author":[{"embeddable":true,"href":"https:\/\/www.arth-online.ch\/cvp\/wp-json\/wp\/v2\/users\/1"}],"replies":[{"embeddable":true,"href":"https:\/\/www.arth-online.ch\/cvp\/wp-json\/wp\/v2\/comments?post=1251"}],"version-history":[{"count":0,"href":"https:\/\/www.arth-online.ch\/cvp\/wp-json\/wp\/v2\/posts\/1251\/revisions"}],"wp:attachment":[{"href":"https:\/\/www.arth-online.ch\/cvp\/wp-json\/wp\/v2\/media?parent=1251"}],"wp:term":[{"taxonomy":"category","embeddable":true,"href":"https:\/\/www.arth-online.ch\/cvp\/wp-json\/wp\/v2\/categories?post=1251"},{"taxonomy":"post_tag","embeddable":true,"href":"https:\/\/www.arth-online.ch\/cvp\/wp-json\/wp\/v2\/tags?post=1251"}],"curies":[{"name":"wp","href":"https:\/\/api.w.org\/{rel}","templated":true}]}}