{"id":1249,"date":"2000-10-31T01:21:34","date_gmt":"2000-10-31T00:21:34","guid":{"rendered":"http:\/\/cvp.arth-online.ch\/?p=1249"},"modified":"2000-10-31T01:21:34","modified_gmt":"2000-10-31T00:21:34","slug":"juerg-kraft-100-tage-im-gemeinderat","status":"publish","type":"post","link":"https:\/\/www.arth-online.ch\/cvp\/juerg-kraft-100-tage-im-gemeinderat\/","title":{"rendered":"J\u00fcrg Kraft: 100 Tage im Gemeinderat"},"content":{"rendered":"<p><img loading=\"lazy\" decoding=\"async\" src=\"http:\/\/www.arth-online.ch\/cvp\/wp-content\/uploads\/sites\/6\/2017\/02\/kraft_juerg.jpg\" alt=\"\" width=\"256\" height=\"352\" class=\"alignleft size-full wp-image-1098\" srcset=\"https:\/\/www.arth-online.ch\/cvp\/wp-content\/uploads\/sites\/6\/2017\/02\/kraft_juerg.jpg 256w, https:\/\/www.arth-online.ch\/cvp\/wp-content\/uploads\/sites\/6\/2017\/02\/kraft_juerg-218x300.jpg 218w\" sizes=\"auto, (max-width: 256px) 85vw, 256px\" \/>Am 16. April 2000 wurde J\u00fcrg Kraft von den B\u00fcrgerinnen und B\u00fcrgern der Gemeinde Arth zum Gemeinderat gew\u00e4hlt. Am 19. Juni 2000 durfte er das Amt als Ressortvorsteher &#8222;Umweltschutz und Hygiene&#8220; antreten. Im folgenden Bericht schildert J\u00fcrg Kraft einige Eindr\u00fccke und die Schwerpunkte der ersten Monate seiner Amtst\u00e4tigkeit.<\/p>\n<h2>T\u00e4tigkeit im Ressort &#8222;Umweltschutz und Hygiene&#8220;<\/h2>\n<p>Das Ressort &#8222;Umweltschutz und Hygiene&#8220; befasst sich vor allem mit der Abfallbeseitigung, mit dem Umweltschutz aber auch mit der Verwaltung der beiden Friedh\u00f6fe in Arth und Goldau. Die Kommission \u00abUmweltschutz und Hygiene\u00bb und die Friedhofkommission sind die vorberatenden Gremien f\u00fcr den Gemeinderat.<\/p>\n<p>Nach der Konstituierung des Ratskollegiumus, habe ich mich mit meinem Vorg\u00e4nger zur \u00dcbergabe der ressortbezogenen Akten zusammengesetzt. Auch wurden die laufenden Gesch\u00e4fte besprochen und zur Weiterbearbeitung \u00fcbergeben. In den Sommermonaten begann nun das \u00abEintauchen\u00bb in den Aktenberg. Durch das Studium von Gesetzen, Protokollen, Beschl\u00fcssen und den Akten von laufenden Gesch\u00e4ften konnte ich mir einen ersten \u00dcberblick verschaffen und wurde mit meiner T\u00e4tigkeit vertraut. Gleichzeitig habe ich begonnen, mich mit den aktuellen Gesch\u00e4ften zu befassen. W\u00e4hrend den ersten Monaten standen folgende Gesch\u00e4fte im Mittelpunkt meiner Arbeit: Budgetierung 2001, Festlegung der Kehrichtgeb\u00fchren f\u00fcr 2001, Einzug der Grundgeb\u00fchren gem\u00e4ss dem neuen Abfallreglement, marktgerechte Entsorgung und Verwertung des Altpapiers, Anschaffung von zwei zus\u00e4tzlichen GA-Flexi und dessen Marketing, Sanierungs- und Planungsarbeiten bei den Friedh\u00f6fen.  <\/p>\n<h2>Ratst\u00e4tigkeit<\/h2>\n<p>Der Gemeinderat als vollziehende, verwaltende und ausf\u00fchrende Beh\u00f6rde regelt oder besch\u00e4ftigt sich mit einer Vielzahl von Angelegenheiten und Sachfragen, welche nicht in der Zust\u00e4ndigkeit von anderen Gemeinwesen (Bund, Kanton, Bezirk) sind. Damit man als Gemeinderat diesem gesetzlichen Auftrag nachkommen kann, ist es wichtig, sich neben den eigenen, ressortbezogenen Gesch\u00e4ften mit den Sachfragen der anderen Ressorts auseinander zu setzen. Das Studium von Akten oder die Gespr\u00e4che mit Fachpersonen als Entscheidungsgrundlagen erfordern viel Zeitaufwand. Es findet aber eine interessante, spannende und auch lehrreiche pers\u00f6nliche Auseinandersetzung mit einer unter Umst\u00e4nden weniger bekannten Materie statt. Dabei ist es mir pers\u00f6nlich wichtig, den eigenen Standpunkt zu \u00fcberpr\u00fcfen und festzulegen. Ich stelle an mich den Anspruch, billige Erkl\u00e4rungen und Rezepte zu vermeiden. In der jeweiligen Ratsdebatte treffen nat\u00fcrlich die unterschiedlichsten Haltungen und Meinungen aufeinander. Mit meinem Verst\u00e4ndnis von Regierungst\u00e4tigkeit ist es konstruktiv, wenn ich mich immer wieder in die Gedankeng\u00e4nge und die \u00dcberlegungen des Gegen\u00fcbers einlasse. Die Frage, ob nicht auch der Kollege oder die Kollegin im Rat recht haben kann, ist immer auch pr\u00fcfenswert. Schlussendlich muss ein Entscheid so gef\u00e4llt werden, dass dieser der Gemeinde und deren Bev\u00f6lkerung dient.  <\/p>\n<h2>Kommissionst\u00e4tigkeiten<\/h2>\n<p>Neben der Ratst\u00e4tigkeit und den Kommissionen des eigenen Ressorts wirkt man als Gemeinderat noch in verschieden Kommissionen als Mitglied mit. Ich bin zur Zeit Mitglied im Zweckverband f\u00fcr die Kehrichtbeseitigung der Region Innerschwyz, in der Gesch\u00e4ftsleitung der Gemeindewerke und in der Finanzkommission. Daneben arbeite ich in weiteren Subkommissionen und Arbeitsgruppen des Gemeinderates mit. <\/p>\n<h2>Kontakte<\/h2>\n<p>Als Gemeinderat hat man auch die Aufgabe bei verschiedensten Anl\u00e4ssen, Veranstaltungen und Festlichkeiten pr\u00e4sent zu sein. Dabei entstehen sehr interessante Begegnungen sowie der wertvolle Austausch mit den verschiedensten Gruppierungen und Vereinen aber auch mit den einzelnen Menschen. Trotz aller Komplexit\u00e4t in den gesellschaftlichen, wirtschaftlichen und politischen Sachfragen ist die Beziehungspflege zwischen dem einzelnen Menschen und dem Mandatstr\u00e4ger zentral. <\/p>\n<h2>Fazit der ersten 100 Tage<\/h2>\n<p>Die ersten 100 Tage haben mir einen sehr reichhaltigen Einblick in die Arbeit des Gemeinderates erm\u00f6glicht. Der Zeitaufwand und das Engagement verlangen ein gutes, pers\u00f6nliches Zeitmanagement, damit das Amt eines Gemeinderates neben der beruflichen T\u00e4tigkeit und dem Familienleben \u00fcberhaupt ausgef\u00fchrt werden kann. Die Beh\u00f6rdent\u00e4tigkeit in der Gemeindeexekutive erlebe ich als echte und spannende Herausforderung und als lehrreiche Horizonterweiterung.<\/p>\n<p>Der ehemalige Nationalratspr\u00e4sident Ulrich Bremi hat einmal folgende Aussage gemacht: \u00abWenn eine Autorit\u00e4t an dem gemessen wird, was sie denkt, und was sie macht, und nicht an Titel und Amt, tut das allen gut. Amts- und W\u00fcrdentr\u00e4ger sollten sich weniger auf ihre Position berufen als auf ihre Talente besinnen.\u00bb Ich strebe an, mein weiteres Engagement als Gemeinderat f\u00fcr die Bev\u00f6lkerung der Gemeinde Arth ich diesem Sinn zu gestalten.<\/p>\n","protected":false},"excerpt":{"rendered":"<p>Am 16. April 2000 wurde J\u00fcrg Kraft von den B\u00fcrgerinnen und B\u00fcrgern der Gemeinde Arth zum Gemeinderat gew\u00e4hlt. Am 19. Juni 2000 durfte er das Amt als Ressortvorsteher &#8222;Umweltschutz und Hygiene&#8220; antreten. Im folgenden Bericht schildert J\u00fcrg Kraft einige Eindr\u00fccke und die Schwerpunkte der ersten Monate seiner Amtst\u00e4tigkeit. T\u00e4tigkeit im Ressort &#8222;Umweltschutz und Hygiene&#8220; Das &hellip; <a href=\"https:\/\/www.arth-online.ch\/cvp\/juerg-kraft-100-tage-im-gemeinderat\/\" class=\"more-link\"><span class=\"screen-reader-text\">\u201eJ\u00fcrg Kraft: 100 Tage im Gemeinderat\u201c <\/span>weiterlesen<\/a><\/p>\n","protected":false},"author":1,"featured_media":0,"comment_status":"closed","ping_status":"closed","sticky":false,"template":"","format":"standard","meta":{"ngg_post_thumbnail":0,"footnotes":""},"categories":[1],"tags":[],"class_list":["post-1249","post","type-post","status-publish","format-standard","hentry","category-allgemein"],"_links":{"self":[{"href":"https:\/\/www.arth-online.ch\/cvp\/wp-json\/wp\/v2\/posts\/1249","targetHints":{"allow":["GET"]}}],"collection":[{"href":"https:\/\/www.arth-online.ch\/cvp\/wp-json\/wp\/v2\/posts"}],"about":[{"href":"https:\/\/www.arth-online.ch\/cvp\/wp-json\/wp\/v2\/types\/post"}],"author":[{"embeddable":true,"href":"https:\/\/www.arth-online.ch\/cvp\/wp-json\/wp\/v2\/users\/1"}],"replies":[{"embeddable":true,"href":"https:\/\/www.arth-online.ch\/cvp\/wp-json\/wp\/v2\/comments?post=1249"}],"version-history":[{"count":0,"href":"https:\/\/www.arth-online.ch\/cvp\/wp-json\/wp\/v2\/posts\/1249\/revisions"}],"wp:attachment":[{"href":"https:\/\/www.arth-online.ch\/cvp\/wp-json\/wp\/v2\/media?parent=1249"}],"wp:term":[{"taxonomy":"category","embeddable":true,"href":"https:\/\/www.arth-online.ch\/cvp\/wp-json\/wp\/v2\/categories?post=1249"},{"taxonomy":"post_tag","embeddable":true,"href":"https:\/\/www.arth-online.ch\/cvp\/wp-json\/wp\/v2\/tags?post=1249"}],"curies":[{"name":"wp","href":"https:\/\/api.w.org\/{rel}","templated":true}]}}