{"id":1231,"date":"2000-11-15T00:18:19","date_gmt":"2000-11-14T23:18:19","guid":{"rendered":"http:\/\/cvp.arth-online.ch\/?p=1231"},"modified":"2000-11-15T00:18:19","modified_gmt":"2000-11-14T23:18:19","slug":"nein-zur-spitalkosteninitiative-ja-zum-bundespersonalgesetz","status":"publish","type":"post","link":"https:\/\/www.arth-online.ch\/cvp\/nein-zur-spitalkosteninitiative-ja-zum-bundespersonalgesetz\/","title":{"rendered":"Nein zur Spitalkosteninitiative &#8211; Ja zum Bundespersonalgesetz"},"content":{"rendered":"<p><strong>Am Wochenende vom 26. November 2000 ist u.a. \u00fcber die Spitalkosteninitiative und \u00fcber das Bundespersonalgesetz zu entscheiden. Die CVP Arth-Oberarth-Goldau empfiehlt f\u00fcr die Spitalkosteninitiative die Nein-Parole, f\u00fcr das Bundespersonalgesetz hingegen die Ja-Parole.<\/strong> <\/p>\n<h2>Nein zur Spitalkosteninitiative<\/h2>\n<p>Mit der Spitalkosteninitiative sollen nur noch die Spitalkosten obligatorisch versichert werden. Die anderen Krankheitskosten (\u00e4rztliche Behandlung ausserhalb Spital, Pflegeheime, Medikamente, etc.), welche drei Viertel der Gesundheitskosten ausmachen, m\u00fcssten von den Patientinnen und Patienten \u00fcbernommen bzw. von diesen freiwillig versichert werden. Mit dieser Initiative w\u00fcrden nicht die Gesundheitskosten verringert, sondern diese lediglich anders verteilt. Zudem k\u00e4me es zu mehr teuren Spitalaufenthalten, weil nur dort die Leistungen obligatorisch versichert w\u00e4ren. Die Solidarit\u00e4t bei der Verteilung der Krankheitskosten ginge verloren und es k\u00e4me in der Schweiz zur eigentlichen Zweiklassenmedizin. Zahlreiche Personen k\u00f6nnten sich die oft teuren Behandlungen nicht mehr leisten, ja k\u00f6nnten sich zu vern\u00fcnftigen Preisen gar nicht mehr versichern (chronisch Kranke, Betagte, etc.) und m\u00fcssten auf die medizinische Hilfe verzichten oder \u00fcber die Sozialhilfe darum ersuchen. Ein solcher Systemwechsel ist nicht zu verantworten. <strong>Die CVP Arth-Oberarth-Goldau empfiehlt deshalb die Ablehnung der Spitalkosteninitiative.<\/strong> <\/p>\n<h2>Ja zum Bundespersonalgesetz<\/h2>\n<p>Mit dem neuen Bundespersonalgesetz wird die Personalpolitik des Bundes den heutigen Bed\u00fcrfnissen angepasst. Der Beamtenstatus wird aufgehoben und durch eine \u00f6ffentlich-rechtliche Anstellung ersetzt. Es bleibt aber eine <strong>hohe Besch\u00e4ftigungssicherheit und ein weitgehender K\u00fcndigungsschutz<\/strong>. Der Lohn wird neu der Leistung des Arbeitsnehmers angepasst und die Lohnanpassungsautomatismen entfallen. Das neue Gesetz ist mit den Dachverb\u00e4nden des Bundespersonals erarbeitet worden und wird den Interessen der Arbeitnehmerschaft gerecht. Das veraltete Beamtengesetz von 1927 muss ersetzt werden. <strong>Die CVP Arth-Oberarth-Goldau empfiehlt deshalb die Abnahme des neuen Bundespersonalgesetzes.<\/strong><\/p>\n<h2>Abstimmungsparolen CVP Arth-Oberarth-Goldau f\u00fcr den 26.11.2000<\/h2>\n<div class=\"wc-shortcodes-row wc-shortcodes-item wc-shortcodes-clearfix\">\n<div class=\"wc-shortcodes-column wc-shortcodes-content wc-shortcodes-three-fourth wc-shortcodes-column-first \">\u00c4nderung Zonenplan und Baureglement Arth<\/div>\n<div class=\"wc-shortcodes-column wc-shortcodes-content wc-shortcodes-one-fourth wc-shortcodes-column-last \">\n<div class=\"wc-shortcodes-box wc-shortcodes-item wc-shortcodes-content wc-shortcodes-clearfix wc-shortcodes-box-success \" style=\"text-align:center;\"> JA<\/div>\n<\/div>\n<\/div>\n<div class=\"wc-shortcodes-row wc-shortcodes-item wc-shortcodes-clearfix\">\n<div class=\"wc-shortcodes-column wc-shortcodes-content wc-shortcodes-three-fourth wc-shortcodes-column-first \">Tourismusabgabengesetz<\/div>\n<div class=\"wc-shortcodes-column wc-shortcodes-content wc-shortcodes-one-fourth wc-shortcodes-column-last \">\n<div class=\"wc-shortcodes-box wc-shortcodes-item wc-shortcodes-content wc-shortcodes-clearfix wc-shortcodes-box-success \" style=\"text-align:center;\"> JA<\/div>\n<\/div>\n<\/div>\n<div class=\"wc-shortcodes-row wc-shortcodes-item wc-shortcodes-clearfix\">\n<div class=\"wc-shortcodes-column wc-shortcodes-content wc-shortcodes-three-fourth wc-shortcodes-column-first \">Rentenalter-Initiativen<\/div>\n<div class=\"wc-shortcodes-column wc-shortcodes-content wc-shortcodes-one-fourth wc-shortcodes-column-last \">\n<div class=\"wc-shortcodes-box wc-shortcodes-item wc-shortcodes-content wc-shortcodes-clearfix wc-shortcodes-box-danger \" style=\"text-align:center;\"> NEIN<\/div>\n<\/div>\n<\/div>\n<div class=\"wc-shortcodes-row wc-shortcodes-item wc-shortcodes-clearfix\">\n<div class=\"wc-shortcodes-column wc-shortcodes-content wc-shortcodes-three-fourth wc-shortcodes-column-first \">Umverteilungsinitiative<\/div>\n<div class=\"wc-shortcodes-column wc-shortcodes-content wc-shortcodes-one-fourth wc-shortcodes-column-last \">\n<div class=\"wc-shortcodes-box wc-shortcodes-item wc-shortcodes-content wc-shortcodes-clearfix wc-shortcodes-box-danger \" style=\"text-align:center;\"> NEIN<\/div>\n<\/div>\n<\/div>\n<div class=\"wc-shortcodes-row wc-shortcodes-item wc-shortcodes-clearfix\">\n<div class=\"wc-shortcodes-column wc-shortcodes-content wc-shortcodes-three-fourth wc-shortcodes-column-first \">Spitalkosteninitiative<\/div>\n<div class=\"wc-shortcodes-column wc-shortcodes-content wc-shortcodes-one-fourth wc-shortcodes-column-last \">\n<div class=\"wc-shortcodes-box wc-shortcodes-item wc-shortcodes-content wc-shortcodes-clearfix wc-shortcodes-box-danger \" style=\"text-align:center;\"> NEIN<\/div>\n<\/div>\n<\/div>\n<div class=\"wc-shortcodes-row wc-shortcodes-item wc-shortcodes-clearfix\">\n<div class=\"wc-shortcodes-column wc-shortcodes-content wc-shortcodes-three-fourth wc-shortcodes-column-first \">Bundespersonalgesetz<\/div>\n<div class=\"wc-shortcodes-column wc-shortcodes-content wc-shortcodes-one-fourth wc-shortcodes-column-last \">\n<div class=\"wc-shortcodes-box wc-shortcodes-item wc-shortcodes-content wc-shortcodes-clearfix wc-shortcodes-box-success \" style=\"text-align:center;\"> JA<\/div>\n<\/div>\n<\/div>\n","protected":false},"excerpt":{"rendered":"<p>Am Wochenende vom 26. November 2000 ist u.a. \u00fcber die Spitalkosteninitiative und \u00fcber das Bundespersonalgesetz zu entscheiden. Die CVP Arth-Oberarth-Goldau empfiehlt f\u00fcr die Spitalkosteninitiative die Nein-Parole, f\u00fcr das Bundespersonalgesetz hingegen die Ja-Parole. Nein zur Spitalkosteninitiative Mit der Spitalkosteninitiative sollen nur noch die Spitalkosten obligatorisch versichert werden. Die anderen Krankheitskosten (\u00e4rztliche Behandlung ausserhalb Spital, Pflegeheime, Medikamente, &hellip; <a href=\"https:\/\/www.arth-online.ch\/cvp\/nein-zur-spitalkosteninitiative-ja-zum-bundespersonalgesetz\/\" class=\"more-link\"><span class=\"screen-reader-text\">\u201eNein zur Spitalkosteninitiative &#8211; Ja zum Bundespersonalgesetz\u201c <\/span>weiterlesen<\/a><\/p>\n","protected":false},"author":1,"featured_media":0,"comment_status":"closed","ping_status":"closed","sticky":false,"template":"","format":"standard","meta":{"ngg_post_thumbnail":0,"footnotes":""},"categories":[1],"tags":[],"class_list":["post-1231","post","type-post","status-publish","format-standard","hentry","category-allgemein"],"_links":{"self":[{"href":"https:\/\/www.arth-online.ch\/cvp\/wp-json\/wp\/v2\/posts\/1231","targetHints":{"allow":["GET"]}}],"collection":[{"href":"https:\/\/www.arth-online.ch\/cvp\/wp-json\/wp\/v2\/posts"}],"about":[{"href":"https:\/\/www.arth-online.ch\/cvp\/wp-json\/wp\/v2\/types\/post"}],"author":[{"embeddable":true,"href":"https:\/\/www.arth-online.ch\/cvp\/wp-json\/wp\/v2\/users\/1"}],"replies":[{"embeddable":true,"href":"https:\/\/www.arth-online.ch\/cvp\/wp-json\/wp\/v2\/comments?post=1231"}],"version-history":[{"count":0,"href":"https:\/\/www.arth-online.ch\/cvp\/wp-json\/wp\/v2\/posts\/1231\/revisions"}],"wp:attachment":[{"href":"https:\/\/www.arth-online.ch\/cvp\/wp-json\/wp\/v2\/media?parent=1231"}],"wp:term":[{"taxonomy":"category","embeddable":true,"href":"https:\/\/www.arth-online.ch\/cvp\/wp-json\/wp\/v2\/categories?post=1231"},{"taxonomy":"post_tag","embeddable":true,"href":"https:\/\/www.arth-online.ch\/cvp\/wp-json\/wp\/v2\/tags?post=1231"}],"curies":[{"name":"wp","href":"https:\/\/api.w.org\/{rel}","templated":true}]}}