{"id":1227,"date":"2000-11-07T00:09:59","date_gmt":"2000-11-06T23:09:59","guid":{"rendered":"http:\/\/cvp.arth-online.ch\/?p=1227"},"modified":"2000-11-07T00:09:59","modified_gmt":"2000-11-06T23:09:59","slug":"nein-zu-den-rentenalter-initiativen-nein-zur-umverteilungsinitiative","status":"publish","type":"post","link":"https:\/\/www.arth-online.ch\/cvp\/nein-zu-den-rentenalter-initiativen-nein-zur-umverteilungsinitiative\/","title":{"rendered":"Nein zu den Rentenalter-Initiativen &#8211; Nein zur Umverteilungsinitiative"},"content":{"rendered":"<p><strong>Am Wochenende vom 26. November 2000 ist u.a. \u00fcber die Rentenalter-Initiativen und \u00fcber die Umverteilungsinitiative zu entscheiden. Die CVP Arth-Oberarth-Goldau empfiehlt f\u00fcr alle 3 Vorlagen die Nein-Parole.<\/strong>  <\/p>\n<h2>Nein zu den Rentenalter-Initiativen<\/h2>\n<p>Mit der 10. AHV-Revision wurde das Rentenalter der Frauen schrittweise auf 64 Jahre erh\u00f6ht. Im Gegenzug wurden erhebliche Rentenverbesserungen eingef\u00fchrt. Mit der geplanten 11. AHV-Revision soll ein flexibles Rentenalter ab 62 Jahren (Teilpensionierung ab 59 Jahren) m\u00f6glich werden, allerdings <strong>verbunden mit sozial abgestuften Rentenk\u00fcrzungen<\/strong>. Die beiden vorliegenden Rentenalter-Initiativen wollen dagegen die Pensionierung ab 62 Jahren <strong>bei voller Rente<\/strong> m\u00f6glich machen. Das w\u00fcrde j\u00e4hrlich zus\u00e4tzlich netto ca. 1.1 Mia Franken kosten. Die Zahl der AHV-Rentenbez\u00fcger wird im Verh\u00e4ltnis zu den erwerbst\u00e4tigen Beitragspflichtigen immer gr\u00f6sser, dies als Folge der Bev\u00f6lkerungsentwicklung. Um den wachsenden Rentenbedarf zu decken, musste per 1.1.1999 bereits die Mehrwertsteuer um 1 Prozent erh\u00f6ht werden. Es braucht aber noch weitere finanzielle Anstrengungen, um \u00fcberhaupt den jetzigen Rentenstatus zu halten. Deshalb ist es nicht mehr verkraftbar, wenn die AHV-Kasse mit diesen beiden Initiativen zus\u00e4tzlich massiv belastet wird. Den Erwerbst\u00e4tigen ist nicht zuzumuten, zus\u00e4tzliche Leistungen f\u00fcr die AHV aufzubringen. Der Generationenvertrag w\u00fcrde dadurch zu sehr strapaziert. <strong>Die CVP Arth-Oberarth-Goldau empfiehlt deshalb die Ablehnung der beiden Rentenalter-Initiativen.<\/strong> <\/p>\n<h2>Nein zur Umverteilungsinitiative \u2013 Nein zur Demontage der Armee<\/h2>\n<p>Im Jahre 1960 kostete die Landesverteidigung 34.7 % des Bundeshaushaltes, w\u00e4hrend sie heute noch ganze 11 % ausmacht. Die Armee hat seit 1991 enorm abgespeckt und gegen 9 Mia Franken eingespart. Die Mannschaftsbest\u00e4nde wurden erheblich reduziert. Damit wurde auf die ver\u00e4nderte Bedrohungslage reagiert. Die Armeereform XXI ist l\u00e4ngst in vollem Gange. Mit der vorliegenden Umverteilungsinitiative st\u00fcnden f\u00fcr die Landesverteidigung, f\u00fcr die Friedensf\u00f6rderungsmassnahmen und f\u00fcr die Existenzsicherung insk\u00fcnftig nicht mehr ausreichend finanzielle Mittel zur Verf\u00fcgung. Die SP versucht mit dieser Initiative einmal mehr, unsere <strong>Armee zu demontieren und sie in Raten abzuschaffen<\/strong>. Sie hatte dies bereits in der Zeit vor dem 1. Weltkrieg und auch vor dem 2. Weltkrieg versucht, weil scheinbar keine unmittelbare Bedrohung vorlag. Sie hatte damit teilweise sogar &#8222;Erfolg&#8220;, was dazu gef\u00fchrt hat, dass die Schweiz vor beiden Weltkriegen relativ schlecht ger\u00fcstet dastand. F\u00fcr den Aufbau einer schlagkr\u00e4ftigen Armee braucht es einen Zeitrahmen von 10 Jahren. Man kann nicht kurzfristig eine Armee mit dem heutigen Technisierungsgrad aus dem Boden stampfen. Die Schweiz setzt sich bereits heute aktiv f\u00fcr den internationalen Frieden ein, so zum Beispiel in Bosnien und im Kosovo. Die Landesverteidigung muss flexibel und entsprechend der Lageentwicklung gestaltet werden k\u00f6nnen, wof\u00fcr es auch bei kleineren Best\u00e4nden mit hoher Technisierung die derzeit aufgewendeten Mittel braucht. Der Friede kann nicht mit einer demontierten Armee gesichert werden. <strong>Die CVP Arth-Oberarth-Goldau empfiehlt deshalb die Ablehnung der Umverteilungsinitiative.<\/strong><\/p>\n<h2>Abstimmungsparolen CVP Arth-Oberarth-Goldau f\u00fcr den 26.11.2000<\/h2>\n<div class=\"wc-shortcodes-row wc-shortcodes-item wc-shortcodes-clearfix\">\n<div class=\"wc-shortcodes-column wc-shortcodes-content wc-shortcodes-three-fourth wc-shortcodes-column-first \">\u00c4nderung Zonenplan und Baureglement Arth<\/div>\n<div class=\"wc-shortcodes-column wc-shortcodes-content wc-shortcodes-one-fourth wc-shortcodes-column-last \">\n<div class=\"wc-shortcodes-box wc-shortcodes-item wc-shortcodes-content wc-shortcodes-clearfix wc-shortcodes-box-success \" style=\"text-align:center;\"> JA<\/div>\n<\/div>\n<\/div>\n<div class=\"wc-shortcodes-row wc-shortcodes-item wc-shortcodes-clearfix\">\n<div class=\"wc-shortcodes-column wc-shortcodes-content wc-shortcodes-three-fourth wc-shortcodes-column-first \">Tourismusabgabengesetz<\/div>\n<div class=\"wc-shortcodes-column wc-shortcodes-content wc-shortcodes-one-fourth wc-shortcodes-column-last \">\n<div class=\"wc-shortcodes-box wc-shortcodes-item wc-shortcodes-content wc-shortcodes-clearfix wc-shortcodes-box-success \" style=\"text-align:center;\"> JA<\/div>\n<\/div>\n<\/div>\n<div class=\"wc-shortcodes-row wc-shortcodes-item wc-shortcodes-clearfix\">\n<div class=\"wc-shortcodes-column wc-shortcodes-content wc-shortcodes-three-fourth wc-shortcodes-column-first \">Rentenalter-Initiativen<\/div>\n<div class=\"wc-shortcodes-column wc-shortcodes-content wc-shortcodes-one-fourth wc-shortcodes-column-last \">\n<div class=\"wc-shortcodes-box wc-shortcodes-item wc-shortcodes-content wc-shortcodes-clearfix wc-shortcodes-box-danger \" style=\"text-align:center;\"> NEIN<\/div>\n<\/div>\n<\/div>\n<div class=\"wc-shortcodes-row wc-shortcodes-item wc-shortcodes-clearfix\">\n<div class=\"wc-shortcodes-column wc-shortcodes-content wc-shortcodes-three-fourth wc-shortcodes-column-first \">Umverteilungsinitiative<\/div>\n<div class=\"wc-shortcodes-column wc-shortcodes-content wc-shortcodes-one-fourth wc-shortcodes-column-last \">\n<div class=\"wc-shortcodes-box wc-shortcodes-item wc-shortcodes-content wc-shortcodes-clearfix wc-shortcodes-box-danger \" style=\"text-align:center;\"> NEIN<\/div>\n<\/div>\n<\/div>\n<div class=\"wc-shortcodes-row wc-shortcodes-item wc-shortcodes-clearfix\">\n<div class=\"wc-shortcodes-column wc-shortcodes-content wc-shortcodes-three-fourth wc-shortcodes-column-first \">Spitalkosteninitiative<\/div>\n<div class=\"wc-shortcodes-column wc-shortcodes-content wc-shortcodes-one-fourth wc-shortcodes-column-last \">\n<div class=\"wc-shortcodes-box wc-shortcodes-item wc-shortcodes-content wc-shortcodes-clearfix wc-shortcodes-box-danger \" style=\"text-align:center;\"> NEIN<\/div>\n<\/div>\n<\/div>\n<div class=\"wc-shortcodes-row wc-shortcodes-item wc-shortcodes-clearfix\">\n<div class=\"wc-shortcodes-column wc-shortcodes-content wc-shortcodes-three-fourth wc-shortcodes-column-first \">Bundespersonalgesetz<\/div>\n<div class=\"wc-shortcodes-column wc-shortcodes-content wc-shortcodes-one-fourth wc-shortcodes-column-last \">\n<div class=\"wc-shortcodes-box wc-shortcodes-item wc-shortcodes-content wc-shortcodes-clearfix wc-shortcodes-box-success \" style=\"text-align:center;\"> JA<\/div>\n<\/div>\n<\/div>\n","protected":false},"excerpt":{"rendered":"<p>Am Wochenende vom 26. November 2000 ist u.a. \u00fcber die Rentenalter-Initiativen und \u00fcber die Umverteilungsinitiative zu entscheiden. Die CVP Arth-Oberarth-Goldau empfiehlt f\u00fcr alle 3 Vorlagen die Nein-Parole. Nein zu den Rentenalter-Initiativen Mit der 10. AHV-Revision wurde das Rentenalter der Frauen schrittweise auf 64 Jahre erh\u00f6ht. Im Gegenzug wurden erhebliche Rentenverbesserungen eingef\u00fchrt. Mit der geplanten 11. &hellip; <a href=\"https:\/\/www.arth-online.ch\/cvp\/nein-zu-den-rentenalter-initiativen-nein-zur-umverteilungsinitiative\/\" class=\"more-link\"><span class=\"screen-reader-text\">\u201eNein zu den Rentenalter-Initiativen &#8211; Nein zur Umverteilungsinitiative\u201c <\/span>weiterlesen<\/a><\/p>\n","protected":false},"author":1,"featured_media":0,"comment_status":"closed","ping_status":"closed","sticky":false,"template":"","format":"standard","meta":{"ngg_post_thumbnail":0,"footnotes":""},"categories":[1],"tags":[],"class_list":["post-1227","post","type-post","status-publish","format-standard","hentry","category-allgemein"],"_links":{"self":[{"href":"https:\/\/www.arth-online.ch\/cvp\/wp-json\/wp\/v2\/posts\/1227","targetHints":{"allow":["GET"]}}],"collection":[{"href":"https:\/\/www.arth-online.ch\/cvp\/wp-json\/wp\/v2\/posts"}],"about":[{"href":"https:\/\/www.arth-online.ch\/cvp\/wp-json\/wp\/v2\/types\/post"}],"author":[{"embeddable":true,"href":"https:\/\/www.arth-online.ch\/cvp\/wp-json\/wp\/v2\/users\/1"}],"replies":[{"embeddable":true,"href":"https:\/\/www.arth-online.ch\/cvp\/wp-json\/wp\/v2\/comments?post=1227"}],"version-history":[{"count":0,"href":"https:\/\/www.arth-online.ch\/cvp\/wp-json\/wp\/v2\/posts\/1227\/revisions"}],"wp:attachment":[{"href":"https:\/\/www.arth-online.ch\/cvp\/wp-json\/wp\/v2\/media?parent=1227"}],"wp:term":[{"taxonomy":"category","embeddable":true,"href":"https:\/\/www.arth-online.ch\/cvp\/wp-json\/wp\/v2\/categories?post=1227"},{"taxonomy":"post_tag","embeddable":true,"href":"https:\/\/www.arth-online.ch\/cvp\/wp-json\/wp\/v2\/tags?post=1227"}],"curies":[{"name":"wp","href":"https:\/\/api.w.org\/{rel}","templated":true}]}}