{"id":1225,"date":"2000-10-31T00:08:03","date_gmt":"2000-10-30T23:08:03","guid":{"rendered":"http:\/\/cvp.arth-online.ch\/?p=1225"},"modified":"2000-10-31T00:08:03","modified_gmt":"2000-10-30T23:08:03","slug":"ja-zum-zonenplan-und-baureglement-ja-zum-tourismusabgabengesetz","status":"publish","type":"post","link":"https:\/\/www.arth-online.ch\/cvp\/ja-zum-zonenplan-und-baureglement-ja-zum-tourismusabgabengesetz\/","title":{"rendered":"Ja zum Zonenplan und Baureglement &#8211; Ja zum Tourismusabgabengesetz"},"content":{"rendered":"<p>Am Wochenende vom 26. November 2000 ist u.a. \u00fcber die Aenderungen des Zonenplanes und des Bauregelementes der Gemeinde Arth sowie \u00fcber das Tourismusabgabengesetz zu entscheiden. Die CVP Arth-Oberarth-Goldau f\u00fchrte im Zuge der Generalversammlung \u00fcber diese beiden Sachvorlagen am 26. Oktober 2000 im Restaurant Engel in Oberarth eine \u00f6ffentliche Orientierung durch. Damit sollte den Mitb\u00fcrgerinnen und Mitb\u00fcrgern f\u00fcr diese wichtigen Abstimmungen die wesentlichsten Entscheidgrundlagen unterbreitet werden. Die Versammlung hat die beiden Gesch\u00e4fte einstimmig gutgeheissen. Bis zum Abstimmungswochenende vom 26. November 2000 folgen verschiedene Artikel, welche die f\u00fcnf Abstimmungsvorlagen des Bundes beleuchten. <\/p>\n<h2>Ja zu den \u00c4nderungen des Zonenplanes und des Baureglementes der Gemeinde Arth<\/h2>\n<p>Der g\u00fcltige Zonenplan der Gemeinde Arth datiert vom 5. Januar 1993. Seither haben sich das Baugebiet und die Baubed\u00fcrfnisse in der Gemeinde in verschiedener Hinsicht ver\u00e4ndert. Anfang 1997 konnten Ein-, Um- und Auszonungsbegehren beim Gemeinderat gestellt werden. Im Rahmen dieser Begehren sind die nun vorliegenden 35 Zonenplan\u00e4nderungen entstanden, welche teilweise zwingend mit Baureglementsanpassungen verbunden sind. Zumeist sind die betroffenen Grundeigent\u00fcmer dringend auf die entsprechenden Umzonungen angewiesen. Die CVP Arth-Oberarth-Goldau empfiehlt die Annahme dieser \u00c4nderungen. <\/p>\n<h2>Ja zum Tourismusabgabengesetz<\/h2>\n<p>Der Tourismus im Kanton Schwyz verf\u00fcgt \u00fcber ein vielf\u00e4ltiges Angebot. Neben einzelnen grossen Anbietern gibt es vor allem viele kleine Tourismusbetriebe. Der Besucher m\u00f6chte rasch und umfassend von den touristischen M\u00f6glichkeiten informiert werden, wie dies in anderen Gebieten und L\u00e4ndern l\u00e4ngst der Fall ist. Derzeit kann man sich im Kanton Schwyz als Tourist innert n\u00fctzlicher Frist keinen \u00dcberblick \u00fcber die Attraktionen verschaffen. Es fehlt an einem Ansprechpartner, welcher die n\u00f6tigen Informationen hat und weiter geben kann. Auf privater Basis ist es bis heute nicht gelungen, im Kanton Schwyz eine Organisation auf die Beine zu stellen, welche die Tourismusregion Kanton Schwyz nach aussen pr\u00e4sentiert und vermarktet. Weil dieses dringende Bed\u00fcrfnis von privater Hand nicht gedeckt werden konnte, versucht nun der Kanton, die entsprechenden Rahmenbedingungen mit dem Tourismusabgabengesetz zu schaffen. Damit sollen alle im Tourismus Beteiligten eingebunden und gemeinsam erhobene Mittel gezielt zur F\u00f6rderung der Tourismusbranche eingesetzt werden. Der Kanton hat von den Tourismusabgaben keinerlei Ertrag. Diese Abgaben werden von einer Organisation erhoben und zweckgebunden gem\u00e4ss Leistungsauftrag zur Tourismusf\u00f6rderung eingesetzt. Es handelt sich beim Tourismusabgabengesetz um eine vorl\u00e4ufig letzte Hilfe zur Selbsthilfe f\u00fcr alle Tourismusbetriebe. Wir k\u00f6nnen und d\u00fcrfen es uns im Kanton Schwyz nicht l\u00e4nger leisten, den volkswirtschaftlich wichtigen Bereich des Tourismus zu vernachl\u00e4ssigen. Es gibt im Kanton Schwyz viele sch\u00f6ne und interessante Dinge zu sehen und zu erleben. Es lohnt sich, diese Botschaft m\u00f6glichst vielen Leuten mitzuteilen. Die CVP Arth-Oberarth-Goldau empfiehlt deshalb die Annahme des Tourismusabgabengesetzes. <\/p>\n<h2>Generalversammlung 2000<\/h2>\n<p>Am 26. Oktober f\u00fchrte die CVP Arth-Oberarth-Goldau die ordentliche Generalversammlung 2000 durch. Im umfangreichen T\u00e4tigkeitsbericht des Pr\u00e4sidenten konnte auf ein intensives Wahljahr zur\u00fcck geblickt werden. Aus dem Parteivorstand scheidet Stefan Matter aus, weil er die Gemeinde Arth und den Kanton Schwyz verl\u00e4sst. Ein Ersatz ist nicht notwendig, weil Ren\u00e9 Dietiker vom Australienaufenthalt nach Goldau zur\u00fcckkehrt und wieder im Vorstand mitarbeiten wird. Die Amtstr\u00e4ger haben alsdann Rechenschaft abgelegt \u00fcber ihre vielf\u00e4ltigen T\u00e4tigkeiten des vergangenen Jahres.  <\/p>\n","protected":false},"excerpt":{"rendered":"<p>Am Wochenende vom 26. November 2000 ist u.a. \u00fcber die Aenderungen des Zonenplanes und des Bauregelementes der Gemeinde Arth sowie \u00fcber das Tourismusabgabengesetz zu entscheiden. Die CVP Arth-Oberarth-Goldau f\u00fchrte im Zuge der Generalversammlung \u00fcber diese beiden Sachvorlagen am 26. Oktober 2000 im Restaurant Engel in Oberarth eine \u00f6ffentliche Orientierung durch. Damit sollte den Mitb\u00fcrgerinnen und &hellip; <a href=\"https:\/\/www.arth-online.ch\/cvp\/ja-zum-zonenplan-und-baureglement-ja-zum-tourismusabgabengesetz\/\" class=\"more-link\"><span class=\"screen-reader-text\">\u201eJa zum Zonenplan und Baureglement &#8211; Ja zum Tourismusabgabengesetz\u201c <\/span>weiterlesen<\/a><\/p>\n","protected":false},"author":1,"featured_media":0,"comment_status":"closed","ping_status":"closed","sticky":false,"template":"","format":"standard","meta":{"ngg_post_thumbnail":0,"footnotes":""},"categories":[1],"tags":[],"class_list":["post-1225","post","type-post","status-publish","format-standard","hentry","category-allgemein"],"_links":{"self":[{"href":"https:\/\/www.arth-online.ch\/cvp\/wp-json\/wp\/v2\/posts\/1225","targetHints":{"allow":["GET"]}}],"collection":[{"href":"https:\/\/www.arth-online.ch\/cvp\/wp-json\/wp\/v2\/posts"}],"about":[{"href":"https:\/\/www.arth-online.ch\/cvp\/wp-json\/wp\/v2\/types\/post"}],"author":[{"embeddable":true,"href":"https:\/\/www.arth-online.ch\/cvp\/wp-json\/wp\/v2\/users\/1"}],"replies":[{"embeddable":true,"href":"https:\/\/www.arth-online.ch\/cvp\/wp-json\/wp\/v2\/comments?post=1225"}],"version-history":[{"count":0,"href":"https:\/\/www.arth-online.ch\/cvp\/wp-json\/wp\/v2\/posts\/1225\/revisions"}],"wp:attachment":[{"href":"https:\/\/www.arth-online.ch\/cvp\/wp-json\/wp\/v2\/media?parent=1225"}],"wp:term":[{"taxonomy":"category","embeddable":true,"href":"https:\/\/www.arth-online.ch\/cvp\/wp-json\/wp\/v2\/categories?post=1225"},{"taxonomy":"post_tag","embeddable":true,"href":"https:\/\/www.arth-online.ch\/cvp\/wp-json\/wp\/v2\/tags?post=1225"}],"curies":[{"name":"wp","href":"https:\/\/api.w.org\/{rel}","templated":true}]}}