{"id":1162,"date":"2000-07-05T15:35:00","date_gmt":"2000-07-05T13:35:00","guid":{"rendered":"http:\/\/cvp.arth-online.ch\/?p=1162"},"modified":"2000-07-05T15:35:00","modified_gmt":"2000-07-05T13:35:00","slug":"cvp-gratuliert-zum-landammann","status":"publish","type":"post","link":"https:\/\/www.arth-online.ch\/cvp\/cvp-gratuliert-zum-landammann\/","title":{"rendered":"CVP gratuliert zum Landammann"},"content":{"rendered":"<p><strong>Am 29. Juni 2000 wurde Regierungsrat Werner Inderbitzin vom Kantonsrat Schwyz zum Landammann des Standes Schwyz f\u00fcr die Amtsdauer 2000-2002 gew\u00e4hlt. Die CVP Arth-Oberarth-Goldau gratuliert dazu herzlich und dankt f\u00fcr die unerm\u00fcdliche politische Arbeit von Werner Inderbitzin.<\/strong> <\/p>\n<p>Werner Inderbitzin ist ein Arther mit Leib und Seele. Er ist in Arth auf der Liegenschaft Betti nahe am Schmittenpl\u00e4tzli aufgewachsen, und zwar in einer grossen Bauernfamilie zusammen mit 11 Geschwistern. Er war f\u00fcr die Bev\u00f6lkerung der Gemeinde Arth w\u00e4hrend 20 Jahren im Kantonsrat. 10 Jahre lang war er Ortsparteipr\u00e4sident der CVP. Schliesslich hat er von 1988-1992 hat die kantonale CVP pr\u00e4sidiert. Im Jahre 1992 ist Werner Inderbitzin in den Regierungsrat gew\u00e4hlt worden. Seither f\u00fchrt er erfolgreich das Volkswirtschaftsdepartement.<\/p>\n<p>Werner Inderbitzin hat sich seit \u00fcber 30 Jahren im politischen und sozialen Umfeld f\u00fcr Land und Leute in der Gemeinde Arth und im Kanton Schwyz eingesetzt. Er stammt aus einfachen Verh\u00e4ltnissen und hat deshalb die Sorgen und N\u00f6te der einfachen Leute nie vergessen. Er denkt und handelt heute noch entsprechend. Mit der Wahl zum Landammann ist seine unerm\u00fcdliche politische Arbeit gekr\u00f6nt worden. Als Landammann hat er u.a. in den n\u00e4chsten 2 Jahren die Verhandlungen im Regierungsrat zu leiten und den Kanton Schwyz nach aussen zu vertreten.<\/p>\n<p>Die CVP Arth-Oberarth-Goldau gratuliert Werner Inderbitzin herzlich zur Wahl zum Landammann und w\u00fcnscht ihm f\u00fcr diese zus\u00e4tzliche Aufgabe viel Gl\u00fcck und gutes Gelingen. Sie spricht ihm aber auch den grossen Dank aus f\u00fcr seine jahrzehntelange Arbeit f\u00fcr die Bev\u00f6lkerung der Gemeinde Arth und des Kantons Schwyz.  <\/p>\n<figure id=\"attachment_1163\" aria-describedby=\"caption-attachment-1163\" style=\"width: 640px\" class=\"wp-caption alignleft\"><img loading=\"lazy\" decoding=\"async\" src=\"http:\/\/www.arth-online.ch\/cvp\/wp-content\/uploads\/sites\/6\/2017\/02\/landammann_inderbitzin_werner.jpg\" alt=\"\" width=\"640\" height=\"420\" class=\"size-full wp-image-1163\" srcset=\"https:\/\/www.arth-online.ch\/cvp\/wp-content\/uploads\/sites\/6\/2017\/02\/landammann_inderbitzin_werner.jpg 640w, https:\/\/www.arth-online.ch\/cvp\/wp-content\/uploads\/sites\/6\/2017\/02\/landammann_inderbitzin_werner-300x197.jpg 300w\" sizes=\"auto, (max-width: 709px) 85vw, (max-width: 909px) 67vw, (max-width: 984px) 61vw, (max-width: 1362px) 45vw, 600px\" \/><figcaption id=\"caption-attachment-1163\" class=\"wp-caption-text\">An der Feier in Arth: Gattin Vreni und Landammann Werner Inderbitzin wurden im Rolls Royce Phantom II chauffiert.<\/figcaption><\/figure>\n","protected":false},"excerpt":{"rendered":"<p>Am 29. Juni 2000 wurde Regierungsrat Werner Inderbitzin vom Kantonsrat Schwyz zum Landammann des Standes Schwyz f\u00fcr die Amtsdauer 2000-2002 gew\u00e4hlt. Die CVP Arth-Oberarth-Goldau gratuliert dazu herzlich und dankt f\u00fcr die unerm\u00fcdliche politische Arbeit von Werner Inderbitzin. Werner Inderbitzin ist ein Arther mit Leib und Seele. Er ist in Arth auf der Liegenschaft Betti nahe &hellip; <a href=\"https:\/\/www.arth-online.ch\/cvp\/cvp-gratuliert-zum-landammann\/\" class=\"more-link\"><span class=\"screen-reader-text\">\u201eCVP gratuliert zum Landammann\u201c <\/span>weiterlesen<\/a><\/p>\n","protected":false},"author":1,"featured_media":0,"comment_status":"closed","ping_status":"closed","sticky":false,"template":"","format":"standard","meta":{"ngg_post_thumbnail":0,"footnotes":""},"categories":[1],"tags":[],"class_list":["post-1162","post","type-post","status-publish","format-standard","hentry","category-allgemein"],"_links":{"self":[{"href":"https:\/\/www.arth-online.ch\/cvp\/wp-json\/wp\/v2\/posts\/1162","targetHints":{"allow":["GET"]}}],"collection":[{"href":"https:\/\/www.arth-online.ch\/cvp\/wp-json\/wp\/v2\/posts"}],"about":[{"href":"https:\/\/www.arth-online.ch\/cvp\/wp-json\/wp\/v2\/types\/post"}],"author":[{"embeddable":true,"href":"https:\/\/www.arth-online.ch\/cvp\/wp-json\/wp\/v2\/users\/1"}],"replies":[{"embeddable":true,"href":"https:\/\/www.arth-online.ch\/cvp\/wp-json\/wp\/v2\/comments?post=1162"}],"version-history":[{"count":0,"href":"https:\/\/www.arth-online.ch\/cvp\/wp-json\/wp\/v2\/posts\/1162\/revisions"}],"wp:attachment":[{"href":"https:\/\/www.arth-online.ch\/cvp\/wp-json\/wp\/v2\/media?parent=1162"}],"wp:term":[{"taxonomy":"category","embeddable":true,"href":"https:\/\/www.arth-online.ch\/cvp\/wp-json\/wp\/v2\/categories?post=1162"},{"taxonomy":"post_tag","embeddable":true,"href":"https:\/\/www.arth-online.ch\/cvp\/wp-json\/wp\/v2\/tags?post=1162"}],"curies":[{"name":"wp","href":"https:\/\/api.w.org\/{rel}","templated":true}]}}