{"id":1051,"date":"2001-11-21T20:49:42","date_gmt":"2001-11-21T19:49:42","guid":{"rendered":"http:\/\/cvp.arth-online.ch\/?p=1051"},"modified":"2001-11-21T20:49:42","modified_gmt":"2001-11-21T19:49:42","slug":"nein-zur-kapitalgewinnsteuer","status":"publish","type":"post","link":"https:\/\/www.arth-online.ch\/cvp\/nein-zur-kapitalgewinnsteuer\/","title":{"rendered":"Nein zur Kapitalgewinnsteuer!"},"content":{"rendered":"<p><strong>Am Wochenende vom 2. Dezember 2001 ist kantonal \u00fcber das Gesetz \u00fcber die Pr\u00e4mienverbilligung, \u00fcber den Kantonsbeitrag von 8 Mio. Franken an das Kloster Einsiedeln sowie \u00fcber den Kantonsbeitrag von 3 Mio. Franken an den Tierpark Goldau abzustimmen. Auf Bundesebene ist \u00fcber die sog. Schuldenbremse, die Initiative Energie statt Arbeit, die Armeeabschaffungsinitiative, die Friedensinitiative sowie \u00fcber die Initiative f\u00fcr eine Kapitalgewinnsteuer zu entscheiden. Die CVP Arth-Oberarth-Goldau empfiehlt f\u00fcr alle drei kantonalen Vorlagen die Zustimmung, w\u00e4hrend bei den Bundesvorlagen einzig die Schuldenbremse gutzuheissen, s\u00e4mtliche Volksinitiativen hingegen zu verwerfen sind. Diese Woche wird die Initiative f\u00fcr eine Kapitalgewinnsteuer genauer betrachtet.<\/strong> <\/p>\n<h2>Ausgangslage<\/h2>\n<p>Mit der vom Schweizerischen Gewerkschaftsbund lancierten Initiative f\u00fcr eine Kapitalgewinnsteuer sollen die Gewinne auf privaten Finanzanlagen zu mindestens 20 % besteuert werden. Kapitalverluste k\u00f6nnten nur beschr\u00e4nkt in Abzug gebracht werden. Private m\u00fcssen bereits heute die Kapitalgewinne als Einkommen versteuern, wenn ihre B\u00f6rsent\u00e4tigkeit gewerbsm\u00e4ssigen Charakter annimmt. Es geht also lediglich um jene Privatpersonen, welche nicht gewerbsm\u00e4ssig Kapitalgewinn realisieren. <\/p>\n<h2>Hoher Verwaltungsaufwand<\/h2>\n<p>Die Ermittlung eines allf\u00e4lligen Kapitalgewinnes bei allen Privaten w\u00fcrde sich sehr aufw\u00e4ndig gestalten. Der Bestand von Wertpapieren kann sich laufend ver\u00e4ndern. F\u00fcr jedes Wertpapier m\u00fcsste eine Art Lebenslauf verfolgt werden. Der Verwaltungsaufwand f\u00fcr die Ermittlung des Kapitalgewinnes w\u00e4re im Vergleich zum erzielbaren Ertrag unverh\u00e4ltnism\u00e4ssig hoch. <\/p>\n<h2>Ertrag fraglich<\/h2>\n<p>Derzeit wird offensichtlich, dass es bei der beabsichtigten Kapitalsteuer in schlechten B\u00f6rsenzeiten kaum Ertrag gibt, der Erhebungsaufwand aber umso gr\u00f6sser wird. In den letzten Jahrzehnten haben denn auch verschiedene Kantone die von ihnen erhobene Kapitalgewinnsteuer bei Privaten mangels Ertrag aufgehoben. <\/p>\n<h2>Beschr\u00e4nkter Abzug von Verlusten ungerecht<\/h2>\n<p>Die Initiative w\u00fcrde allf\u00e4llige Kapitalverluste nur beschr\u00e4nkt zum Abzug zu lassen, w\u00e4hrend s\u00e4mtliche Gewinne zu versteuern w\u00e4ren. Eine solche L\u00f6sung ist ungerecht und bereits deshalb zu verwerfen. <\/p>\n<h2>Bereits genug Steuern<\/h2>\n<p>Die Privatpersonen haben bereits erheblich Einkommensteuern und Verm\u00f6genssteuern zu bezahlen. Letztere werden im Ausland praktisch nicht erhoben. Die Einf\u00fchrung einer zus\u00e4tzlichen Steuer w\u00fcrde die Staatsquote unn\u00f6tig erh\u00f6hen, was es zu verhindern gilt. <\/p>\n<h2>Zusammenfassung<\/h2>\n<p>Eine neue Besteuerung der privaten Kapitalgewinne w\u00e4re aufw\u00e4ndig, w\u00fcrde kaum einen Ertrag bringen, w\u00e4re ungerecht und w\u00fcrde die Steuerbelastung der Privatpersonen weiter erh\u00f6hen.<\/p>\n<p>Die <strong>CVP Arth-Oberarth-Goldau empfiehlt deshalb die Ablehnung der Initiative f\u00fcr eine Kapitalgewinnsteuer<\/strong>. <\/p>\n<h2>Abstimmungsparolen CVP Arth-Oberarth-Goldau f\u00fcr den 2.12.2001<\/h2>\n<div class=\"wc-shortcodes-row wc-shortcodes-item wc-shortcodes-clearfix\">\n<div class=\"wc-shortcodes-column wc-shortcodes-content wc-shortcodes-three-fourth wc-shortcodes-column-first \">\u00c4nderung Pr\u00e4mienverbilligungsgesetz<\/div>\n<div class=\"wc-shortcodes-column wc-shortcodes-content wc-shortcodes-one-fourth wc-shortcodes-column-last \">\n<div class=\"wc-shortcodes-box wc-shortcodes-item wc-shortcodes-content wc-shortcodes-clearfix wc-shortcodes-box-success \" style=\"text-align:center;\"> JA<\/div>\n<\/div>\n<\/div>\n<div class=\"wc-shortcodes-row wc-shortcodes-item wc-shortcodes-clearfix\">\n<div class=\"wc-shortcodes-column wc-shortcodes-content wc-shortcodes-three-fourth wc-shortcodes-column-first \">Kantonsbeitrag von 8 Mio. Fr. f\u00fcr das Kloster Einsiedeln<\/div>\n<div class=\"wc-shortcodes-column wc-shortcodes-content wc-shortcodes-one-fourth wc-shortcodes-column-last \">\n<div class=\"wc-shortcodes-box wc-shortcodes-item wc-shortcodes-content wc-shortcodes-clearfix wc-shortcodes-box-success \" style=\"text-align:center;\"> JA<\/div>\n<\/div>\n<\/div>\n<div class=\"wc-shortcodes-row wc-shortcodes-item wc-shortcodes-clearfix\">\n<div class=\"wc-shortcodes-column wc-shortcodes-content wc-shortcodes-three-fourth wc-shortcodes-column-first \">Kantonsbeitrag von 3 Mio. Fr. f\u00fcr den Natur- und Tierpark Goldau<\/div>\n<div class=\"wc-shortcodes-column wc-shortcodes-content wc-shortcodes-one-fourth wc-shortcodes-column-last \">\n<div class=\"wc-shortcodes-box wc-shortcodes-item wc-shortcodes-content wc-shortcodes-clearfix wc-shortcodes-box-success \" style=\"text-align:center;\"> JA<\/div>\n<\/div>\n<\/div>\n<hr class=\"wc-shortcodes-divider wc-shortcodes-item wc-shortcodes-divider-line-single wc-shortcodes-divider-style-solid \"  \/>\n<div class=\"wc-shortcodes-row wc-shortcodes-item wc-shortcodes-clearfix\">\n<div class=\"wc-shortcodes-column wc-shortcodes-content wc-shortcodes-three-fourth wc-shortcodes-column-first \">Bundesbeschluss \u00fcber die Schuldenbremse<\/div>\n<div class=\"wc-shortcodes-column wc-shortcodes-content wc-shortcodes-one-fourth wc-shortcodes-column-last \">\n<div class=\"wc-shortcodes-box wc-shortcodes-item wc-shortcodes-content wc-shortcodes-clearfix wc-shortcodes-box-success \" style=\"text-align:center;\"> JA<\/div>\n<\/div>\n<\/div>\n<div class=\"wc-shortcodes-row wc-shortcodes-item wc-shortcodes-clearfix\">\n<div class=\"wc-shortcodes-column wc-shortcodes-content wc-shortcodes-three-fourth wc-shortcodes-column-first \">Volksinitiative Energie statt Arbeit besteuern<\/div>\n<div class=\"wc-shortcodes-column wc-shortcodes-content wc-shortcodes-one-fourth wc-shortcodes-column-last \">\n<div class=\"wc-shortcodes-box wc-shortcodes-item wc-shortcodes-content wc-shortcodes-clearfix wc-shortcodes-box-danger \" style=\"text-align:center;\"> NEIN<\/div>\n<\/div>\n<\/div>\n<div class=\"wc-shortcodes-row wc-shortcodes-item wc-shortcodes-clearfix\">\n<div class=\"wc-shortcodes-column wc-shortcodes-content wc-shortcodes-three-fourth wc-shortcodes-column-first \">Volksinitiative Schweiz ohne Armee<\/div>\n<div class=\"wc-shortcodes-column wc-shortcodes-content wc-shortcodes-one-fourth wc-shortcodes-column-last \">\n<div class=\"wc-shortcodes-box wc-shortcodes-item wc-shortcodes-content wc-shortcodes-clearfix wc-shortcodes-box-danger \" style=\"text-align:center;\"> NEIN<\/div>\n<\/div>\n<\/div>\n<div class=\"wc-shortcodes-row wc-shortcodes-item wc-shortcodes-clearfix\">\n<div class=\"wc-shortcodes-column wc-shortcodes-content wc-shortcodes-three-fourth wc-shortcodes-column-first \">Volksinitiative f\u00fcr freiwilligen Zivildienst<\/div>\n<div class=\"wc-shortcodes-column wc-shortcodes-content wc-shortcodes-one-fourth wc-shortcodes-column-last \">\n<div class=\"wc-shortcodes-box wc-shortcodes-item wc-shortcodes-content wc-shortcodes-clearfix wc-shortcodes-box-danger \" style=\"text-align:center;\"> NEIN<\/div>\n<\/div>\n<\/div>\n<div class=\"wc-shortcodes-row wc-shortcodes-item wc-shortcodes-clearfix\">\n<div class=\"wc-shortcodes-column wc-shortcodes-content wc-shortcodes-three-fourth wc-shortcodes-column-first \">Volksinitiative f\u00fcr eine Kapitalgewinnsteuer<\/div>\n<div class=\"wc-shortcodes-column wc-shortcodes-content wc-shortcodes-one-fourth wc-shortcodes-column-last \">\n<div class=\"wc-shortcodes-box wc-shortcodes-item wc-shortcodes-content wc-shortcodes-clearfix wc-shortcodes-box-danger \" style=\"text-align:center;\"> NEIN<\/div>\n<\/div>\n<\/div>\n","protected":false},"excerpt":{"rendered":"<p>Am Wochenende vom 2. Dezember 2001 ist kantonal \u00fcber das Gesetz \u00fcber die Pr\u00e4mienverbilligung, \u00fcber den Kantonsbeitrag von 8 Mio. Franken an das Kloster Einsiedeln sowie \u00fcber den Kantonsbeitrag von 3 Mio. Franken an den Tierpark Goldau abzustimmen. Auf Bundesebene ist \u00fcber die sog. Schuldenbremse, die Initiative Energie statt Arbeit, die Armeeabschaffungsinitiative, die Friedensinitiative sowie &hellip; <a href=\"https:\/\/www.arth-online.ch\/cvp\/nein-zur-kapitalgewinnsteuer\/\" class=\"more-link\"><span class=\"screen-reader-text\">\u201eNein zur Kapitalgewinnsteuer!\u201c <\/span>weiterlesen<\/a><\/p>\n","protected":false},"author":1,"featured_media":0,"comment_status":"closed","ping_status":"closed","sticky":false,"template":"","format":"standard","meta":{"ngg_post_thumbnail":0,"footnotes":""},"categories":[2],"tags":[],"class_list":["post-1051","post","type-post","status-publish","format-standard","hentry","category-abstimmungsempfehlungen"],"_links":{"self":[{"href":"https:\/\/www.arth-online.ch\/cvp\/wp-json\/wp\/v2\/posts\/1051","targetHints":{"allow":["GET"]}}],"collection":[{"href":"https:\/\/www.arth-online.ch\/cvp\/wp-json\/wp\/v2\/posts"}],"about":[{"href":"https:\/\/www.arth-online.ch\/cvp\/wp-json\/wp\/v2\/types\/post"}],"author":[{"embeddable":true,"href":"https:\/\/www.arth-online.ch\/cvp\/wp-json\/wp\/v2\/users\/1"}],"replies":[{"embeddable":true,"href":"https:\/\/www.arth-online.ch\/cvp\/wp-json\/wp\/v2\/comments?post=1051"}],"version-history":[{"count":0,"href":"https:\/\/www.arth-online.ch\/cvp\/wp-json\/wp\/v2\/posts\/1051\/revisions"}],"wp:attachment":[{"href":"https:\/\/www.arth-online.ch\/cvp\/wp-json\/wp\/v2\/media?parent=1051"}],"wp:term":[{"taxonomy":"category","embeddable":true,"href":"https:\/\/www.arth-online.ch\/cvp\/wp-json\/wp\/v2\/categories?post=1051"},{"taxonomy":"post_tag","embeddable":true,"href":"https:\/\/www.arth-online.ch\/cvp\/wp-json\/wp\/v2\/tags?post=1051"}],"curies":[{"name":"wp","href":"https:\/\/api.w.org\/{rel}","templated":true}]}}