{"id":1042,"date":"2001-10-31T20:30:40","date_gmt":"2001-10-31T19:30:40","guid":{"rendered":"http:\/\/cvp.arth-online.ch\/?p=1042"},"modified":"2001-10-31T20:30:40","modified_gmt":"2001-10-31T19:30:40","slug":"ja-zum-tierpark-goldau","status":"publish","type":"post","link":"https:\/\/www.arth-online.ch\/cvp\/ja-zum-tierpark-goldau\/","title":{"rendered":"Ja zum Tierpark Goldau"},"content":{"rendered":"<p><strong>Am Freitag, den 26. Oktober 2001, f\u00fchrte die CVP Arth-Oberarth-Goldau im Hotel R\u00f6ssli in Goldau die Generalversammlung 2001 durch. Im Rahmen der statutarischen Gesch\u00e4fte wurden zwei neue Vorstandsmitglie-der gew\u00e4hlt. Die Kantonsr\u00e4te und Gemeinder\u00e4te leisteten einen kurzen Rechenschaftsbericht. Schliesslich wurde \u00fcber die Abstimmungsvorlagen vom 2. Dezember 2001 entschieden. Den kantonalen Vorlagen wurde zugestimmt, w\u00e4hrend bei den Bundesvorlagen einzig die Schuldenbremse gutgeheissen, s\u00e4mtliche Volksinitiativen hingegen verworfen wurden. Diese Woche wird der Kantonsbeitrag von 3 Mio. f\u00fcr den Natur- und Tierpark Goldau genauer betrachtet.<\/strong><\/p>\n<h2>Generalversammlung \/ Jahresr\u00fcckblick 2001<\/h2>\n<p>Die heurige Generalversammlung der CVP Arth-Oberath-Goldau fand am 26. Oktober 2001 im Hotel R\u00f6ssli in Goldau statt. Der Pr\u00e4sident konnte auf ein aktives und erfolgreiches Vereinsjahr zur\u00fcckblicken. Die Beh\u00f6rden- und Verwaltungsreform wurde initiiert. Als Hilfe beim Ausf\u00fcllen der Steuererkl\u00e4rung 2001A wurde im M\u00e4rz 2001 eine \u00f6ffentliche Orientierung organisiert, was auf reges Interesse stiess. An der erfolgreichen \u00fcberparteilichen Veranstaltung zum Finanzausgleichsgesetz im Mai 2001 war die CVP auch beteiligt. Schliesslich wurde die Gr\u00fcndung eines \u00fcberparteilichen Projektteams f\u00fcr eine ausserfamili\u00e4re Kinderbetreuung in die Wege geleitet. Zu guter Letzt hat die CVP die Steuerfussdiskussion in der Gemeinde Arth lanciert und eine Steuersenkung von 40 % verlangt. Die Kasse konnte positiv abschliessen. Doch werden f\u00fcr die vielf\u00e4ltigen Verpflichtungen und Aufgaben auch insk\u00fcnftig die Parteibeitr\u00e4ge bzw. die G\u00f6nnerbeitr\u00e4ge dringend ben\u00f6tigt. Der Mitgliederbeitrag wurde beibehalten.<\/p>\n<h2>Erneuerung des Vorstandes<\/h2>\n<p>Von den bisherigen 14 Vorstandsmitgliedern wurden alt Kantonsrat Erwin Zurfluh und alt Gemeinder\u00e4tin Frieda Kamer sowie Ren\u00e9 Dietiker unter W\u00fcrdigung ihrer grossen Verdienste verabschiedet. Mit Kantonsrat Sepp Reichmuth, Arth, und Heinz N\u00e4f, Goldau, konnte der Vorstand wiederum mit kompetenten und engagierten Mitgliedern aufgestockt werden.<\/p>\n<h2>Ja zum Natur- und Tierpark Goldau<\/h2>\n<p>Mit einem Kantonsbeitrag von 3 Mio. Franken soll der Ausbau des einzigen Zoos der Zentralschweiz von derzeit 23 auf 40 Hektaren unterst\u00fctzt und damit dessen Leistungen f\u00fcr den aktiven Natur- und Artenschutz sowie seine Funktion als beliebtes Freizeit- und Erholungsgebiet anerkannt werden. Bei der Erweiterung des Parkareals wird gleichzeitig ein &#8222;Fenster zur Natur&#8220; im Bergsturzkegel von Goldau geschaffen. Damit das Projekt realisiert werden kann, muss das alte mit dem neuen Parkgel\u00e4nde verbunden werden. Die daf\u00fcr geplante Korrektur und \u00dcberdachung der Kantonsstrasse, der neue Parkeingang und die Parkerweiterung verursachen langfristig Kosten von \u00fcber 30 Mio. Franken, die der Tierpark aus eigener Kraft nicht aufbringen kann. Mit den 3 Mio. Franken soll die Erweiterung des Parks in der kostenintensi-ven Startphase unterst\u00fctzt werden. Der j\u00e4hrlich von \u00fcber 350&#8217;000 Personen besuchte, einzigartige Natur- und Tierpark ist f\u00fcr die Gemeinde Arth und die weitere Umgebung zum Wirtschaftsfaktor und zum touristischen Renner geworden. <strong>Die CVP Arth-Oberarth-Goldau empfiehlt deshalb, dem Kantonsbeitrag von 3 Mio. Franken f\u00fcr den Natur- und Tier-park Goldau zuzustimmen.<\/strong><\/p>\n<h2>Abstimmungsparolen CVP Arth-Oberarth-Goldau f\u00fcr den 2.12.2001<\/h2>\n<div class=\"wc-shortcodes-row wc-shortcodes-item wc-shortcodes-clearfix\">\n<div class=\"wc-shortcodes-column wc-shortcodes-content wc-shortcodes-three-fourth wc-shortcodes-column-first \">\u00c4nderung Pr\u00e4mienverbilligungsgesetz<\/div>\n<div class=\"wc-shortcodes-column wc-shortcodes-content wc-shortcodes-one-fourth wc-shortcodes-column-last \">\n<div class=\"wc-shortcodes-box wc-shortcodes-item wc-shortcodes-content wc-shortcodes-clearfix wc-shortcodes-box-success \" style=\"text-align:center;\"> JA<\/div>\n<\/div>\n<\/div>\n<div class=\"wc-shortcodes-row wc-shortcodes-item wc-shortcodes-clearfix\">\n<div class=\"wc-shortcodes-column wc-shortcodes-content wc-shortcodes-three-fourth wc-shortcodes-column-first \">Kantonsbeitrag von 8 Mio. Fr. f\u00fcr das Kloster Einsiedeln<\/div>\n<div class=\"wc-shortcodes-column wc-shortcodes-content wc-shortcodes-one-fourth wc-shortcodes-column-last \">\n<div class=\"wc-shortcodes-box wc-shortcodes-item wc-shortcodes-content wc-shortcodes-clearfix wc-shortcodes-box-success \" style=\"text-align:center;\"> JA<\/div>\n<\/div>\n<\/div>\n<div class=\"wc-shortcodes-row wc-shortcodes-item wc-shortcodes-clearfix\">\n<div class=\"wc-shortcodes-column wc-shortcodes-content wc-shortcodes-three-fourth wc-shortcodes-column-first \">Kantonsbeitrag von 3 Mio. Fr. f\u00fcr den Natur- und Tierpark Goldau<\/div>\n<div class=\"wc-shortcodes-column wc-shortcodes-content wc-shortcodes-one-fourth wc-shortcodes-column-last \">\n<div class=\"wc-shortcodes-box wc-shortcodes-item wc-shortcodes-content wc-shortcodes-clearfix wc-shortcodes-box-success \" style=\"text-align:center;\"> JA<\/div>\n<\/div>\n<\/div>\n<hr class=\"wc-shortcodes-divider wc-shortcodes-item wc-shortcodes-divider-line-single wc-shortcodes-divider-style-solid \"  \/>\n<div class=\"wc-shortcodes-row wc-shortcodes-item wc-shortcodes-clearfix\">\n<div class=\"wc-shortcodes-column wc-shortcodes-content wc-shortcodes-three-fourth wc-shortcodes-column-first \">Bundesbeschluss \u00fcber die Schuldenbremse<\/div>\n<div class=\"wc-shortcodes-column wc-shortcodes-content wc-shortcodes-one-fourth wc-shortcodes-column-last \">\n<div class=\"wc-shortcodes-box wc-shortcodes-item wc-shortcodes-content wc-shortcodes-clearfix wc-shortcodes-box-success \" style=\"text-align:center;\"> JA<\/div>\n<\/div>\n<\/div>\n<div class=\"wc-shortcodes-row wc-shortcodes-item wc-shortcodes-clearfix\">\n<div class=\"wc-shortcodes-column wc-shortcodes-content wc-shortcodes-three-fourth wc-shortcodes-column-first \">Volksinitiative Energie statt Arbeit besteuern<\/div>\n<div class=\"wc-shortcodes-column wc-shortcodes-content wc-shortcodes-one-fourth wc-shortcodes-column-last \">\n<div class=\"wc-shortcodes-box wc-shortcodes-item wc-shortcodes-content wc-shortcodes-clearfix wc-shortcodes-box-danger \" style=\"text-align:center;\"> NEIN<\/div>\n<\/div>\n<\/div>\n<div class=\"wc-shortcodes-row wc-shortcodes-item wc-shortcodes-clearfix\">\n<div class=\"wc-shortcodes-column wc-shortcodes-content wc-shortcodes-three-fourth wc-shortcodes-column-first \">Volksinitiative Schweiz ohne Armee<\/div>\n<div class=\"wc-shortcodes-column wc-shortcodes-content wc-shortcodes-one-fourth wc-shortcodes-column-last \">\n<div class=\"wc-shortcodes-box wc-shortcodes-item wc-shortcodes-content wc-shortcodes-clearfix wc-shortcodes-box-danger \" style=\"text-align:center;\"> NEIN<\/div>\n<\/div>\n<\/div>\n<div class=\"wc-shortcodes-row wc-shortcodes-item wc-shortcodes-clearfix\">\n<div class=\"wc-shortcodes-column wc-shortcodes-content wc-shortcodes-three-fourth wc-shortcodes-column-first \">Volksinitiative f\u00fcr freiwilligen Zivildienst<\/div>\n<div class=\"wc-shortcodes-column wc-shortcodes-content wc-shortcodes-one-fourth wc-shortcodes-column-last \">\n<div class=\"wc-shortcodes-box wc-shortcodes-item wc-shortcodes-content wc-shortcodes-clearfix wc-shortcodes-box-danger \" style=\"text-align:center;\"> NEIN<\/div>\n<\/div>\n<\/div>\n<div class=\"wc-shortcodes-row wc-shortcodes-item wc-shortcodes-clearfix\">\n<div class=\"wc-shortcodes-column wc-shortcodes-content wc-shortcodes-three-fourth wc-shortcodes-column-first \">Volksinitiative f\u00fcr eine Kapitalgewinnsteuer<\/div>\n<div class=\"wc-shortcodes-column wc-shortcodes-content wc-shortcodes-one-fourth wc-shortcodes-column-last \">\n<div class=\"wc-shortcodes-box wc-shortcodes-item wc-shortcodes-content wc-shortcodes-clearfix wc-shortcodes-box-danger \" style=\"text-align:center;\"> NEIN<\/div>\n<\/div>\n<\/div>\n","protected":false},"excerpt":{"rendered":"<p>Am Freitag, den 26. Oktober 2001, f\u00fchrte die CVP Arth-Oberarth-Goldau im Hotel R\u00f6ssli in Goldau die Generalversammlung 2001 durch. Im Rahmen der statutarischen Gesch\u00e4fte wurden zwei neue Vorstandsmitglie-der gew\u00e4hlt. Die Kantonsr\u00e4te und Gemeinder\u00e4te leisteten einen kurzen Rechenschaftsbericht. Schliesslich wurde \u00fcber die Abstimmungsvorlagen vom 2. Dezember 2001 entschieden. Den kantonalen Vorlagen wurde zugestimmt, w\u00e4hrend bei den &hellip; <a href=\"https:\/\/www.arth-online.ch\/cvp\/ja-zum-tierpark-goldau\/\" class=\"more-link\"><span class=\"screen-reader-text\">\u201eJa zum Tierpark Goldau\u201c <\/span>weiterlesen<\/a><\/p>\n","protected":false},"author":1,"featured_media":0,"comment_status":"closed","ping_status":"closed","sticky":false,"template":"","format":"standard","meta":{"ngg_post_thumbnail":0,"footnotes":""},"categories":[2,4],"tags":[],"class_list":["post-1042","post","type-post","status-publish","format-standard","hentry","category-abstimmungsempfehlungen","category-gv"],"_links":{"self":[{"href":"https:\/\/www.arth-online.ch\/cvp\/wp-json\/wp\/v2\/posts\/1042","targetHints":{"allow":["GET"]}}],"collection":[{"href":"https:\/\/www.arth-online.ch\/cvp\/wp-json\/wp\/v2\/posts"}],"about":[{"href":"https:\/\/www.arth-online.ch\/cvp\/wp-json\/wp\/v2\/types\/post"}],"author":[{"embeddable":true,"href":"https:\/\/www.arth-online.ch\/cvp\/wp-json\/wp\/v2\/users\/1"}],"replies":[{"embeddable":true,"href":"https:\/\/www.arth-online.ch\/cvp\/wp-json\/wp\/v2\/comments?post=1042"}],"version-history":[{"count":0,"href":"https:\/\/www.arth-online.ch\/cvp\/wp-json\/wp\/v2\/posts\/1042\/revisions"}],"wp:attachment":[{"href":"https:\/\/www.arth-online.ch\/cvp\/wp-json\/wp\/v2\/media?parent=1042"}],"wp:term":[{"taxonomy":"category","embeddable":true,"href":"https:\/\/www.arth-online.ch\/cvp\/wp-json\/wp\/v2\/categories?post=1042"},{"taxonomy":"post_tag","embeddable":true,"href":"https:\/\/www.arth-online.ch\/cvp\/wp-json\/wp\/v2\/tags?post=1042"}],"curies":[{"name":"wp","href":"https:\/\/api.w.org\/{rel}","templated":true}]}}