{"id":1006,"date":"2001-02-22T18:27:41","date_gmt":"2001-02-22T17:27:41","guid":{"rendered":"http:\/\/cvp.arth-online.ch\/?p=1006"},"modified":"2001-02-22T18:27:41","modified_gmt":"2001-02-22T17:27:41","slug":"nein-zu-generell-tempo-30-innerorts","status":"publish","type":"post","link":"https:\/\/www.arth-online.ch\/cvp\/nein-zu-generell-tempo-30-innerorts\/","title":{"rendered":"Nein zu generell Tempo 30 innerorts!"},"content":{"rendered":"<p><strong>Am Abstimmungswochenende vom 4. M\u00e4rz 2001 ist \u00fcber die Initiative &#8222;Ja zu Europa&#8220;, die Initiative &#8222;f\u00fcr tiefere Arzneimittelpreise&#8220; und die Initiative &#8222;Strassen f\u00fcr alle&#8220; zu entscheiden. Dar\u00fcber hinaus ist \u00fcber den Verpflichtungskredit von Fr. 510&#8217;000.\u2014 f\u00fcr die Sanierung des Kindergartens Oberarth zu befinden. Die CVP Arth-Oberarth-Goldau empfiehlt f\u00fcr alle drei Initiativen die Nein-Parole, f\u00fcr den Kindergarten Oberarth hingegen die Ja-Parole. Diese Woche wird die Initiative &#8222;Strassen f\u00fcr alle&#8220; genauer betrachtet.<\/strong><\/p>\n<h2>Absicht der Initiative<\/h2>\n<p>Die Initiative verlangt, dass innerorts generell d.h. fl\u00e4chendeckend Tempo 30 gelten soll. Ausnahmsweise k\u00f6nnten in begr\u00fcndeten F\u00e4llen, d.h. nur sehr restriktiv, h\u00f6here Tempolimiten festgelegt werden. <\/p>\n<h2>Behinderung des Verkehrs<\/h2>\n<p>Die generelle Festlegung der Tempolimiten innerorts auf 30 km\/h w\u00fcrde den Verkehr durch die Ortschaften massiv verlangsamen und damit behindern. Davon w\u00e4re insbesondere auch der \u00f6ffentliche Verkehr betroffen. Kommt hinzu, dass zur Durchsetzung von generell 30 massive bauliche Massnahmen (Verengungen, Schwellen, etc.) n\u00f6tig w\u00e4ren, was betr\u00e4chtliche Kosten verursachen w\u00fcrde. <\/p>\n<h2>Verkehrssicherheit durch gezielte Massnahmen<\/h2>\n<p>Die st\u00e4ndige Erh\u00f6hung bzw. Verbesserung der Verkehrssicherheit ist als Anliegen unbestritten. Allerdings, und dies ist entscheidend, sind dazu gezielte Massnahmen entsprechend den konkreten Bed\u00fcrfnissen zu treffen. Im Rahmen solcher Massnahmen sind Zonen mit Limiten von 30 km\/h denkbar. Der Entscheid dar\u00fcber ist den \u00f6rtlichen Beh\u00f6rden zu \u00fcberlassen. <\/p>\n<h2>Fazit<\/h2>\n<p>Die Initiative f\u00fcr generell Tempo 30 schiesst weit \u00fcber das Ziel hinaus. Eine generelle Beschr\u00e4nkung innerorts behindert den gesamten Verkehr massiv und ist mit vern\u00fcnftigem Aufwand nicht durchzusetzen. Die CVP Arth-Oberarth-Goldau empfiehlt deshalb die Ablehnung der Initiative &#8222;f\u00fcr mehr Verkehrssicherheit durch Tempo 30 innerorts mit Ausnahmen (Strassen f\u00fcr alle)&#8220;.<\/p>\n<h2>Abstimmungsparolen CVP Arth-Oberarth-Goldau f\u00fcr den 04.03.2001<\/h2>\n<div class=\"wc-shortcodes-row wc-shortcodes-item wc-shortcodes-clearfix\">\n<div class=\"wc-shortcodes-column wc-shortcodes-content wc-shortcodes-three-fourth wc-shortcodes-column-first \">Initiative &#8222;Ja zu Europa&#8220;<\/div>\n<div class=\"wc-shortcodes-column wc-shortcodes-content wc-shortcodes-one-fourth wc-shortcodes-column-last \">\n<div class=\"wc-shortcodes-box wc-shortcodes-item wc-shortcodes-content wc-shortcodes-clearfix wc-shortcodes-box-danger \" style=\"text-align:center;\"> NEIN<\/div>\n<\/div>\n<\/div>\n<div class=\"wc-shortcodes-row wc-shortcodes-item wc-shortcodes-clearfix\">\n<div class=\"wc-shortcodes-column wc-shortcodes-content wc-shortcodes-three-fourth wc-shortcodes-column-first \">Initiative &#8222;f\u00fcr tiefere Arzneimittelpreise&#8220;<\/div>\n<div class=\"wc-shortcodes-column wc-shortcodes-content wc-shortcodes-one-fourth wc-shortcodes-column-last \">\n<div class=\"wc-shortcodes-box wc-shortcodes-item wc-shortcodes-content wc-shortcodes-clearfix wc-shortcodes-box-danger \" style=\"text-align:center;\"> NEIN<\/div>\n<\/div>\n<\/div>\n<div class=\"wc-shortcodes-row wc-shortcodes-item wc-shortcodes-clearfix\">\n<div class=\"wc-shortcodes-column wc-shortcodes-content wc-shortcodes-three-fourth wc-shortcodes-column-first \">Initiative &#8222;Strassen f\u00fcr alle&#8220;<\/div>\n<div class=\"wc-shortcodes-column wc-shortcodes-content wc-shortcodes-one-fourth wc-shortcodes-column-last \">\n<div class=\"wc-shortcodes-box wc-shortcodes-item wc-shortcodes-content wc-shortcodes-clearfix wc-shortcodes-box-danger \" style=\"text-align:center;\"> NEIN<\/div>\n<\/div>\n<\/div>\n<hr class=\"wc-shortcodes-divider wc-shortcodes-item wc-shortcodes-divider-line-single wc-shortcodes-divider-style-solid \"  \/>\n<div class=\"wc-shortcodes-row wc-shortcodes-item wc-shortcodes-clearfix\">\n<div class=\"wc-shortcodes-column wc-shortcodes-content wc-shortcodes-three-fourth wc-shortcodes-column-first \">Sanierung Kindergarten Oberarth<\/div>\n<div class=\"wc-shortcodes-column wc-shortcodes-content wc-shortcodes-one-fourth wc-shortcodes-column-last \">\n<div class=\"wc-shortcodes-box wc-shortcodes-item wc-shortcodes-content wc-shortcodes-clearfix wc-shortcodes-box-success \" style=\"text-align:center;\"> JA<\/div>\n<\/div>\n<\/div>\n","protected":false},"excerpt":{"rendered":"<p>Am Abstimmungswochenende vom 4. M\u00e4rz 2001 ist \u00fcber die Initiative &#8222;Ja zu Europa&#8220;, die Initiative &#8222;f\u00fcr tiefere Arzneimittelpreise&#8220; und die Initiative &#8222;Strassen f\u00fcr alle&#8220; zu entscheiden. Dar\u00fcber hinaus ist \u00fcber den Verpflichtungskredit von Fr. 510&#8217;000.\u2014 f\u00fcr die Sanierung des Kindergartens Oberarth zu befinden. Die CVP Arth-Oberarth-Goldau empfiehlt f\u00fcr alle drei Initiativen die Nein-Parole, f\u00fcr den &hellip; <a href=\"https:\/\/www.arth-online.ch\/cvp\/nein-zu-generell-tempo-30-innerorts\/\" class=\"more-link\"><span class=\"screen-reader-text\">\u201eNein zu generell Tempo 30 innerorts!\u201c <\/span>weiterlesen<\/a><\/p>\n","protected":false},"author":1,"featured_media":0,"comment_status":"closed","ping_status":"closed","sticky":false,"template":"","format":"standard","meta":{"ngg_post_thumbnail":0,"footnotes":""},"categories":[1],"tags":[],"class_list":["post-1006","post","type-post","status-publish","format-standard","hentry","category-allgemein"],"_links":{"self":[{"href":"https:\/\/www.arth-online.ch\/cvp\/wp-json\/wp\/v2\/posts\/1006","targetHints":{"allow":["GET"]}}],"collection":[{"href":"https:\/\/www.arth-online.ch\/cvp\/wp-json\/wp\/v2\/posts"}],"about":[{"href":"https:\/\/www.arth-online.ch\/cvp\/wp-json\/wp\/v2\/types\/post"}],"author":[{"embeddable":true,"href":"https:\/\/www.arth-online.ch\/cvp\/wp-json\/wp\/v2\/users\/1"}],"replies":[{"embeddable":true,"href":"https:\/\/www.arth-online.ch\/cvp\/wp-json\/wp\/v2\/comments?post=1006"}],"version-history":[{"count":0,"href":"https:\/\/www.arth-online.ch\/cvp\/wp-json\/wp\/v2\/posts\/1006\/revisions"}],"wp:attachment":[{"href":"https:\/\/www.arth-online.ch\/cvp\/wp-json\/wp\/v2\/media?parent=1006"}],"wp:term":[{"taxonomy":"category","embeddable":true,"href":"https:\/\/www.arth-online.ch\/cvp\/wp-json\/wp\/v2\/categories?post=1006"},{"taxonomy":"post_tag","embeddable":true,"href":"https:\/\/www.arth-online.ch\/cvp\/wp-json\/wp\/v2\/tags?post=1006"}],"curies":[{"name":"wp","href":"https:\/\/api.w.org\/{rel}","templated":true}]}}