{"id":6531,"date":"2024-04-19T16:14:29","date_gmt":"2024-04-19T14:14:29","guid":{"rendered":"https:\/\/www.arth-online.ch\/svp\/?p=6531"},"modified":"2024-04-19T16:14:29","modified_gmt":"2024-04-19T14:14:29","slug":"schwyzer-regierung-und-gemeinderat-muessen-entscheid-revidieren","status":"publish","type":"post","link":"http:\/\/www.arth-online.ch\/svp\/schwyzer-regierung-und-gemeinderat-muessen-entscheid-revidieren\/","title":{"rendered":"Schwyzer Regierung und Gemeinderat m\u00fcssen Entscheid revidieren!"},"content":{"rendered":"<p>MEDIENMITTEILUNG<\/p>\n<p><strong style=\"font-size:125%\">Am 17. April 2024 hat in Oberarth eine gemeinsame Informationsveranstaltung mit den zust\u00e4ndigen Bundesbeh\u00f6rden, dem Regierungsrat und dem Gemeinderat Arth zum geplanten Bundesasylzentrum in Buosingen stattgefunden. Die Verantwortlichen bedienen sich einer masslosen Sch\u00f6nf\u00e4rberei und bringen zum Ausdruck, dass die W\u00fcrfel in Bezug auf den politischen Entscheid bereits gefallen seien. Die SVP ist nicht bereit, dies zu akzeptieren!<\/strong><\/p>\n<figure id=\"attachment_6532\" aria-describedby=\"caption-attachment-6532\" style=\"width: 720px\" class=\"wp-caption alignnone\"><img loading=\"lazy\" decoding=\"async\" src=\"http:\/\/www.arth-online.ch\/svp\/wp-content\/uploads\/sites\/2\/2024\/04\/MM-SZ-240419-720x405-1.jpg\" alt=\"\" width=\"720\" height=\"405\" class=\"size-full wp-image-6532\" srcset=\"http:\/\/www.arth-online.ch\/svp\/wp-content\/uploads\/sites\/2\/2024\/04\/MM-SZ-240419-720x405-1.jpg 720w, http:\/\/www.arth-online.ch\/svp\/wp-content\/uploads\/sites\/2\/2024\/04\/MM-SZ-240419-720x405-1-300x169.jpg 300w\" sizes=\"auto, (max-width: 709px) 85vw, (max-width: 909px) 67vw, (max-width: 984px) 61vw, (max-width: 1362px) 45vw, 600px\" \/><figcaption id=\"caption-attachment-6532\" class=\"wp-caption-text\">Rund 1000 Teilnehmer an der Info-Veranstaltung in Arth zum geplanten BAZ Buosingen<\/figcaption><\/figure>\n<p>Das Staatssekretariat f\u00fcr Migration (SEM) hat zusammen mit Vertretern der Regierung und des Gemeinderates Arth am 17. April zu einer \u00f6ffentlichen Infoveranstaltung zum geplanten Bundesasylzentrum in Buosingen eingeladen. Hunderte verunsicherte und besorgte B\u00fcrger haben an dieser Veranstaltung teilgenommen. Fast 1 \u00bd Stunden lang haben verschiedene Beh\u00f6rdenvertreter versucht das Projekt der Bev\u00f6lkerung schmackhaft zu machen.<\/p>\n<p>Nach den einleitenden Erl\u00e4uterungen wurde das Wort ge\u00f6ffnet, und auf viele kritische Fragen wussten die Verantwortlichen keine richtigen Antworten. Man sp\u00fcrte richtiggehend die Verunsicherung bei den Beh\u00f6rden. So blieb beispielsweise die Frage nach den Kosten, welches dieses Zentrum verursacht, unbeantwortet. Ebenfalls wollte man keine Auskunft geben, f\u00fcr wieviel Geld der Bund die Liegenschaft in Buosingen kaufen will. Schlussendlich kam zum Ausdruck, dass nach Ansicht der Verantwortlichen die W\u00fcrfel, in Bezug auf den politischen Entscheid, bereits gefallen sind. Das SEM hat dazu mit dem Kanton und der Gemeinde Arth eine Vereinbarung geschlossen. Nach den Aussagen der Referenten hat die Bev\u00f6lkerung dazu nichts mehr zu sagen.<\/p>\n<p>Aus Sicht der SVP ist dieses Vorgehen ein Affront und inakzeptabel. Mit dem BAZ Buosingen wird die betroffene Bev\u00f6lkerung komplett vor vollendete Tatsachen gestellt. Die SVP ist daher klar der Ansicht, dass sowohl Regierungsrat wie auch der Gemeinderat Arth, den Entscheid f\u00fcr das Bundesasylzentrum revidieren oder frisch zur Debatte stellen m\u00fcssen.<\/p>\n<p>Nach geltendem Asylgesetz (Art. 24 Abs. 2 AsylG) werden Kantone und Gemeinden in die Planung von Bundesasylzentren miteinbezogen. Deshalb m\u00fcssen sowohl der Kanton wie auch die Gemeinde Arth mit sofortiger Wirkung ihren Entscheid \u00fcberdenken und die Vereinbarung mit dem Bund in Sachen Buosingen wieder r\u00fcckg\u00e4ngig machen.<\/p>\n<p><em>SVP Kanton Schwyz<\/em><\/p>\n<p>Quelle: <a href=\"https:\/\/www.svp-sz.ch\/medienmitteilungen\/schwyzer-regierung-und-gemeinderat-muessen-entscheid-revidieren\/\">https:\/\/www.svp-sz.ch\/medienmitteilungen\/schwyzer-regierung-und-gemeinderat-muessen-entscheid-revidieren\/<\/a><\/p>\n","protected":false},"excerpt":{"rendered":"<p>MEDIENMITTEILUNG Am 17. April 2024 hat in Oberarth eine gemeinsame Informationsveranstaltung mit den zust\u00e4ndigen Bundesbeh\u00f6rden, dem Regierungsrat und dem Gemeinderat Arth zum geplanten Bundesasylzentrum in Buosingen stattgefunden. Die Verantwortlichen bedienen &hellip; <a href=\"http:\/\/www.arth-online.ch\/svp\/schwyzer-regierung-und-gemeinderat-muessen-entscheid-revidieren\/\" class=\"more-link\"><span class=\"screen-reader-text\">\u201eSchwyzer Regierung und Gemeinderat m\u00fcssen Entscheid revidieren!\u201c <\/span>weiterlesen<\/a><\/p>\n","protected":false},"author":1,"featured_media":0,"comment_status":"open","ping_status":"open","sticky":false,"template":"","format":"standard","meta":{"ngg_post_thumbnail":0,"footnotes":"","_links_to":"","_links_to_target":""},"categories":[6],"tags":[],"class_list":["post-6531","post","type-post","status-publish","format-standard","hentry","category-kantonalpartei"],"distributor_meta":false,"distributor_terms":false,"distributor_media":false,"distributor_original_site_name":"SVP Arth-Oberarth-Goldau","distributor_original_site_url":"http:\/\/www.arth-online.ch\/svp","push-errors":false,"_links":{"self":[{"href":"http:\/\/www.arth-online.ch\/svp\/wp-json\/wp\/v2\/posts\/6531","targetHints":{"allow":["GET"]}}],"collection":[{"href":"http:\/\/www.arth-online.ch\/svp\/wp-json\/wp\/v2\/posts"}],"about":[{"href":"http:\/\/www.arth-online.ch\/svp\/wp-json\/wp\/v2\/types\/post"}],"author":[{"embeddable":true,"href":"http:\/\/www.arth-online.ch\/svp\/wp-json\/wp\/v2\/users\/1"}],"replies":[{"embeddable":true,"href":"http:\/\/www.arth-online.ch\/svp\/wp-json\/wp\/v2\/comments?post=6531"}],"version-history":[{"count":1,"href":"http:\/\/www.arth-online.ch\/svp\/wp-json\/wp\/v2\/posts\/6531\/revisions"}],"predecessor-version":[{"id":6533,"href":"http:\/\/www.arth-online.ch\/svp\/wp-json\/wp\/v2\/posts\/6531\/revisions\/6533"}],"wp:attachment":[{"href":"http:\/\/www.arth-online.ch\/svp\/wp-json\/wp\/v2\/media?parent=6531"}],"wp:term":[{"taxonomy":"category","embeddable":true,"href":"http:\/\/www.arth-online.ch\/svp\/wp-json\/wp\/v2\/categories?post=6531"},{"taxonomy":"post_tag","embeddable":true,"href":"http:\/\/www.arth-online.ch\/svp\/wp-json\/wp\/v2\/tags?post=6531"}],"curies":[{"name":"wp","href":"https:\/\/api.w.org\/{rel}","templated":true}]}}